
{"id":69,"date":"2006-06-21T00:15:00","date_gmt":"2006-06-20T22:15:00","guid":{"rendered":"http:\/\/passent.blog.polityka.pl\/?p=69"},"modified":"2006-06-21T10:33:03","modified_gmt":"2006-06-21T08:33:03","slug":"dmuchac-na-zimne","status":"publish","type":"post","link":"https:\/\/blog.polityka.pl\/passent\/2006\/06\/21\/dmuchac-na-zimne\/","title":{"rendered":"Dmucha\u0107 na zimne"},"content":{"rendered":"<p><a href=\"http:\/\/szostkiewicz.blog.polityka.pl\/?p=27\">Rezolucja Parlamentu Europejskiego<\/a>,\u00a0kt\u00f3ra wymienia nasz kraj jako jeden z tych, gdzie nast\u0105pi\u0142 wzrost nietolerancji, homofobii i ksenofobii, zosta\u0142a w Polsce zdecydowanie odrzucona. Od rezolucji odci\u0105\u0142 si\u0119 nie tylko premier Marcinkiewicz, kt\u00f3ry nie stwierdza w Polsce takich przypadk\u00f3w, ale nawet taki powa\u017cny cz\u0142owiek jak prof. Adam Daniel Rotfeld (minister Spraw Zagranicznych w rz\u0105dzi Marka Belki), a tak\u017ce odwa\u017cna zazwyczaj Monika Olejnik, kt\u00f3ra nie mog\u0142a wybaczy\u0107 lewicowym eurodeputowanym z Polski poparcia dla tej rezolucji, jak gdyby byli zdrajcami.<\/p>\n<p>Moja opinia jest nast\u0119puj\u0105ca: w skali masowej nie s\u0105 to jeszcze problemy, kt\u00f3re sp\u0119dzaj\u0105 mi sen z powiek. Dostrzegam nawet zjawiska, kt\u00f3re dodaj\u0105 otuchy: prezydent Kaczy\u0144ski i premier Marcinkiewicz prawid\u0142owo zareagowali na pobicie rabina. Wszcz\u0119te zosta\u0142o \u015aledztwo. Parady r\u00f3wno\u015bci by\u0142y w tym roku legalne. Szykuje si\u0119 budowa Muzeum Historii \u017byd\u00f3w w Warszawie. Ujawnienie zbrodni w Jedwabnem ma historyczne znaczenie.<\/p>\n<p>Ale to nie pow\u00f3d, by \u015bwi\u0119towa\u0107 i pa\u0142a\u0107 \u015bwi\u0119tym oburzeniem na Europ\u0119. W jednej z bardziej s\u0142uchanych (tak\u017ce przez rz\u0105d) rozg\u0142o\u015bni, Radiu Maryja, felietonista Stanis\u0142aw Michalkiewicz ostrzega przed skradaj\u0105c\u0105 si\u0119 Jude\u0105. Wiceprzewodnicz\u0105cy wsp\u00f3\u0142rz\u0105dz\u0105cej LPR m\u00f3wi, \u017ce dewiant\u00f3w, kt\u00f3rzy narusz\u0105 prawo, nale\u017cy zla\u0107 pa\u0142ami. Na obchodach rocznicy Czerwca &#8217;76 weteran opozycji, kt\u00f3ry przemawia w imieniu uczestnik\u00f3w zaj\u015b\u0107 sprzed 30 lat, oburza si\u0119 na \u2018garbatonosych\u2019, kt\u00f3rzy sprawuj\u0105 w\u0142adz\u0119. Obecny przy tym\u00a0 by\u0142y premier, obecnie doradca prezydenta, Jan\u00a0 Olszewski, sk\u0142ada te s\u0142owa na karb frustracji. Naczelnego rabina potr\u0105cono w centrum stolicy, wo\u0142aj\u0105c \u2018Polska dla Polak\u00f3w\u2019. W \u0141odzi i innych miastach tylko \u015blepy nie zauwa\u017cy napis\u00f3w na murach\u00a0 w rodzaju \u201eWidzew \u2013 \u017bydzew\u201d. Przeprosiny Aleksandra Kwa\u015bniewskiego za Jedwabne wzbudzi\u0142y protesty. Jeszcze rok temu prezydenci kilku miast, w tym stolicy, zakazywali \u2018parady r\u00f3wno\u015bci\u2019. Wy\u015bmiewanie \u201eGazety Koszernej\u201d uchodzi za dopuszczalne. Popularny dziennikarz TVN, Andrzej Morozowski (\u2018Teraz My\u2019), aby przezwyci\u0119\u017cy\u0107 strach, g\u0142o\u015bno, niemal ostentacyjnie przyznaje si\u0119 do swoich \u017cydowskich korzeni, a ludzie gratuluj\u0105 mu\u00a0 odwagi. W do\u015b\u0107 dwuznaczny spos\u00f3b Morozowski pisze w \u201eGazecie\u201d: \u201eMo\u017ce ta rezolucja (Parlamentu Europejskiego) przyczyni si\u0119 do wyplenienia resztek nietolerancji, jaka jeszcze w Polsce istnieje. Ciesz\u0119 si\u0119, gdy s\u0142ysz\u0119 g\u0142osy oburzenia na t\u0119 rezolucj\u0119. Chcia\u0142bym bowiem, aby ka\u017cdy na ni\u0105 zareagowa\u0142. Nie chcia\u0142bym tylko, aby\u015bmy my, Polacy, przeszli obok niej oboj\u0119tnie.\u201d<\/p>\n<p>A ja nie ciesz\u0119 si\u0119, gdy s\u0142ysz\u0119 g\u0142osy oburzenia na t\u0119 rezolucj\u0119. Martwi mnie, \u017ce Andrzej Morozowski czuje si\u0119 zmuszony podkre\u015bla\u0107 swoje pochodzenie. Ciesz\u0119 si\u0119 natomiast, kiedy uczciwi ludzie w Polsce i w Europie pot\u0119piaj\u0105 nietolerancje i ksenofobi\u0119. Prawdziwa cnota krytyk si\u0119 nie boi. Lepiej dmucha\u0107 na zimne.<\/p>\n","protected":false},"excerpt":{"rendered":"<p>Rezolucja Parlamentu Europejskiego,\u00a0kt\u00f3ra wymienia nasz kraj jako jeden z tych, gdzie nast\u0105pi\u0142 wzrost nietolerancji, homofobii i ksenofobii, zosta\u0142a w Polsce zdecydowanie odrzucona. Od rezolucji odci\u0105\u0142 si\u0119 nie tylko premier Marcinkiewicz, kt\u00f3ry nie stwierdza w Polsce takich przypadk\u00f3w, ale nawet taki powa\u017cny cz\u0142owiek jak prof. Adam Daniel Rotfeld (minister Spraw Zagranicznych w rz\u0105dzi Marka Belki), a [&hellip;]<\/p>\n","protected":false},"author":4,"featured_media":0,"comment_status":"open","ping_status":"open","sticky":false,"template":"","format":"standard","meta":{"footnotes":""},"categories":[1],"tags":[],"_links":{"self":[{"href":"https:\/\/blog.polityka.pl\/passent\/wp-json\/wp\/v2\/posts\/69"}],"collection":[{"href":"https:\/\/blog.polityka.pl\/passent\/wp-json\/wp\/v2\/posts"}],"about":[{"href":"https:\/\/blog.polityka.pl\/passent\/wp-json\/wp\/v2\/types\/post"}],"author":[{"embeddable":true,"href":"https:\/\/blog.polityka.pl\/passent\/wp-json\/wp\/v2\/users\/4"}],"replies":[{"embeddable":true,"href":"https:\/\/blog.polityka.pl\/passent\/wp-json\/wp\/v2\/comments?post=69"}],"version-history":[{"count":0,"href":"https:\/\/blog.polityka.pl\/passent\/wp-json\/wp\/v2\/posts\/69\/revisions"}],"wp:attachment":[{"href":"https:\/\/blog.polityka.pl\/passent\/wp-json\/wp\/v2\/media?parent=69"}],"wp:term":[{"taxonomy":"category","embeddable":true,"href":"https:\/\/blog.polityka.pl\/passent\/wp-json\/wp\/v2\/categories?post=69"},{"taxonomy":"post_tag","embeddable":true,"href":"https:\/\/blog.polityka.pl\/passent\/wp-json\/wp\/v2\/tags?post=69"}],"curies":[{"name":"wp","href":"https:\/\/api.w.org\/{rel}","templated":true}]}}