
{"id":690,"date":"2010-04-21T11:51:15","date_gmt":"2010-04-21T09:51:15","guid":{"rendered":"http:\/\/passent.blog.polityka.pl\/?p=690"},"modified":"2010-04-22T12:53:06","modified_gmt":"2010-04-22T10:53:06","slug":"halo-tu-goebbels","status":"publish","type":"post","link":"https:\/\/blog.polityka.pl\/passent\/2010\/04\/21\/halo-tu-goebbels\/","title":{"rendered":"Halo, tu Goebbels"},"content":{"rendered":"<p>\u00a0<\/p>\n<p class=\"MsoNormal\">W dzisiejszej \u201eRz.\u201d (21.04) ukaza\u0142 si\u0119 niewiarygodny \u2013 nawet jak na t\u0119 gazet\u0119 \u2013 artyku\u0142 Marka Magierowskiego, zast\u0119pcy redaktora naczelnego, pt. <em>\u201eMa\u0142e studium k\u0142amstwa wawelskiego. Sam doktor Goebbels nie powstydzi\u0142by si\u0119 tej medialnej operacji\u201d<\/em>.<\/p>\n<p class=\"MsoNormal\">\n<p class=\"MsoNormal\">Gor\u0105co zach\u0119cam do lektury tej publikacji. M.M. zebra\u0142 oko\u0142o 20 fragment\u00f3w wypowiedzi krytycznych na temat poch\u00f3wku na Wawelu, podkre\u015bli\u0142 zw\u0142aszcza fragmenty dotycz\u0105ce udzia\u0142u Jaros\u0142awa Kaczy\u0144skiego w tej decyzji, a na zako\u0144czenie poda\u0142 utrzymane w tym duchu g\u0142osy prasy zagranicznej (w domy\u015ble: k\u0142amstwo wawelskie zosta\u0142o wyeksportowane).<\/p>\n<p class=\"MsoNormal\">\n<p class=\"MsoNormal\">Kim s\u0105 uczniowie Goebbelsa? Adam Szostkiewicz (\u201eplan czysto polityczny\u2026 zrodzony w kr\u0119gu rodziny tragicznie zmar\u0142ego prezydenta), Magdalena \u015aroda (\u201eprezes PIS postawi\u0142 wszystkich pod murem\u201d), Piotr Balcerowicz (\u201erodzina dokonuje nadu\u017cycia\u2026 nie upolitycznia\u0107 tej tragedii\u201d), W. Godzic (\u201ezagrywka polityczna\u201d),<span> <\/span>bloger \u2018Azrael\u2019 (nie mo\u017cna od trzech dni ustali\u0107, kto za ta decyzj\u0105 stoi\u201d), Magdalena Tulli<span> <\/span>(wg pog\u0142osek \u201einicjatyw wysz\u0142a ze sztabu wyborczego Kaczy\u0144skich\u201d) i inni.<\/p>\n<p class=\"MsoNormal\">\n<p class=\"MsoNormal\">M\u00f3j komentarz:<\/p>\n<p class=\"MsoNormal\">1. Marek Magierowski nie podaje, kto podj\u0105\u0142 kontrowersyjn\u0105 decyzj\u0119, zamiast tego kieruje uwag\u0119 na jej przeciwnik\u00f3w. Dlaczego autorzy decyzji nie chc\u0105 si\u0119 ujawni\u0107? Kardyna\u0142 m\u00f3wi, \u017ce to nie by\u0142a jego inicjatywa, ale rozmawia\u0142 z rz\u0105dem i z Rodzin\u0105 Zmar\u0142ego. Rz\u0105d umywa r\u0119ce, a temu, \u017ce by\u0142a to decyzja Rodziny wyra\u017anie zaprzecza Magierowski. Pozostaje Duch \u015awi\u0119ty.<\/p>\n<p class=\"MsoNormal\">2. Zarzut eksportu wrednych my\u015bli do prasy zachodniej nie jest nowy. To by\u0142a obsesja w\u0142adz przed 1989 rokiem, w\u015bciek\u0142ych na to, \u017ce Geremek, Kuro\u0144 i Michnik szkaluj\u0105 Ludow\u0105 Ojczyzn\u0119.<\/p>\n<p class=\"MsoNormal\">3. Artyku\u0142 M.M., przyr\u00f3wnuj\u0105cy inaczej my\u015bl\u0105cych do szko\u0142y Goebbelsa, obok wiersza J.M.<span> <\/span>Rymkiewicza (\u201eTo co nas podzieli\u0142o \u2013 to si\u0119 ju\u017c nie sklei \/ Nie mo\u017cna odda\u0107 Polski w r\u0119ce jej z\u0142odziei\u201d)<span> <\/span>pokazuje, ile warte jest gadanie o tym, \u017ce w obliczu tragedii nale\u017cy zachowa\u0107 powag\u0119, pow\u015bci\u0105gliwo\u015b\u0107, szanowa\u0107 inaczej my\u015bl\u0105cych i podobne trelemorele.<\/p>\n<p class=\"MsoNormal\">4. Moja opinia: Mam wra\u017cenie, \u017ce Rodzina nie by\u0142a inicjatork\u0105 poch\u00f3wku na Wawelu, ale bez jej zgody na pewno nie by\u0142oby to mo\u017cliwe. Wi\u0119c M.M. niepotrzebnie rzuca Goebbelsami.<\/p>\n<p class=\"MsoNormal\">5. Nie jestem zazdrosny, ale dobieraj\u0105c uczni\u00f3w Goebbelsa, red. Magierowski pomin\u0105\u0142 m\u00f3j g\u0142os w sprawie poch\u00f3wku na Wawelu, mimo, \u017ce by\u0142em jednym z pierwszych. Decyzja kardyna\u0142a Dziwisza zosta\u0142a og\u0142oszona o godzinie 18.00,<span> <\/span>a ja by\u0142em w TVN 24 o godz. 18.30 w programie Skaner Polityczny, w kt\u00f3rym powiedzia\u0142em co\u015b strasznego, \u017ce kardyna\u0142 wzywa\u0142 do jedno\u015bci, a podj\u0105\u0142 decyzj\u0119, kt\u00f3ra podzieli Polak\u00f3w. Doda\u0142em, \u017ce Wawel wskazuje, i\u017c Jaros\u0142aw Kaczy\u0144ski b\u0119dzie kandydowa\u0142. Tylko tyle. (Piotr Skwieci\u0144ski, redakcyjny kolega M.M, kt\u00f3ry ze mn\u0105 dyskutowa\u0142 w studio, na pewno za\u015bwiadczy, nie m\u00f3wi\u0105c ju\u017c o telewidzach). Moje miejsce jest na li\u015bcie.<\/p>\n","protected":false},"excerpt":{"rendered":"<p>\u00a0 W dzisiejszej \u201eRz.\u201d (21.04) ukaza\u0142 si\u0119 niewiarygodny \u2013 nawet jak na t\u0119 gazet\u0119 \u2013 artyku\u0142 Marka Magierowskiego, zast\u0119pcy redaktora naczelnego, pt. \u201eMa\u0142e studium k\u0142amstwa wawelskiego. Sam doktor Goebbels nie powstydzi\u0142by si\u0119 tej medialnej operacji\u201d. Gor\u0105co zach\u0119cam do lektury tej publikacji. M.M. zebra\u0142 oko\u0142o 20 fragment\u00f3w wypowiedzi krytycznych na temat poch\u00f3wku na Wawelu, podkre\u015bli\u0142 zw\u0142aszcza [&hellip;]<\/p>\n","protected":false},"author":4,"featured_media":0,"comment_status":"open","ping_status":"open","sticky":false,"template":"","format":"standard","meta":{"footnotes":""},"categories":[1],"tags":[],"_links":{"self":[{"href":"https:\/\/blog.polityka.pl\/passent\/wp-json\/wp\/v2\/posts\/690"}],"collection":[{"href":"https:\/\/blog.polityka.pl\/passent\/wp-json\/wp\/v2\/posts"}],"about":[{"href":"https:\/\/blog.polityka.pl\/passent\/wp-json\/wp\/v2\/types\/post"}],"author":[{"embeddable":true,"href":"https:\/\/blog.polityka.pl\/passent\/wp-json\/wp\/v2\/users\/4"}],"replies":[{"embeddable":true,"href":"https:\/\/blog.polityka.pl\/passent\/wp-json\/wp\/v2\/comments?post=690"}],"version-history":[{"count":0,"href":"https:\/\/blog.polityka.pl\/passent\/wp-json\/wp\/v2\/posts\/690\/revisions"}],"wp:attachment":[{"href":"https:\/\/blog.polityka.pl\/passent\/wp-json\/wp\/v2\/media?parent=690"}],"wp:term":[{"taxonomy":"category","embeddable":true,"href":"https:\/\/blog.polityka.pl\/passent\/wp-json\/wp\/v2\/categories?post=690"},{"taxonomy":"post_tag","embeddable":true,"href":"https:\/\/blog.polityka.pl\/passent\/wp-json\/wp\/v2\/tags?post=690"}],"curies":[{"name":"wp","href":"https:\/\/api.w.org\/{rel}","templated":true}]}}