
{"id":6900,"date":"2021-06-27T16:24:41","date_gmt":"2021-06-27T14:24:41","guid":{"rendered":"https:\/\/passent.blog.polityka.pl\/?p=6900"},"modified":"2021-06-28T11:10:48","modified_gmt":"2021-06-28T09:10:48","slug":"nowy-czlowiek-bedzie-kosztowal","status":"publish","type":"post","link":"https:\/\/blog.polityka.pl\/passent\/2021\/06\/27\/nowy-czlowiek-bedzie-kosztowal\/","title":{"rendered":"Nowy cz\u0142owiek b\u0119dzie kosztowa\u0142"},"content":{"rendered":"\n<p>Zjednoczona Prawica zamierza zostawi\u0107 po sobie nie tylko przekop Mierzei Wi\u015blanej i najwi\u0119ksze lotnisko, ale przede wszystkim \u201enowego cz\u0142owieka\u201d. Jego idea\u0142y to Wiara, Nar\u00f3d, Ojczyzna, Rodzina, Praca, Pokora. Do obejrzenia 11 listopada ka\u017cdego roku.<\/p>\n\n\n\n<!--more-->\n\n\n\n<p>\u201ePrzebudowa cz\u0142owieka\u201d prowadzona jest na wielk\u0105 skal\u0119. Podobne projekty w Rosji czy Niemczech te\u017c prowadzone by\u0142y z rozmachem i leg\u0142y w gruzach, ale nie same. Gruz te\u017c trzeba wywie\u017a\u0107. Przypomnijmy tylko niekt\u00f3re z nich. Nowe, politycznie poprawne programy i podr\u0119czniki szkolne, szkolenie nauczycieli, wymiana kadr \u2013 cho\u0107by cz\u0119\u015bciowa i stopniowa \u2013 w tym kurator\u00f3w i dyrektor\u00f3w szk\u00f3\u0142, \u201eniepoprawnych\u201d nauczycieli, zw\u0142aszcza przedmiot\u00f3w humanistycznych i przyrodniczych, jak historia, literatura, biologia, filozofia. Przebudowa o\u015bwiaty b\u0119dzie kosztowa\u0142a miliardy.<\/p>\n\n\n\n<p>Oddzielny front przebudowy cz\u0142owieka (\u201epieriekowka dusz\u201d) to liczne nowe muzea i muzealnicy, przebudowa (fizyczna i duchowa) muze\u00f3w, nowe tre\u015bci, nowa sztuka. Nowa architektura (na miar\u0119 naszych czas\u00f3w), nowe pomniki (s\u0105 ju\u017c pierwsze rezultaty), muzyka (patrz rozrywka w TVP), liczne projekty filmowe, hojnie subwencjonowane, jak filmy o katastrofie smole\u0144skiej. Na zdrow\u0105 sztuk\u0119 pieni\u0119dzy nie zabraknie.<\/p>\n\n\n\n<p>Czy przebudowa cz\u0142owieka si\u0119 powiedzie? Do pewnego stopnia &#8211; tak. K\u0142amstwa s\u0105czone i gust&nbsp;wyrabiany od dziecka, jak cho\u0107by w sprawie Smole\u0144ska czy \u201ePolski w ruinie\u201d, wejd\u0105 w krew. Nieprawda, m\u00f3wi\u0105 inni. W dobie internetu i milion\u00f3w ludzi w podr\u00f3\u017cy \u201epranie m\u00f3zg\u00f3w\u201d nie mo\u017ce si\u0119 powie\u015b\u0107 \u2013 uspokajaj\u0105 optymi\u015bci.<\/p>\n\n\n\n<p>Moim zdaniem \u201erewolucji\u201d, jak\u0105 funduje nam \u2013 na koszt nas wszystkich \u2013 PiS, nie nale\u017cy bagatelizowa\u0107. Internet, \u201eniew\u0142a\u015bciwe\u201d lektury, obserwacje z podr\u00f3\u017cy mog\u0105 ten proces utrudnia\u0107, ale koszty i straty b\u0119d\u0105 gigantyczne. To stracony czas, kt\u00f3rego nie spos\u00f3b odzyska\u0107. Stracone talenty, np. przy przyznawaniu wsparcia, nagr\u00f3d, stypendi\u00f3w, subwencji. Stracone mo\u017cliwo\u015bci, np. \u201ezag\u0142odzone\u201d fundacje, festiwale, konkursy.<\/p>\n\n\n\n<p>Wreszcie skutki prania m\u00f3zg\u00f3w. Minister Czarnek i jego zwolennicy m\u00f3wi\u0105 o \u201epraniu m\u00f3zg\u00f3w\u201d przez libera\u0142\u00f3w, lewic\u0119, zbocze\u0144c\u00f3w z LGBT. Zapowiadaj\u0105 koniec prania m\u00f3zg\u00f3w m.in. przez odpowiednie ustawy, zakaz \u201epropagandy\u201d gejowskiej, \u201egorszenia\u201d dzieci i m\u0142odzie\u017cy, kwestionowania warto\u015bci bliskich rz\u0105dowi PiS. Kiedy ta w\u0142adza upadnie, bilans strat spowodowanych przez rewolucj\u0119 i przebudow\u0119 cz\u0142owieka b\u0119dzie niezwykle kosztowny.<\/p>\n","protected":false},"excerpt":{"rendered":"<p>Zjednoczona Prawica zamierza zostawi\u0107 po sobie nie tylko przekop Mierzei Wi\u015blanej i najwi\u0119ksze lotnisko, ale przede wszystkim \u201enowego cz\u0142owieka\u201d. Jego idea\u0142y to Wiara, Nar\u00f3d, Ojczyzna, Rodzina, Praca, Pokora. Do obejrzenia 11 listopada ka\u017cdego roku.<\/p>\n","protected":false},"author":4,"featured_media":6906,"comment_status":"open","ping_status":"closed","sticky":false,"template":"","format":"standard","meta":{"footnotes":""},"categories":[1],"tags":[],"_links":{"self":[{"href":"https:\/\/blog.polityka.pl\/passent\/wp-json\/wp\/v2\/posts\/6900"}],"collection":[{"href":"https:\/\/blog.polityka.pl\/passent\/wp-json\/wp\/v2\/posts"}],"about":[{"href":"https:\/\/blog.polityka.pl\/passent\/wp-json\/wp\/v2\/types\/post"}],"author":[{"embeddable":true,"href":"https:\/\/blog.polityka.pl\/passent\/wp-json\/wp\/v2\/users\/4"}],"replies":[{"embeddable":true,"href":"https:\/\/blog.polityka.pl\/passent\/wp-json\/wp\/v2\/comments?post=6900"}],"version-history":[{"count":4,"href":"https:\/\/blog.polityka.pl\/passent\/wp-json\/wp\/v2\/posts\/6900\/revisions"}],"predecessor-version":[{"id":6907,"href":"https:\/\/blog.polityka.pl\/passent\/wp-json\/wp\/v2\/posts\/6900\/revisions\/6907"}],"wp:featuredmedia":[{"embeddable":true,"href":"https:\/\/blog.polityka.pl\/passent\/wp-json\/wp\/v2\/media\/6906"}],"wp:attachment":[{"href":"https:\/\/blog.polityka.pl\/passent\/wp-json\/wp\/v2\/media?parent=6900"}],"wp:term":[{"taxonomy":"category","embeddable":true,"href":"https:\/\/blog.polityka.pl\/passent\/wp-json\/wp\/v2\/categories?post=6900"},{"taxonomy":"post_tag","embeddable":true,"href":"https:\/\/blog.polityka.pl\/passent\/wp-json\/wp\/v2\/tags?post=6900"}],"curies":[{"name":"wp","href":"https:\/\/api.w.org\/{rel}","templated":true}]}}