
{"id":6908,"date":"2021-07-02T13:41:55","date_gmt":"2021-07-02T11:41:55","guid":{"rendered":"https:\/\/passent.blog.polityka.pl\/?p=6908"},"modified":"2021-07-02T15:12:20","modified_gmt":"2021-07-02T13:12:20","slug":"pytania-w-temacie","status":"publish","type":"post","link":"https:\/\/blog.polityka.pl\/passent\/2021\/07\/02\/pytania-w-temacie\/","title":{"rendered":"Pytania w temacie"},"content":{"rendered":"\n<p>Nie zmienia si\u0119 konia w trakcie przeprawy, m\u00f3wi przys\u0142owie &#8211; a jednak minister Micha\u0142 Dworczyk powinien co najmniej uda\u0107 si\u0119 na urlop do czasu wyja\u015bnienia afery mailowej, kt\u00f3rej jest centraln\u0105 postaci\u0105. Co prawda kieruje niezwykle wa\u017cn\u0105 akcj\u0105 szczepionkow\u0105, ale afera mailowa musi absorbowa\u0107 cz\u0119\u015b\u0107 jego uwagi, zabiera\u0107 mu czas, utrudnia\u0107 skupienie nad tym jednym, najwa\u017cniejszym zadaniem.<\/p>\n\n\n\n<!--more-->\n\n\n\n<p>Pan Dworczyk nie jest pewien dnia ani godziny. Nie wie, czy i kiedy na rosyjskim portalu uka\u017ce si\u0119 ewentualnie jaki\u015b kompromituj\u0105cy lub po prostu szkodliwy dla\u0144 mail. Mo\u017cna mu tylko wsp\u00f3\u0142czu\u0107, gdy\u017c jego sytuacja jest nie do pozazdroszczenia. \u201eProsz\u0119 zadawa\u0107 pytania tylko w temacie konferencji\u201d &#8211; coraz cz\u0119\u015bciej m\u00f3wi\u0105 prowadz\u0105cy konferencje prasowe z premierem lub z szefem jego kancelarii. To nic innego ni\u017c cenzura. Jest to \u015bwiadectwo bezsilno\u015bci w\u0142adz w sprawie afery mailowej. Bawi\u0105 si\u0119 w chowanego. Schowali si\u0119 i s\u0105dz\u0105, \u017ce nikt ich nie widzi. Wygl\u0105da to ju\u017c na kpin\u0119. Media widz\u0105, \u017ce kr\u00f3l jest nagi, a ten mo\u017ce tylko powiedzie\u0107: \u201ePolacy, nic si\u0119 nie sta\u0142o\u201d.<\/p>\n\n\n\n<p>Ograniczanie zakresu pyta\u0144 dziennikarzy, pokazywanie im plec\u00f3w zamiast odpowiedzi nie ma nic wsp\u00f3lnego z prawem do informacji, z wolno\u015bci\u0105 s\u0142owa i medi\u00f3w. Taktyka obrana przez PiS zak\u0142ada pe\u0142ne milczenie na temat afery, tak \u017ceby nic si\u0119 nie wyda\u0142o i nie przy\u0107mi\u0142o nadchodz\u0105cej konwencji partii rz\u0105dz\u0105cej. Powr\u00f3t Tuska i tak zdominuje media i przes\u0142oni \u201epolski \u0142ad\u201d. W tym wirze wydarze\u0144, jaki nas czeka, minister Dworczyk jeszcze si\u0119 uchowa, nikt nie b\u0119dzie mia\u0142 do niego g\u0142owy ani ochoty zajmowa\u0107 si\u0119 afer\u0105, kt\u00f3ra mo\u017ce jeszcze zagrozi\u0107 wicepremierowi odpowiedzialnemu za bezpiecze\u0144stwo, a nawet premierowi Morawieckiemu. Wolne media nie powinny dawa\u0107 za wygran\u0105 i pozwala\u0107 dyktowa\u0107 sobie pyta\u0144. Przypomnijmy: nie ma z\u0142ych pyta\u0144 \u2013 s\u0105 tylko z\u0142e odpowiedzi.<\/p>\n\n\n\n<p>PS Ludzie kochani, przesta\u0144cie u\u017cywa\u0107 zwrotu \u201ew temacie, w tym temacie, nie wiem nic w temacie itp.\u201d. \u201eW temacie\u201d rozprzestrzenia si\u0119 jak wirus delta \u2013 trzeba si\u0119 zaszczepi\u0107.<\/p>\n\n\n\n<p><strong>Zaproszenie<\/strong><br>Publicystka Agata Kondzi\u0144ska (&#8222;GW&#8221;), wsp\u00f3\u0142autorka ksi\u0105\u017cki \u201ePrezes i Sp\u00f3\u0142ki\u201d, oraz prof. Tomasz S\u0142omka, politolog (UW), b\u0119d\u0105 naszymi go\u015b\u0107mi w TOK FM, niedziela 4 lipca, godz. 10:05. Zapraszamy, bo tydzie\u0144 bardzo bogaty!<\/p>\n","protected":false},"excerpt":{"rendered":"<p>Nie zmienia si\u0119 konia w trakcie przeprawy, m\u00f3wi przys\u0142owie &#8211; a jednak minister Micha\u0142 Dworczyk powinien co najmniej uda\u0107 si\u0119 na urlop do czasu wyja\u015bnienia afery mailowej, kt\u00f3rej jest centraln\u0105 postaci\u0105. Co prawda kieruje niezwykle wa\u017cn\u0105 akcj\u0105 szczepionkow\u0105, ale afera mailowa musi absorbowa\u0107 cz\u0119\u015b\u0107 jego uwagi, zabiera\u0107 mu czas, utrudnia\u0107 skupienie nad tym jednym, najwa\u017cniejszym [&hellip;]<\/p>\n","protected":false},"author":4,"featured_media":6858,"comment_status":"open","ping_status":"closed","sticky":false,"template":"","format":"standard","meta":{"footnotes":""},"categories":[1],"tags":[],"_links":{"self":[{"href":"https:\/\/blog.polityka.pl\/passent\/wp-json\/wp\/v2\/posts\/6908"}],"collection":[{"href":"https:\/\/blog.polityka.pl\/passent\/wp-json\/wp\/v2\/posts"}],"about":[{"href":"https:\/\/blog.polityka.pl\/passent\/wp-json\/wp\/v2\/types\/post"}],"author":[{"embeddable":true,"href":"https:\/\/blog.polityka.pl\/passent\/wp-json\/wp\/v2\/users\/4"}],"replies":[{"embeddable":true,"href":"https:\/\/blog.polityka.pl\/passent\/wp-json\/wp\/v2\/comments?post=6908"}],"version-history":[{"count":5,"href":"https:\/\/blog.polityka.pl\/passent\/wp-json\/wp\/v2\/posts\/6908\/revisions"}],"predecessor-version":[{"id":6913,"href":"https:\/\/blog.polityka.pl\/passent\/wp-json\/wp\/v2\/posts\/6908\/revisions\/6913"}],"wp:featuredmedia":[{"embeddable":true,"href":"https:\/\/blog.polityka.pl\/passent\/wp-json\/wp\/v2\/media\/6858"}],"wp:attachment":[{"href":"https:\/\/blog.polityka.pl\/passent\/wp-json\/wp\/v2\/media?parent=6908"}],"wp:term":[{"taxonomy":"category","embeddable":true,"href":"https:\/\/blog.polityka.pl\/passent\/wp-json\/wp\/v2\/categories?post=6908"},{"taxonomy":"post_tag","embeddable":true,"href":"https:\/\/blog.polityka.pl\/passent\/wp-json\/wp\/v2\/tags?post=6908"}],"curies":[{"name":"wp","href":"https:\/\/api.w.org\/{rel}","templated":true}]}}