
{"id":692,"date":"2010-04-26T00:39:37","date_gmt":"2010-04-25T22:39:37","guid":{"rendered":"http:\/\/passent.blog.polityka.pl\/?p=692"},"modified":"2010-04-26T00:39:37","modified_gmt":"2010-04-25T22:39:37","slug":"katastrofa-tuska-i-klicha","status":"publish","type":"post","link":"https:\/\/blog.polityka.pl\/passent\/2010\/04\/26\/katastrofa-tuska-i-klicha\/","title":{"rendered":"Katastrofa Tuska i Klicha"},"content":{"rendered":"<p><!--[if gte mso 9]><xml> <w:WordDocument> <w:View>Normal<\/w:View> <w:Zoom>0<\/w:Zoom> <w:HyphenationZone>21<\/w:HyphenationZone> <w:PunctuationKerning \/> <w:ValidateAgainstSchemas \/> <w:SaveIfXMLInvalid>false<\/w:SaveIfXMLInvalid> <w:IgnoreMixedContent>false<\/w:IgnoreMixedContent> <w:AlwaysShowPlaceholderText>false<\/w:AlwaysShowPlaceholderText> <w:Compatibility> <w:BreakWrappedTables \/> <w:SnapToGridInCell \/> <w:WrapTextWithPunct \/> <w:UseAsianBreakRules \/> <w:DontGrowAutofit \/> <\/w:Compatibility> <w:BrowserLevel>MicrosoftInternetExplorer4<\/w:BrowserLevel> <\/w:WordDocument> <\/xml><![endif]--><!--[if gte mso 9]><xml> <w:LatentStyles DefLockedState=\"false\" LatentStyleCount=\"156\"> <\/w:LatentStyles> <\/xml><![endif]--><!--[if !mso]><span class=\"mceItemObject\"   classid=\"clsid:38481807-CA0E-42D2-BF39-B33AF135CC4D\" id=ieooui><\/span>\n\n\n\n<style>\nst1\\:*{behavior:url(#ieooui) }\n<\/style>\n\n<![endif]--> <!--[if gte mso 10]>\n\n\n\n<style>\n \/* Style Definitions *\/\n table.MsoNormalTable\n\t{mso-style-name:Standardowy;\n\tmso-tstyle-rowband-size:0;\n\tmso-tstyle-colband-size:0;\n\tmso-style-noshow:yes;\n\tmso-style-parent:\"\";\n\tmso-padding-alt:0cm 5.4pt 0cm 5.4pt;\n\tmso-para-margin:0cm;\n\tmso-para-margin-bottom:.0001pt;\n\tmso-pagination:widow-orphan;\n\tfont-size:10.0pt;\n\tfont-family:\"Times New Roman\";\n\tmso-ansi-language:#0400;\n\tmso-fareast-language:#0400;\n\tmso-bidi-language:#0400;}\n<\/style>\n\n<![endif]--><!--[if gte mso 9]><xml> <o:shapedefaults v:ext=\"edit\" spidmax=\"1026\" \/> <\/xml><![endif]--><!--[if gte mso 9]><xml> <o:shapelayout v:ext=\"edit\"> <o:idmap v:ext=\"edit\" data=\"1\" \/> <\/o:shapelayout><\/xml><![endif]-->Nie trudno przewidzie\u0107, jak b\u0119dzie wygl\u0105da\u0142a kampania prezydencka PiS: Tylko prezydent<span> <\/span>z tej partii b\u0119dzie stanowi\u0142 gwarancj\u0119, \u017ce katastrofa pod Smole\u0144skiem zostanie wyja\u015bniona do ko\u0144ca. Tusk i Klich do sp\u00f3\u0142ki z Rosjanami b\u0119d\u0105 mataczy\u0107 i ukrywa\u0107 niewygodne fakty. W imi\u0119 rzekomej, piarowskiej poprawy stosunk\u00f3w z Rosj\u0105, polski premier<span> <\/span>b\u0119dzie przemilcza\u0142 kluczowe pytania w sprawie katastrofy. Zar\u00f3wno niewygodne dla Rosji (lotnisko), jak i dla swojego rz\u0105du (szkolenie pilot\u00f3w, rozprz\u0119\u017cenie i zaniedbanie procedur)<\/p>\n<p class=\"MsoNormal\">\n<p class=\"MsoNormal\">Dop\u00f3ki na czele pa\u0144stwa nie stanie prezydent z PiS, strona polska (z\u0142odzieje, kt\u00f3rzy ukradli pa\u0144stwo polskie Jaros\u0142awowi Rymkiewiczowi) b\u0119dzie wyst\u0119powa\u0142a w roli petenta wobec Rosjan. Uzurpatorzy, kt\u00f3rzy si\u0119gaj\u0105 po urz\u0105d prezydenta, b\u0119d\u0105<span> <\/span>uprawiali polityk\u0119 na kolanach. W takiej pozycji b\u0119d\u0105 zanosili do Moskwy mod\u0142y o oddanie czarnych skrzynek. Tusk i Klich \u2013 przeczytamy wkr\u00f3tce &#8211; nie b\u0119d\u0105 mieli odwagi, ani godno\u015bci, \u017ceby zapyta\u0107 Rosjan dlaczego nie zamkn\u0119li lotniska, dlaczego na lotnisku \u201epanowa\u0142 chaos\u201d i poniewczasie uzupe\u0142niano \u017car\u00f3wki, dlaczego wycofano system nawigacji sprowadzony na l\u0105dowanie Tuska i Putina, dlaczego nie godz\u0105 si\u0119 na komisj\u0119 mi\u0119dzynarodow\u0105, kt\u00f3rej powo\u0142ania domaga si\u0119 taki autorytet moralny jak prof. Jacek Trznadel. Tylko prezydent &#8211; patriota b\u0119dzie odporny na zaloty Putina i Miedwiediewa, postawi si\u0119 Rosjanom. Jedynie<span> <\/span>on nie zezwoli na rosyjskie matactwa, wyrwie, wyszarpie, wywalczy czarne skrzynki i prawd\u0119 o katastrofie. To tyle, tytu\u0142em wskaz\u00f3wki na kogo g\u0142osowa\u0107 w wyborach prezydenckich.<\/p>\n<p class=\"MsoNormal\">\n<p class=\"MsoNormal\">Ale pozostaj\u0105 jeszcze wybory parlamentarne. Pierwszy musi za nie zap\u0142aci\u0107 minister Obrony, Bogdan Klich, poniewa\u017c kto\u015b musi odpowiedzie\u0107 za czarn\u0105 seri\u0119 katastrof \u2013 \u201e\u015bmig\u0142owiec Millera\u201d, CASA z dow\u00f3dztwem wojsk lotniczych na pok\u0142adzie,<span> <\/span>incydent z Tbilisi i wreszcie katastrofa smole\u0144ska. Seria zaiste tragiczna, wo\u0142aj\u0105ca o pomst\u0119 do nieba, gdy\u017c analogie nasuwaj\u0105 si\u0119 same. Winni musz\u0105 si\u0119 znale\u017a\u0107. Polskie lotnictwo wojskowe, kiedy\u015b duma naszego kraju (\u017bwirko i Wigura, Dywizjon 303), dzi\u015b jest przedmiotem najgorszych podejrze\u0144, cho\u0107 jest wyposa\u017cone w ca\u0142\u0105 flot\u0119 samolot\u00f3w F 16 i broni obszaru powietrznego bratniej Litwy.<span> <\/span><\/p>\n<p class=\"MsoNormal\">\n<p class=\"MsoNormal\">Klich b\u0119dzie zasypany gradem pyta\u0144, kt\u00f3re zasygnalizowa\u0142 ju\u017c jego \u201eimiennik\u201d, Edmund Klich, przewodnicz\u0105cy pa\u0144stwowej komisji badania wypadk\u00f3w lotniczych: Winni katastrofy usi\u0142uj\u0105 wszystko zwali\u0107 na pilot\u00f3w, a jego ludzi zmuszano (co za zbrodnia!) do wsp\u00f3\u0142pracy z polsk\u0105 prokuratur\u0105.<span> <\/span>Niewystarczaj\u0105ce szkolenie pilot\u00f3w, jedynie dw\u00f3ch-trzech<span> <\/span>uprawnionych do pilotowania samolot\u00f3w TU 154 M, za ma\u0142o wylatanych godzin, za du\u017co genera\u0142\u00f3w na pok\u0142adzie fatalnego dnia (samolot z Tuskiem by\u0142 r\u00f3wnie\u017c pe\u0142en osobisto\u015bci, co \u015bwiadczy o lekkomy\u015blno\u015bci premiera, BOR i innych). Poniewa\u017c pozycja Bogdana Klicha ju\u017c i tak by\u0142a kwestionowana, cho\u0107by przez genera\u0142a Skrzypczaka,<span> <\/span>minister mo\u017ce by\u0107 trudny do obrony. Ciekawe, jak zachowa si\u0119 premier \u2013 czy stanie za swoim ministrem murem, jak za Ew\u0105 Kopacz (s\u0142usznie), czy te\u017c rzuci Klicha na po\u017carcie, tak jak post\u0105pi\u0142 wobec ministra \u0106wi\u0105kalskiego (nies\u0142usznie)?<\/p>\n<p class=\"MsoNormal\">\n<p class=\"MsoNormal\">Tusk znalaz\u0142 si\u0119 w trudnej sytuacji. Zamiast dociekania o to, czy i jak\u0105 presj\u0119 (cho\u0107by niewypowiedzian\u0105) odczuwa\u0142 na sobie tragicznie zmar\u0142y kapitan samolotu, jakie wyci\u0105gn\u0105\u0142 wnioski z lotu do Tbilisi, dlaczego nie wys\u0142uchano ostrze\u017ce\u0144 i sugestii z wie\u017cy kontrolnej, \u017ceby nie l\u0105dowa\u0107, dlaczego zaproszono tak wiele os\u00f3b do jednego samolotu,<span> <\/span>dlaczego zdecydowano si\u0119 na podw\u00f3jne obchody, dlaczego samolot wylecia\u0142 z op\u00f3\u017anieniem, dlaczego nie by\u0142o \u201eplanu B\u201d \u2013 w ogniu pyta\u0144 i zarzut\u00f3w znajdzie si\u0119 strona \u201erz\u0105dowa-rosyjska\u201d. Oczywi\u015bcie, nikt<span> <\/span>nie napisze, jakie by\u0142yby w Polsce komentarze, gdyby lotnisko w Smole\u0144sku zosta\u0142o zamkni\u0119te na kr\u00f3tko przed przybyciem polskiego prezydenta w drodze do Katynia. Rachunek za to b\u0119dzie p\u0142aci\u0142 Bronis\u0142aw Komorowski. Bo tylko kandydat PiS gwarantuje\u2026 i tak dalej.<\/p>\n","protected":false},"excerpt":{"rendered":"<p>Nie trudno przewidzie\u0107, jak b\u0119dzie wygl\u0105da\u0142a kampania prezydencka PiS: Tylko prezydent z tej partii b\u0119dzie stanowi\u0142 gwarancj\u0119, \u017ce katastrofa pod Smole\u0144skiem zostanie wyja\u015bniona do ko\u0144ca. Tusk i Klich do sp\u00f3\u0142ki z Rosjanami b\u0119d\u0105 mataczy\u0107 i ukrywa\u0107 niewygodne fakty. W imi\u0119 rzekomej, piarowskiej poprawy stosunk\u00f3w z Rosj\u0105, polski premier b\u0119dzie przemilcza\u0142 kluczowe pytania w sprawie katastrofy. [&hellip;]<\/p>\n","protected":false},"author":4,"featured_media":0,"comment_status":"open","ping_status":"open","sticky":false,"template":"","format":"standard","meta":{"footnotes":""},"categories":[1],"tags":[],"_links":{"self":[{"href":"https:\/\/blog.polityka.pl\/passent\/wp-json\/wp\/v2\/posts\/692"}],"collection":[{"href":"https:\/\/blog.polityka.pl\/passent\/wp-json\/wp\/v2\/posts"}],"about":[{"href":"https:\/\/blog.polityka.pl\/passent\/wp-json\/wp\/v2\/types\/post"}],"author":[{"embeddable":true,"href":"https:\/\/blog.polityka.pl\/passent\/wp-json\/wp\/v2\/users\/4"}],"replies":[{"embeddable":true,"href":"https:\/\/blog.polityka.pl\/passent\/wp-json\/wp\/v2\/comments?post=692"}],"version-history":[{"count":0,"href":"https:\/\/blog.polityka.pl\/passent\/wp-json\/wp\/v2\/posts\/692\/revisions"}],"wp:attachment":[{"href":"https:\/\/blog.polityka.pl\/passent\/wp-json\/wp\/v2\/media?parent=692"}],"wp:term":[{"taxonomy":"category","embeddable":true,"href":"https:\/\/blog.polityka.pl\/passent\/wp-json\/wp\/v2\/categories?post=692"},{"taxonomy":"post_tag","embeddable":true,"href":"https:\/\/blog.polityka.pl\/passent\/wp-json\/wp\/v2\/tags?post=692"}],"curies":[{"name":"wp","href":"https:\/\/api.w.org\/{rel}","templated":true}]}}