
{"id":693,"date":"2010-04-29T11:34:45","date_gmt":"2010-04-29T09:34:45","guid":{"rendered":"http:\/\/passent.blog.polityka.pl\/?p=693"},"modified":"2010-04-29T11:40:40","modified_gmt":"2010-04-29T09:40:40","slug":"jeszcze-iv-rp-nie-zginela","status":"publish","type":"post","link":"https:\/\/blog.polityka.pl\/passent\/2010\/04\/29\/jeszcze-iv-rp-nie-zginela\/","title":{"rendered":"Jeszcze IV RP nie zgin\u0119\u0142a"},"content":{"rendered":"<p><strong>Nowe, umiarkowane, wr\u0119cz sympatyczne oblicze PiS, jakie reprezentuje pani Joanna Kluzik-Rostkowska, w og\u00f3le nie nawi\u0105zuje do IV RP. Wygl\u0105da na to, \u017ce IV RP zosta\u0142a pochowana bez pogrzebu, Jej g\u0142\u00f3wny architekt \u2013 Jaros\u0142aw Kaczy\u0144ski- milczy<\/strong>.<\/p>\n<p>W jego wezwaniu do prawych Polak\u00f3w w og\u00f3le o IV RP si\u0119 nie wspomina. Ma by\u0107 doko\u0144czona misja, prawi Polacy maj\u0105 podnie\u015b\u0107 g\u0142owy, ale co zobacz\u0105, kiedy je podnios\u0105? Projekt zwany IV RP? Marek Magierowski napisa\u0142 w \u201eRz.\u201d felieton \u201e Jezus Maria, wraca IV RP!\u201d, z kt\u00f3rego wynika, \u017ce co\u015b takiego jak IV RP albo w og\u00f3le nie istnia\u0142o, albo nie wraca, tylko jest u\u017cywane jako straszak przez \u201esalon\u201d, i to w karykaturalnej formie.<\/p>\n<p>Tymczasem IV RP istnieje w wielu umys\u0142ach \u2013 zwolennik\u00f3w i przeciwnik\u00f3w. Nie chc\u0119 m\u00f3wi\u0107 za tych pierwszych \u2013 wystarczy zobaczy\u0107 telewizyjn\u0105 Jedynk\u0119, pp. Ziemkiewicza, Pospieszalskiego, poczyta\u0107 \u201eRz.\u201d, czy pos\u0142ucha\u0107 Polskiego Radia, \u017ceby wiedzie\u0107, jak droga jest im IV RP. Podczas niedawnej dyskusji w TVN jeden z dziennikarzy zapyta\u0142 mnie, z czym kojarzy mi si\u0119 IV RP. Odpowiedzia\u0142em mniej wi\u0119cej tak: Z \u0142\u017ce-elit\u0105, z wezwaniem, \u017ceby Platforma odpowiedzia\u0142a, czy jest parti\u0105 polsk\u0105, z dzieleniem spo\u0142ecze\u0144stwa na tych z Solidarno\u015bci i tych z ZOMO, z przerabianiem historii Polski, zgodnie z kt\u00f3r\u0105 Powstanie Warszawskie by\u0142o zwyci\u0119stwem, a Okr\u0105g\u0142y St\u00f3\u0142 \u2013 kl\u0119sk\u0105, w PRL i w Trzeciej RP nie by\u0142o niczego dobrego, ze skokiem na media publiczne, kt\u00f3re w ci\u0105gu kilku dni PiS zaw\u0142aszczy\u0142, oddaj\u0105c TVP prezesom, pp. Wildsteinowi i Urba\u0144skiemu, a Polskie Radio &#8211;  pp. Czaba\u0144skiemu, Skowro\u0144skiemu i Targalskiemu, z przej\u0119ciem oficjalnej agencji PAP przez &#8211; sympatycznego sk\u0105din\u0105d &#8211; red. Skwieci\u0144skiego, z poni\u017caniem Lecha Wa\u0142\u0119sy, z niezaproszeniem Adama Michnika na uroczysto\u015b\u0107 w rocznic\u0119 wydarze\u0144 1968, z og\u0142oszeniem by\u0142ych ministr\u00f3w spraw zagranicznych agentami, z zako\u0144czeniem znajomo\u015bci z W\u0142adys\u0142awem Bartoszewskim, z faworyzowaniem przez rz\u0105dz\u0105cych Radia Maryja i telewizji Trwam, z postulatem utworzenia pierwszego uniwersytetu wolnego od skompromitowanej kadry profesorskiej, z bojkotowaniem Trybuna\u0142u Konstytucyjnego i pr\u00f3b\u0105 skompromitowania kilku jego cz\u0142onk\u00f3w tu\u017c przed podj\u0119ciem przez Trybuna\u0142 wa\u017cnej decyzji, z rusofobi\u0105, z dzik\u0105 lustracj\u0105, z porachunkami na g\u00f3rze (Kaczmarek, Ziobro, Engelking), z upolitycznieniem prokuratury, z \u201eci\u0105giem technologicznym\u201d (MSWiA, Ministerstwo Sprawiedliwo\u015bci, s\u0142u\u017cby, CBA), ze Zbigniewem Ziobro (dzi\u015b na szcz\u0119\u015bcie schowanym) i Jackiem Kurskim, z Antonim Macierewiczem, z niszczeniem ludzi przy pomocy kwit\u00f3w \u2013 bez mo\u017cliwo\u015bci obrony, z wyrokami ferowanymi przez Misj\u0119 Specjaln\u0105, z mundurkami szkolnymi, z czystk\u0105 w mediach i w lekturach szkolnych, z panegirykami na temat rz\u0105du PiS\/Giertycha\/Leppera.<\/p>\n<p>Mam jeszcze wiele innych skojarze\u0144, ale ich oszcz\u0119dz\u0119, gdy\u017c nie lubi\u0119 zbyt d\u0142ugich wpis\u00f3w w Internecie. Dlaczego do tego wracam? Dlatego, \u017ce pami\u0119\u0107 ludzka nie zale\u017cy od woli polityk\u00f3w. Pani Joanna Kluzik-Rostkowska mo\u017ce by\u0107 jak najdalej od IV RP, oby tak by\u0142o, oby kandydat PiS, gdy przerwie milczenie, ustosunkowa\u0142 si\u0119 do teorii i praktyki IV RP. Ten koncept trudno b\u0119dzie zapomnie\u0107. Podam przyk\u0142ad z drugiego ko\u0144ca Europy: w Hiszpanii odb\u0119dzie si\u0119 w maju proces s\u0142awnego s\u0119dziego, Baltazara Garzona, kt\u00f3ry w 2008 roku (a wi\u0119c 70 lat po wojnie domowej, i to pomimo amnestii) zamierza\u0142 os\u0105dzi\u0107 genera\u0142a Franco i kilkudziesi\u0119ciu genera\u0142\u00f3w za zbrodnie przeciw ludzko\u015bci, kt\u00f3re nie ulegaj\u0105 przedawnieniu. Podni\u00f3s\u0142 si\u0119 taki sprzeciw ze strony prawicowych organizacji, m.in. Falangi, posypa\u0142y si\u0119 takie oskar\u017cenia wobec Garzona (nadu\u017cycie prawa, przekroczenie kompetencji, a nawet\u2026 korupcja), \u017ce w pierwszym procesie dyktatury jedynym oskar\u017conym b\u0119dzie\u2026 s\u0119dzia, kt\u00f3ry chcia\u0142 j\u0105 os\u0105dzi\u0107. Okazuje si\u0119, \u017ce mimo up\u0142ywu 70 lat, a wi\u0119c dw\u00f3ch pokole\u0144, dawne podzia\u0142y nadal \u017cyj\u0105, wzorowa hiszpa\u0144ska \u201etransformacja przez zapomnienie\u201d do zapomnienia nie doprowadzi\u0142a.<\/p>\n<p>S\u0105dz\u0119, \u017ce podobnie b\u0119dzie z IV RP. Przecie\u017c \u201euk\u0142ad\u201d nie zosta\u0142 rozbity, nie wszystkie media przesz\u0142y na w\u0142a\u015bciw\u0105 stron\u0119, nast\u0119puj\u0105 procesy dla Polski szkodliwe, takie jak prywatyzacja, wyprzeda\u017c maj\u0105tku narodowego czy flirt z Putinem. Jest jeszcze wiele do zrobienia.<\/p>\n<p>***<\/p>\n<p><strong>PS<\/strong>. Tym Blogowiczom, kt\u00f3rzy o mnie pami\u0119tali &#8211; bardzo, bardzo dzi\u0119kuj\u0119 za \u017cyczenia! Wzajemnie! Trzymajcie si\u0119 naszego bloga!<\/p>\n","protected":false},"excerpt":{"rendered":"<p>Nowe, umiarkowane, wr\u0119cz sympatyczne oblicze PiS, jakie reprezentuje pani Joanna Kluzik-Rostkowska, w og\u00f3le nie nawi\u0105zuje do IV RP. Wygl\u0105da na to, \u017ce IV RP zosta\u0142a pochowana bez pogrzebu, Jej g\u0142\u00f3wny architekt \u2013 Jaros\u0142aw Kaczy\u0144ski- milczy. W jego wezwaniu do prawych Polak\u00f3w w og\u00f3le o IV RP si\u0119 nie wspomina. Ma by\u0107 doko\u0144czona misja, prawi Polacy [&hellip;]<\/p>\n","protected":false},"author":4,"featured_media":0,"comment_status":"open","ping_status":"open","sticky":false,"template":"","format":"standard","meta":{"footnotes":""},"categories":[1],"tags":[],"_links":{"self":[{"href":"https:\/\/blog.polityka.pl\/passent\/wp-json\/wp\/v2\/posts\/693"}],"collection":[{"href":"https:\/\/blog.polityka.pl\/passent\/wp-json\/wp\/v2\/posts"}],"about":[{"href":"https:\/\/blog.polityka.pl\/passent\/wp-json\/wp\/v2\/types\/post"}],"author":[{"embeddable":true,"href":"https:\/\/blog.polityka.pl\/passent\/wp-json\/wp\/v2\/users\/4"}],"replies":[{"embeddable":true,"href":"https:\/\/blog.polityka.pl\/passent\/wp-json\/wp\/v2\/comments?post=693"}],"version-history":[{"count":0,"href":"https:\/\/blog.polityka.pl\/passent\/wp-json\/wp\/v2\/posts\/693\/revisions"}],"wp:attachment":[{"href":"https:\/\/blog.polityka.pl\/passent\/wp-json\/wp\/v2\/media?parent=693"}],"wp:term":[{"taxonomy":"category","embeddable":true,"href":"https:\/\/blog.polityka.pl\/passent\/wp-json\/wp\/v2\/categories?post=693"},{"taxonomy":"post_tag","embeddable":true,"href":"https:\/\/blog.polityka.pl\/passent\/wp-json\/wp\/v2\/tags?post=693"}],"curies":[{"name":"wp","href":"https:\/\/api.w.org\/{rel}","templated":true}]}}