
{"id":694,"date":"2010-05-04T23:35:51","date_gmt":"2010-05-04T21:35:51","guid":{"rendered":"http:\/\/passent.blog.polityka.pl\/?p=694"},"modified":"2010-05-04T23:35:51","modified_gmt":"2010-05-04T21:35:51","slug":"czerwone-swiatelko","status":"publish","type":"post","link":"https:\/\/blog.polityka.pl\/passent\/2010\/05\/04\/czerwone-swiatelko\/","title":{"rendered":"Czerwone \u015bwiate\u0142ko"},"content":{"rendered":"<p><strong>Z du\u017cym za\u017cenowaniem czytam, s\u0142ucham i ogl\u0105dam dziennikarzy, kt\u00f3rzy nie mog\u0105 si\u0119 nadziwi\u0107, \u017ce nikomu (cho\u0107by ministrowi Klichowi) nie zapali\u0142o si\u0119 czerwone \u015bwiate\u0142ko na wiadomo\u015b\u0107 o tym, ile znanych i wa\u017cnych os\u00f3b mia\u0142o lecie\u0107 prezydenckim samolotem<\/strong>.<\/p>\n<p>A czy komu\u015b z tych dziennikarek i dziennikarzy za\u015bwieci\u0142o si\u0119 takie \u015bwiate\u0142ko na widok wszystkich os\u00f3b, kt\u00f3re dwa dni wcze\u015bniej polecia\u0142y do Smole\u0144ska z premierem Tuskiem? Przecie\u017c samolot polskiego premiera by\u0142 r\u00f3wnie pe\u0142en znakomito\u015bci. Nie mam przed sob\u0105 listy pasa\u017cer\u00f3w, ale by\u0142 w nim premier, byli marsza\u0142kowie Sejmu i Senatu, byli liczni ministrowie, Klich, Sikorski, Zdrojewski, pos\u0142owie, senatorowie, by\u0142 Andrzej Wajda i wiele innych os\u00f3b. \u017be te\u017c nikt, chyba dos\u0142ownie nikt, a ju\u017c na pewno nie w mediach, nie odwa\u017cy\u0142 si\u0119 tego skrytykowa\u0107. Tak\u017ce nikt z Kancelarii Prezydenta, kt\u00f3ra lecia\u0142a t\u0105 sam\u0105 drog\u0105.<\/p>\n<p>Nie czyta\u0142em te\u017c po wyprawie premiera \u017cadnych uwag w tym duchu na naszym blogu.<\/p>\n<p>Przyznaj\u0119 bez bicia \u2013 mnie si\u0119 czerwone \u015bwiate\u0142ko nie za\u015bwieci\u0142o, ale teraz, kiedy ogl\u0105dam i s\u0142ucham tych przem\u0105drza\u0142ych polityk\u00f3w i dziennikarzy, kt\u00f3rzy nie mog\u0105 si\u0119 nadziwi\u0107, \u017ce temu czy innemu nie za\u015bwieci\u0142o si\u0119 czerwone \u015bwiate\u0142ko, to my\u015bl\u0119 sobie, ile jest prawdy w powiedzeniu, \u017ce m\u0105dry Polak po szkodzie. Gdzie ci wszyscy m\u0105drale, politycy i dziennikarze byli, kiedy ju\u017c by\u0142o wiadomo, jaka szykuje si\u0119 wyprawa? Czy nie warto by dzisiaj posypa\u0107 g\u0142owy popio\u0142em, zamiast dawa\u0107 po g\u0142owie innym? Rz\u0105dowi, ministrom, dow\u00f3dcom. Ja sam m\u0105dry nie by\u0142em, ale patrz\u0119 na \u017cenuj\u0105ce wyczyny dziennikarzy, co to dobieraj\u0105 si\u0119 do tych, kt\u00f3rym czerwone \u015bwiate\u0142ko si\u0119 nie za\u015bwieci\u0142o. A przecie\u017c dwa dni przedtem lecia\u0142 samolot premiera, samolot Tuska tak\u017ce m\u00f3g\u0142 run\u0105\u0107. I nikt nie uderzy\u0142 na alarm.<\/p>\n<p>Dziennikarze wzywaj\u0105 ministra Klicha do dymisji, by\u0107 mo\u017ce maj\u0105 racj\u0119, powinien by\u0142 powiedzie\u0107, \u017ce nie zgadza si\u0119 na wsp\u00f3lny lot dow\u00f3dc\u00f3w wszystkich rodzaj\u00f3w broni, cho\u0107 to nie on dobiera\u0142 pasa\u017cer\u00f3w, ale przecie\u017c do tego, \u017ceby si\u0119 zdziwi\u0107, \u017ce p\u00f3\u0142 pa\u0142acu leci jednym samolotem, nie trzeba by\u0107 ministrem. Klich nie powiedzia\u0142 \u201enie\u201d, bo przecie\u017c sam dwa dni wcze\u015bniej by\u0142 w takim samolocie. Dla nas wszystkich by\u0142o to normalne. Niby to takie proste, a nikt na to nie wpad\u0142.<\/p>\n<p>Zgadzam si\u0119 z tymi, kt\u00f3rzy uwa\u017caj\u0105, \u017ce jedn\u0105 z przyczyn katastrofy by\u0142a wojna na g\u00f3rze. Gdyby tej wojny nie by\u0142o, wi\u0119cej by\u0142oby troski, a mniej umywania r\u0105czek: to nie my \u2013 to oni. By\u0142 za to powszechny brak wyobra\u017ani i brak profesjonalizmu. Nikt nie pomy\u015bla\u0142, \u017ce taki sk\u0142ad pasa\u017cer\u00f3w nie mia\u0142 prawa lecie\u0107 jednym samolotem. Teraz m\u00f3wi to ka\u017cdy, ale wtedy \u2013 nikt. Nikt! A w ka\u017cdym razie nikt nie otworzy\u0142 ust. Zdumiewaj\u0105ce. Nie by\u0142o te\u017c \u017cadnych przepis\u00f3w, kt\u00f3re nawet ludziom bez wyobra\u017ani kaza\u0142yby powiedzie\u0107 &#8211; STOP! Wreszcie, by\u0142a rywalizacja, nieufno\u015b\u0107 i strach na szczytach w\u0142adzy. Rywalizacja o miejsce w samolocie, rywalizacja o to, kto z kim poleci, kogo zaprosi\u0107, kogo nie urazi\u0107, kto nie odm\u00f3wi, kto zas\u0142u\u017cy\u0142. I strach. Strach przed ostrze\u017ceniem drugiej strony, tj. ludzi premiera i ludzi prezydenta (je\u015bli komu\u015b w og\u00f3le przesz\u0142o przez my\u015bl, \u017ceby ostrzec organizator\u00f3w obu wypraw). Wreszcie, strach na lotnisku w Smole\u0144sku przed jego zamkni\u0119ciem, bo co by wtedy powiedzieli Polacy? I niewykluczone, \u017ce strach pilot\u00f3w przed tym, \u017ce nie stan\u0105 na wysoko\u015bci zadania. Nikt nikomu nie ufa\u0142, za to wszyscy si\u0119 bali. Bardzo przygn\u0119biaj\u0105ce. Za to dzi\u015b nie brak odwa\u017cnych, kt\u00f3rzy pytaj\u0105, dlaczego innym nie za\u015bwieci\u0142o si\u0119 czerwone \u015bwiate\u0142ko.<\/p>\n<p>Z punktu widzenia jednego cz\u0142owieka, to mog\u0142o wygl\u0105da\u0107 na b\u0142\u0105d, ale przy zaanga\u017cowaniu i \u015bwiadomo\u015bci tylu setek ludzi, samej elity, to nie tylko tragedia narodowa, ale i kompromitacja przed ca\u0142ym \u015bwiatem.<\/p>\n","protected":false},"excerpt":{"rendered":"<p>Z du\u017cym za\u017cenowaniem czytam, s\u0142ucham i ogl\u0105dam dziennikarzy, kt\u00f3rzy nie mog\u0105 si\u0119 nadziwi\u0107, \u017ce nikomu (cho\u0107by ministrowi Klichowi) nie zapali\u0142o si\u0119 czerwone \u015bwiate\u0142ko na wiadomo\u015b\u0107 o tym, ile znanych i wa\u017cnych os\u00f3b mia\u0142o lecie\u0107 prezydenckim samolotem. A czy komu\u015b z tych dziennikarek i dziennikarzy za\u015bwieci\u0142o si\u0119 takie \u015bwiate\u0142ko na widok wszystkich os\u00f3b, kt\u00f3re dwa dni [&hellip;]<\/p>\n","protected":false},"author":4,"featured_media":0,"comment_status":"open","ping_status":"open","sticky":false,"template":"","format":"standard","meta":{"footnotes":""},"categories":[1],"tags":[],"_links":{"self":[{"href":"https:\/\/blog.polityka.pl\/passent\/wp-json\/wp\/v2\/posts\/694"}],"collection":[{"href":"https:\/\/blog.polityka.pl\/passent\/wp-json\/wp\/v2\/posts"}],"about":[{"href":"https:\/\/blog.polityka.pl\/passent\/wp-json\/wp\/v2\/types\/post"}],"author":[{"embeddable":true,"href":"https:\/\/blog.polityka.pl\/passent\/wp-json\/wp\/v2\/users\/4"}],"replies":[{"embeddable":true,"href":"https:\/\/blog.polityka.pl\/passent\/wp-json\/wp\/v2\/comments?post=694"}],"version-history":[{"count":0,"href":"https:\/\/blog.polityka.pl\/passent\/wp-json\/wp\/v2\/posts\/694\/revisions"}],"wp:attachment":[{"href":"https:\/\/blog.polityka.pl\/passent\/wp-json\/wp\/v2\/media?parent=694"}],"wp:term":[{"taxonomy":"category","embeddable":true,"href":"https:\/\/blog.polityka.pl\/passent\/wp-json\/wp\/v2\/categories?post=694"},{"taxonomy":"post_tag","embeddable":true,"href":"https:\/\/blog.polityka.pl\/passent\/wp-json\/wp\/v2\/tags?post=694"}],"curies":[{"name":"wp","href":"https:\/\/api.w.org\/{rel}","templated":true}]}}