
{"id":6943,"date":"2021-07-27T11:49:46","date_gmt":"2021-07-27T09:49:46","guid":{"rendered":"https:\/\/passent.blog.polityka.pl\/?p=6943"},"modified":"2021-07-27T14:47:17","modified_gmt":"2021-07-27T12:47:17","slug":"pycha-kaczynskiego-szkodzi-polsce","status":"publish","type":"post","link":"https:\/\/blog.polityka.pl\/passent\/2021\/07\/27\/pycha-kaczynskiego-szkodzi-polsce\/","title":{"rendered":"Pycha Kaczy\u0144skiego szkodzi Polsce"},"content":{"rendered":"\n<p>Dlaczego PiS rozp\u0119ta\u0142 kolejn\u0105 wojn\u0119 \u2013 tym razem wok\u00f3\u0142 TVN? Czy nie wystarcz\u0105 mu konflikty z Uni\u0105 Europejsk\u0105, z mi\u0119dzynarodowymi s\u0105dami i trybuna\u0142ami, z Ameryk\u0105, z Niemcami i z Rosj\u0105 o gazoci\u0105g Nord Stream, wizyty unijnych komisarzy i wys\u0142annika departamentu stanu? Dlaczego prezes to robi i \u015bci\u0105ga na Polsk\u0119 odium niesfornego, rozpuszczonego bachora? Afera wok\u00f3\u0142 \u201elex TVN\u201d ka\u017ce zastanowi\u0107 si\u0119 przez chwil\u0119 nad motywami prezesa Kaczy\u0144skiego.<\/p>\n\n\n\n<!--more-->\n\n\n\n<p>Moim zdaniem jest to przede wszystkim pycha oraz ura\u017cona duma polityka, kt\u00f3ry czuje si\u0119 odrzucony przez elity w kraju i za granic\u0105. Jak pokazuje mapa szczepie\u0144 w Polsce, najni\u017csze wyszczepienie ma miejsce na \u015bcianie wschodniej \u2013 od Polesia do Podkarpacia, czyli w\u015br\u00f3d ludzi biedniejszych i s\u0142abiej wykszta\u0142conych. Wielkomiejskie autorytety (owe nieszcz\u0119sne \u201eelity\u201d) g\u0142osuj\u0105 na partie liberalne i lewicowe. Potwierdza to uk\u0142ad si\u0142 w wolnych mediach. Kaczy\u0144skiemu nie wystarczaj\u0105 pos\u0142uszne media pa\u0144stwowe. Ka\u017cdy sprzeciw, ka\u017cdy przejaw niezale\u017cno\u015bci polityk\u00f3w, medi\u00f3w i ulicy boli i uwiera go jak kamyk w bucie.<\/p>\n\n\n\n<p>Gdyby TVN nie sprzyja\u0142 opozycji, tylko by\u0142 prorz\u0105dowym klakierem, jak niekt\u00f3re gazety i czasopisma, nazywane niezale\u017cnymi, cho\u0107 finansowane za pomoc\u0105 og\u0142osze\u0144 przez rz\u0105d, to nikt by nie mia\u0142 nic przeciwko tej stacji. \u015awiadczy o tym m.in. przed\u0142u\u017cenie licencji pozosta\u0142ym, \u201eniepolitycznym\u201d kana\u0142om TVN. Wszystko rozbija si\u0119 o polityk\u0119, o TVN 24, kt\u00f3ry ma w\u0142asn\u0105, a nie rz\u0105dow\u0105 lini\u0119. Kaczy\u0144ski ma do ameryka\u0144skiej stacji stosunek taki jak do wszelkiej opozycji \u2013 to drugi sort, zdradzieckie mordy, a je\u017celi nie u\u017cy\u0142 jeszcze tego j\u0119zyka, to tylko ze strachu. Dla niego \u2013 i nie tylko dla niego \u2013 TVN jest jednym z gwarant\u00f3w niezale\u017cnego my\u015blenia, a wi\u0119c opozycji. Dlatego trzeba go zniszczy\u0107. Samo istnienie niezale\u017cnej telewizji nie mie\u015bci si\u0119 w g\u0142owie prezesa, chyba \u017ce by\u0142aby to telewizja \u00e0 la Polsat. Prywatna, ale nasza.<\/p>\n\n\n\n<p>Kaczy\u0144ski przej\u0105\u0142 kraj, kt\u00f3ry mia\u0142 dobre stosunki z USA, z Niemcami, z Czechami i w og\u00f3le z Uni\u0105 Europejsk\u0105, kraj, kt\u00f3ry nie budzi\u0142 zainteresowania rozmaitych s\u0105d\u00f3w, komisji, trybuna\u0142\u00f3w mi\u0119dzynarodowych \u2013 od Wenecji do Strasburga i Luksemburga. Kraj, kt\u00f3ry nie by\u0142 przedmiotem troski i niepokoju swoich najwa\u017cniejszych sojusznik\u00f3w, Berlina i Waszyngtonu, a wi\u0119c pa\u0144stw NATO. Dlaczego to wszystko zosta\u0142o popsute? Moim zdaniem stoi za tym pycha i \u017c\u0105dza w\u0142adzy absolutnej. Dop\u00f3ki wyborcy nie zdecyduj\u0105 inaczej, b\u0119dziemy mieli wi\u0119cej tego samego, poniewa\u017c pycha i \u017c\u0105dza w\u0142adzy zawsze s\u0105 nienasycone.<\/p>\n\n\n\n<p><\/p>\n","protected":false},"excerpt":{"rendered":"<p>Dlaczego PiS rozp\u0119ta\u0142 kolejn\u0105 wojn\u0119 \u2013 tym razem wok\u00f3\u0142 TVN? Czy nie wystarcz\u0105 mu konflikty z Uni\u0105 Europejsk\u0105, z mi\u0119dzynarodowymi s\u0105dami i trybuna\u0142ami, z Ameryk\u0105, z Niemcami i z Rosj\u0105 o gazoci\u0105g Nord Stream, wizyty unijnych komisarzy i wys\u0142annika departamentu stanu? Dlaczego prezes to robi i \u015bci\u0105ga na Polsk\u0119 odium niesfornego, rozpuszczonego bachora? Afera wok\u00f3\u0142 [&hellip;]<\/p>\n","protected":false},"author":4,"featured_media":4519,"comment_status":"open","ping_status":"closed","sticky":false,"template":"","format":"standard","meta":{"footnotes":""},"categories":[1],"tags":[],"_links":{"self":[{"href":"https:\/\/blog.polityka.pl\/passent\/wp-json\/wp\/v2\/posts\/6943"}],"collection":[{"href":"https:\/\/blog.polityka.pl\/passent\/wp-json\/wp\/v2\/posts"}],"about":[{"href":"https:\/\/blog.polityka.pl\/passent\/wp-json\/wp\/v2\/types\/post"}],"author":[{"embeddable":true,"href":"https:\/\/blog.polityka.pl\/passent\/wp-json\/wp\/v2\/users\/4"}],"replies":[{"embeddable":true,"href":"https:\/\/blog.polityka.pl\/passent\/wp-json\/wp\/v2\/comments?post=6943"}],"version-history":[{"count":11,"href":"https:\/\/blog.polityka.pl\/passent\/wp-json\/wp\/v2\/posts\/6943\/revisions"}],"predecessor-version":[{"id":6956,"href":"https:\/\/blog.polityka.pl\/passent\/wp-json\/wp\/v2\/posts\/6943\/revisions\/6956"}],"wp:featuredmedia":[{"embeddable":true,"href":"https:\/\/blog.polityka.pl\/passent\/wp-json\/wp\/v2\/media\/4519"}],"wp:attachment":[{"href":"https:\/\/blog.polityka.pl\/passent\/wp-json\/wp\/v2\/media?parent=6943"}],"wp:term":[{"taxonomy":"category","embeddable":true,"href":"https:\/\/blog.polityka.pl\/passent\/wp-json\/wp\/v2\/categories?post=6943"},{"taxonomy":"post_tag","embeddable":true,"href":"https:\/\/blog.polityka.pl\/passent\/wp-json\/wp\/v2\/tags?post=6943"}],"curies":[{"name":"wp","href":"https:\/\/api.w.org\/{rel}","templated":true}]}}