
{"id":695,"date":"2010-05-09T22:36:39","date_gmt":"2010-05-09T20:36:39","guid":{"rendered":"http:\/\/passent.blog.polityka.pl\/?p=695"},"modified":"2010-05-09T22:36:39","modified_gmt":"2010-05-09T20:36:39","slug":"co-na-to-tusk","status":"publish","type":"post","link":"https:\/\/blog.polityka.pl\/passent\/2010\/05\/09\/co-na-to-tusk\/","title":{"rendered":"Co na to Tusk?"},"content":{"rendered":"<p><strong>Jedna rzecz\u00a0 \u0142\u0105czy mnie z Jaros\u0142awem Kaczy\u0144skim: Te\u017c mam pianino, na kt\u00f3rym nie umiem gra\u0107. (Licz\u0119 na to, \u017ce przyda si\u0119 wnukom)<\/strong>.<\/p>\n<p>I jeszcze jedno mam wsp\u00f3lnego z prezesem \u2013 te\u017c nie znam francuskiego. Teoretycznie jestem inteligentem \u017coliborskim, praktycznie du\u017co mi brakuje do tego miana. Bo c\u00f3\u017c to za inteligent, kt\u00f3ry nie umie gra\u0107 na \u017cadnym instrumencie i nie zna francuskiego. O ile pami\u0119tam \u2013 jedno i drugie nie by\u0142o w PRL zakazane, chocia\u017c mo\u017ce\u00a0 na staro\u015b\u0107 majacz\u0119.<\/p>\n<p>Pianino by\u0142o starannie dobranym elementem scenografii, w jakiej prezes Kaczy\u0144ski wyg\u0142osi\u0142 swoje przes\u0142anie do Rosjan (a przede wszystkim do wyborc\u00f3w polskich). Przes\u0142anie starannie zredagowane, kt\u00f3re mimo takich czy innych zastrze\u017ce\u0144, nale\u017cy powita\u0107 z uznaniem. \u015awiadczy ono, \u017ce sukcesy rz\u0105du Tuska w stosunkach z Rosj\u0105 nie pozwalaj\u0105 prezesowi Kaczy\u0144skiemu d\u0142u\u017cej milcze\u0107. Prezes przem\u00f3wi\u0142 nowym g\u0142osem: Nie wspomina\u0142 o polityce na kolanach, jak\u0105 rzekomo prowadz\u0105 Tusk i Sikorski, zapomnia\u0142 o partii bia\u0142ej flagi, a przede wszystkim o partii rosyjskiej, kt\u00f3ra rzekomo istnieje w Polsce. Jaros\u0142aw Kaczy\u0144ski, kt\u00f3ry ma pami\u0119\u0107 znakomit\u0105 \u2013 o tym wszystkim zapomnia\u0142. Ale w sumie, dla dobra stosunk\u00f3w z Rosj\u0105 \u2013 to dobrze, \u017ce zmieni\u0142 nut\u0119, na jakiej gra na swoim pianinie. Wspomnia\u0142 co prawda o NKWD, nie u\u017cy\u0142 s\u0142owa \u201ewyzwoleni\u201d, ale gra\u0142 na inn\u0105 nut\u0119 ni\u017c dotychczas, a to melodia czyni piosenk\u0119.<\/p>\n<p>Wcale mnie ta zmiana nie dziwi. Zr\u0119czny polityk dostosowuje sw\u00f3j wizerunek do sytuacji, cho\u0107 mo\u017ce to by\u0107 uznane za cynizm. Skoro styl Jacka Kurskiego i Joachima Brudzi\u0144skiego okaza\u0142 si\u0119 nieskuteczny, dlaczeg\u00f3\u017c by nie spr\u00f3bowa\u0107 Joanny Kluzik-Rostkowskiej i Paw\u0142a Poncyliusza? Skoro nieufno\u015b\u0107 wobec Rosjan i Niemc\u00f3w okaza\u0142a si\u0119 bezproduktywna, a dialog wygl\u0105da obiecuj\u0105co \u2013 dlaczego si\u0119 nie przy\u0142\u0105czy\u0107? Jak m\u00f3wi\u0105 Anglosasi \u2013 Je\u015bli nie mo\u017cesz ich pobi\u0107, to przy\u0142\u0105cz si\u0119 do nich. Wi\u0119ksza rado\u015b\u0107\u00a0 z jednego nawr\u00f3conego\u2026<\/p>\n<p>Ze zdziwieniem natomiast obserwuj\u0119, jak dziennikarze i politycy nie mog\u0105 doczeka\u0107 si\u0119 na Jaros\u0142awa Kaczy\u0144skiego, a\u017c si\u0119 pojawi i przem\u00f3wi na \u017cywo. Gdy Jacek \u017bakowski w radiu TOK FM wypytywa\u0142 Paw\u0142a Poncyliusza, kiedy w tym studio zasi\u0105dzie prezes PiS \u2013 by\u0142em zdziwiony. Przecie\u017c dzisiaj najwi\u0119ksz\u0105 zagadk\u0105 nie jest to, co powie Kaczy\u0144ski, tylko co powiedz\u0105 Tusk i Platforma. Co powie prezes Kaczy\u0144ski raczej wiadomo, m\u00f3wi\u0105 o tym jego ludzie: rz\u0105d jest winny katastrofy, Klich \u2013 gdyby mia\u0142 odrobin\u0119 honoru \u2013 to by si\u0119 poda\u0142 do dymisji, Polska powinna przej\u0105\u0107 \u015bledztwo, Tusk ma na sumieniu katastrof\u0119, Trzecia RP okaza\u0142a si\u0119 s\u0142aba, wojsko doprowadzone do stanu upad\u0142o\u015bci, Ewa Kopacz opowiada\u0142a banialuki, \u017ce teren katastrofy zosta\u0142 \u201ekilkakrotnie przeczesany\u201d, Komorowski nie powinien by\u0142 podpisa\u0107 ustawy o IPN, a przede wszystkim trzeba budowa\u0107 napi\u0119cie, odk\u0142ada\u0107 pojawienie si\u0119 kandydata PiS w\u015br\u00f3d polityk\u00f3w i dziennikarzy, wzmaga\u0107 oczekiwanie, a\u017c w ko\u0144cu pojawi si\u0119 On, ten najwa\u017cniejszy Kandydat. Ta strategia wydaje si\u0119 dzia\u0142a\u0107, prezes Kaczy\u0144ski wydaje si\u0119 p\u0142yn\u0105\u0107 na fali wsp\u00f3\u0142czucia i solidarno\u015bci \u2013 dlaczeg\u00f3\u017c mia\u0142by z niej schodzi\u0107?<\/p>\n<p>Wszyscy to szanuj\u0105. Je\u017celi w Radiu Zet pani Jakubiak m\u00f3wi do S\u0142awomira Nowaka, \u017ce jest bezczelny i niegodny, to jest to zwyczajna polemika. Gdyby Nowak u\u017cy\u0142 tych s\u0142\u00f3w wobec pani Jakubiak \u2013 by\u0142oby to pogwa\u0142cenie \u017ca\u0142oby. Dlatego Platforma milczy i coraz bardziej wygl\u0105da na to, \u017ce jest zap\u0119dzona w kozi r\u00f3g, boi si\u0119 w\u0142asnego cienia. Tusk jest podobno zr\u0119cznym graczem, cz\u0142owiekiem bez charakteru (tak pisze Cz. Bielecki w \u201eRz\u201d), ma \u015bwietnych spin-doktor\u00f3w, kt\u00f3rzy potrafi\u0105 nie tylko sfotografowa\u0107 pianino, ale i na nim zagra\u0107. Je\u017celi tak, to mo\u017ce kto\u015b wyt\u0142umaczy, kiedy pojawi si\u0119 Platforma i co b\u0119dzie mia\u0142a do powiedzenia? Kiedy pojawi si\u0119 Tusk albo Komorowski i powie: Popatrzcie na Ukrain\u0119 albo na Grecj\u0119 \u2013 tak by\u015bmy wygl\u0105dali, gdyby\u015bmy pos\u0142uchali tych, kt\u00f3rzy wzywali do zwi\u0119kszenia deficytu. Popatrzcie na statystyki za ubieg\u0142y rok i na mi\u0119dzynarodowe prognozy na rok przysz\u0142y \u2013 jeste\u015bmy Number One! Popatrzcie na Rosjan. Nasza polityka ma\u0142ych krok\u00f3w \u2013 popycha ich ku destalinizacji i dekomunizacji. To Andrzej Wajda \u2013 \u201enasz\u201d re\u017cyser &#8211; przem\u00f3wi\u0142 do Rosjan swoim filmem. To na nasze zaproszenie Putin przyjecha\u0142 na Westerplatte, to nasze postulaty spe\u0142niaj\u0105 Rosjanie w pracy nad wyja\u015bnieniem przyczyn katastrofy, to my ich zach\u0119camy, \u017ceby si\u0119gn\u0119li do akt w sprawie zbrodni katy\u0144skiej.<\/p>\n<p>Ciekawe, dlaczego Platforma si\u0119 chowa, jak gdyby by\u0142a wszystkiemu winna,\u00a0 i jak na tej pogrzebowej ciszy wyjdzie. Czy aby nie przedobrzy z tym pe\u0142nym powagi i godno\u015bci milczeniem i nie doprowadzi do tego, czego coraz bardziej obawiaj\u0105 si\u0119 zwolennicy Komorowskiego \u2013 \u017ce wygra Jaros\u0142aw Kaczy\u0144ski.<\/p>\n","protected":false},"excerpt":{"rendered":"<p>Jedna rzecz\u00a0 \u0142\u0105czy mnie z Jaros\u0142awem Kaczy\u0144skim: Te\u017c mam pianino, na kt\u00f3rym nie umiem gra\u0107. (Licz\u0119 na to, \u017ce przyda si\u0119 wnukom). I jeszcze jedno mam wsp\u00f3lnego z prezesem \u2013 te\u017c nie znam francuskiego. Teoretycznie jestem inteligentem \u017coliborskim, praktycznie du\u017co mi brakuje do tego miana. Bo c\u00f3\u017c to za inteligent, kt\u00f3ry nie umie gra\u0107 na [&hellip;]<\/p>\n","protected":false},"author":4,"featured_media":0,"comment_status":"open","ping_status":"open","sticky":false,"template":"","format":"standard","meta":{"footnotes":""},"categories":[1],"tags":[],"_links":{"self":[{"href":"https:\/\/blog.polityka.pl\/passent\/wp-json\/wp\/v2\/posts\/695"}],"collection":[{"href":"https:\/\/blog.polityka.pl\/passent\/wp-json\/wp\/v2\/posts"}],"about":[{"href":"https:\/\/blog.polityka.pl\/passent\/wp-json\/wp\/v2\/types\/post"}],"author":[{"embeddable":true,"href":"https:\/\/blog.polityka.pl\/passent\/wp-json\/wp\/v2\/users\/4"}],"replies":[{"embeddable":true,"href":"https:\/\/blog.polityka.pl\/passent\/wp-json\/wp\/v2\/comments?post=695"}],"version-history":[{"count":0,"href":"https:\/\/blog.polityka.pl\/passent\/wp-json\/wp\/v2\/posts\/695\/revisions"}],"wp:attachment":[{"href":"https:\/\/blog.polityka.pl\/passent\/wp-json\/wp\/v2\/media?parent=695"}],"wp:term":[{"taxonomy":"category","embeddable":true,"href":"https:\/\/blog.polityka.pl\/passent\/wp-json\/wp\/v2\/categories?post=695"},{"taxonomy":"post_tag","embeddable":true,"href":"https:\/\/blog.polityka.pl\/passent\/wp-json\/wp\/v2\/tags?post=695"}],"curies":[{"name":"wp","href":"https:\/\/api.w.org\/{rel}","templated":true}]}}