
{"id":6957,"date":"2021-08-02T10:45:01","date_gmt":"2021-08-02T08:45:01","guid":{"rendered":"https:\/\/passent.blog.polityka.pl\/?p=6957"},"modified":"2021-08-02T11:12:18","modified_gmt":"2021-08-02T09:12:18","slug":"podwyzki-od-nowej-kadencji","status":"publish","type":"post","link":"https:\/\/blog.polityka.pl\/passent\/2021\/08\/02\/podwyzki-od-nowej-kadencji\/","title":{"rendered":"Podwy\u017cki? Od nowej kadencji"},"content":{"rendered":"\n<p>Sytuacja, kiedy w\u0142adza sama sobie podnosi wynagrodzenia, zawsze b\u0119dzie budzi\u0142a sprzeciw. Nie jest zr\u0119cznie ustala\u0107 zarobki sobie, a tak\u017ce np. ma\u0142\u017conce prezydenta, kt\u00f3ra jest r\u00f3\u017cnie oceniana. Inflacja, pandemia \u2013 r\u00f3\u017cne wzgl\u0119dy powoduj\u0105, \u017ce obecna podwy\u017cka jest krytykowana.<\/p>\n\n\n\n<!--more-->\n\n\n\n<p>Jest uzasadniona, poniewa\u017c ludzie, od kt\u00f3rych wymaga si\u0119 wysokich kwalifikacji i odpowiedzialno\u015bci, musz\u0105 by\u0107 odpowiednio wynagradzani, w przeciwnym wypadku nie b\u0119d\u0105 chcieli pracowa\u0107 w administracji pa\u0144stwowej i w samorz\u0105dach. Niekt\u00f3rzy jeszcze trwaj\u0105, ale ich cierpliwo\u015b\u0107 si\u0119 ko\u0144czy. M\u00f3wi si\u0119, \u017ce pos\u0142owie PiS sarkaj\u0105, wi\u0119c prezes kupuje spok\u00f3j we w\u0142asnych szeregach. \u017badna chwila nie jest odpowiednia, \u017ceby podnosi\u0107 wynagrodzenia w\u0142adzy, zw\u0142aszcza TEJ w\u0142adzy (ale tak\u017ce opozycji oraz by\u0142ym prezydentom).<\/p>\n\n\n\n<p>Je\u017celi \u017cadna chwila nie jest odpowiednia, \u017ceby podj\u0105\u0107 decyzj\u0119, to proponuj\u0119 rozdzieli\u0107 decyzj\u0119 od momentu jej podj\u0119cia. Zamiast z\u0142o\u015bci, \u017ce ma\u0142o widoczna pierwsza dama ma otrzymywa\u0107 wysok\u0105 pensj\u0119, \u017ce wi\u0119cej ni\u017c dotychczas b\u0119d\u0105 zarabia\u0107 np. panowie Ziobro, Wa\u0142\u0119sa, pani Senyszyn czy Janusz Kowalski, lepiej, \u017ceby rozporz\u0105dzenie i ustawa wesz\u0142y w \u017cycie od nast\u0119pnej kadencji. W ten spos\u00f3b unikn\u0119\u0142oby si\u0119 przynajmniej cz\u0119\u015bci zarzut\u00f3w, \u017ce np. prezes Kaczy\u0144ski za publiczne pieni\u0105dze kupuje sobie spok\u00f3j we w\u0142asnej partii. Niekt\u00f3re w\u0105tpliwo\u015bci s\u0105 na pewno uzasadnione. Dlatego Kaczy\u0144ski, Morawiecki i Duda wprowadzaj\u0105 podwy\u017cki tylnymi drzwiami \u2013 nie przez Sejm (a nu\u017c odrzuci), tylko przez premiera i prezydenta. I potem si\u0119 dziwi\u0105, \u017ce podwy\u017cka wywo\u0142uje kwasy.<\/p>\n\n\n\n<p>Zamiast chy\u0142kiem nale\u017ca\u0142o ustali\u0107 podwy\u017ck\u0119 tak, jak na to zas\u0142uguje &#8211; po debacie w parlamencie i pocz\u0105wszy od nast\u0119pnej kadencji! Tymczasem rz\u0105dz\u0105cy przerzucili odpowiedzialno\u015b\u0107 na bezpo\u015brednio zainteresowanych, czyli beneficjent\u00f3w pozycji. Pozostaje im \u201egest Borowskiego\u201d \u2013 szlachetny, ale ilu mamy sprawiedliwych?<\/p>\n","protected":false},"excerpt":{"rendered":"<p>Sytuacja, kiedy w\u0142adza sama sobie podnosi wynagrodzenia, zawsze b\u0119dzie budzi\u0142a sprzeciw. Nie jest zr\u0119cznie ustala\u0107 zarobki sobie, a tak\u017ce np. ma\u0142\u017conce prezydenta, kt\u00f3ra jest r\u00f3\u017cnie oceniana. Inflacja, pandemia \u2013 r\u00f3\u017cne wzgl\u0119dy powoduj\u0105, \u017ce obecna podwy\u017cka jest krytykowana.<\/p>\n","protected":false},"author":4,"featured_media":6471,"comment_status":"open","ping_status":"closed","sticky":false,"template":"","format":"standard","meta":{"footnotes":""},"categories":[1],"tags":[],"_links":{"self":[{"href":"https:\/\/blog.polityka.pl\/passent\/wp-json\/wp\/v2\/posts\/6957"}],"collection":[{"href":"https:\/\/blog.polityka.pl\/passent\/wp-json\/wp\/v2\/posts"}],"about":[{"href":"https:\/\/blog.polityka.pl\/passent\/wp-json\/wp\/v2\/types\/post"}],"author":[{"embeddable":true,"href":"https:\/\/blog.polityka.pl\/passent\/wp-json\/wp\/v2\/users\/4"}],"replies":[{"embeddable":true,"href":"https:\/\/blog.polityka.pl\/passent\/wp-json\/wp\/v2\/comments?post=6957"}],"version-history":[{"count":4,"href":"https:\/\/blog.polityka.pl\/passent\/wp-json\/wp\/v2\/posts\/6957\/revisions"}],"predecessor-version":[{"id":6961,"href":"https:\/\/blog.polityka.pl\/passent\/wp-json\/wp\/v2\/posts\/6957\/revisions\/6961"}],"wp:featuredmedia":[{"embeddable":true,"href":"https:\/\/blog.polityka.pl\/passent\/wp-json\/wp\/v2\/media\/6471"}],"wp:attachment":[{"href":"https:\/\/blog.polityka.pl\/passent\/wp-json\/wp\/v2\/media?parent=6957"}],"wp:term":[{"taxonomy":"category","embeddable":true,"href":"https:\/\/blog.polityka.pl\/passent\/wp-json\/wp\/v2\/categories?post=6957"},{"taxonomy":"post_tag","embeddable":true,"href":"https:\/\/blog.polityka.pl\/passent\/wp-json\/wp\/v2\/tags?post=6957"}],"curies":[{"name":"wp","href":"https:\/\/api.w.org\/{rel}","templated":true}]}}