
{"id":696,"date":"2010-05-11T21:56:55","date_gmt":"2010-05-11T19:56:55","guid":{"rendered":"http:\/\/passent.blog.polityka.pl\/?p=696"},"modified":"2010-05-11T22:03:52","modified_gmt":"2010-05-11T20:03:52","slug":"strefa-jadu","status":"publish","type":"post","link":"https:\/\/blog.polityka.pl\/passent\/2010\/05\/11\/strefa-jadu\/","title":{"rendered":"Strefa jadu"},"content":{"rendered":"<p><strong>\u201eTeraz kolej na nasz jad, musimy walczy\u0107 t\u0105 sam\u0105 broni\u0105\u201d \u2013 czytamy w \u201eGazecie Warszawskiej\u201d, pisemku chyba marginalnym, ale i typowym dla nastroj\u00f3w pewnej cz\u0119\u015bci spo\u0142ecze\u0144stwa<\/strong>.<\/p>\n<p>Tej, kt\u00f3r\u0105 reprezentuje Jaros\u0142aw Marek Rymkiewicz, Marcin Wolski, Jan Pospieszalski, niekt\u00f3rzy publicy\u015bci, liczni bojownicy z Internetu, a tak\u017ce ci \u017ca\u0142obnicy z Krakowskiego Przedmie\u015bcia, kt\u00f3rzy mimo g\u0142\u0119bokiego \u017calu, wyzywali dziennikarzy \u201einnej opcji\u201d, l\u017cyli ekipy prywatnej telewizji.<\/p>\n<p>\u201eGazeta Warszawska\u201d to niewielkie pisemko, kt\u00f3re \u015bwiadczy o tym, \u017ce kampania uprawiana jest na kilku poziomach: Na samym szczycie Francja \u2013 elegancja, powa\u017cny m\u0105\u017c stanu, kt\u00f3ry nieoczekiwanie znajduje ciep\u0142e s\u0142owa dla Rosjan, sympatyczna pani Kluzik-Rostkowska, uk\u0142adny Pawe\u0142 Poncyljusz, czy \u2013 z drugiej strony &#8211; oszcz\u0119dny w s\u0142owach Bronis\u0142aw Komorowski. Nawet pose\u0142 PiS Jaros\u0142aw Girzy\u0144ski \u2013 cho\u0107 z Torunia \u2013 w programie Tomasza Lisa by\u0142 do rany przy\u0142\u00f3\u017c.<\/p>\n<p>Pi\u0119tro ni\u017cej s\u0105 media PiS, gdzie ca\u0142y czas trwa kanonada: odebra\u0107 \u015bledztwo, dlaczego rz\u0105d nie wyst\u0105pi\u0142 o \u015bledztwo, od katastrofy min\u0105\u0142 miesi\u0105c, a nic nie wiadomo, panuje chaos informacyjny, skrzynki, odebra\u0107 skrzynki, ujawni\u0107 skrzynki, wyrzuci\u0107 ministra Klicha itd., itd. \u2013 sieczka opozycyjna, kt\u00f3ra wykorzystuje katastrof\u0119.<\/p>\n<p>Poni\u017cej tego poziomu rozci\u0105ga si\u0119 strefa jadu &#8211; w Internecie, w kazaniach niekt\u00f3rych hierarch\u00f3w, r\u00f3wnie\u017c w prasie. Oto cytaty z jednej tylko \u201eGazety Warszawskiej\u201d (7-13 maja), kt\u00f3re ka\u017cdy mo\u017ce sprawdzi\u0107 i poczyta\u0107, jak wygl\u0105da \u017ca\u0142oba, jak wygl\u0105da zjednoczenie, patriotyzm w praktyce (dalsze podkre\u015blenia moje \u2013 Pass):<\/p>\n<p>\u201eJakie s\u0105 przyczyny, dla kt\u00f3rych rz\u0105d Donalda Tuska i PODLEG\u0141E MU MEDIA insynuuj\u0105 Polakom, jakoby nie istnia\u0142o ze strony Rosji \u017cadne zagro\u017cenie, a sprzeciw wobec rosyjskiego \u015bledztwa ka\u017c\u0105 postrzega\u0107 jako sprzeczny z polskim interesem? Z czego wynika BEZGRANICZNE ZAUFANIE jakim politycy tego rz\u0105du zacz\u0119li obdarza\u0107 W\u0142adimira Putina? (\u2026) Polskie s\u0142u\u017cby ochrony pa\u0144stwa, od kilku lat (czytaj: od kiedy rz\u0105dzi Tusk \u2013 Pass) ani razu nie wskaza\u0142y na zagro\u017cenia p\u0142yn\u0105ce ze strony s\u0142u\u017cb i agentury rosyjskiej.<\/p>\n<p>\u2026Na mocy porozumienia funkcjonariuszy megas\u0142u\u017cb sowieckich z prowadzon\u0105 przez nich agentur\u0105 (w Polsce \u2013 Pass.), doprowadzono do obrad \u2018okr\u0105g\u0142ego sto\u0142u\u2019 i dokonano tzw. transformacji ustrojowej\u201d.<\/p>\n<p>\u201eG\u0142osowa\u0107, jak chc\u0105 Rosjanie! Rosjanie prowadz\u0105 w Polsce w\u0142asn\u0105, niezwykle skuteczn\u0105 polityk\u0119 i wspieraj\u0105 jeden z oboz\u00f3w politycznych i jednego z kandydat\u00f3w. (\u2026). G\u0142osowa\u0107 na Komorowskiego, czyli tak by by\u0142o na r\u0119k\u0119 Rosji\u2026\u201d<\/p>\n<p>Lud wyszed\u0142 na ulice. \u201eZamiast kompletowa\u0107 sobie dzie\u0142a zebrane Michnika, Konwickiego, Wajdy, Friszkego, \u015arody itp., sam zacz\u0105\u0142 przemawia\u0107 (\u2026) zacz\u0105\u0142 g\u0142owy podnosi\u0107, k\u0142amc\u00f3w nazywa\u0107 po imieniu i nazwisku, a oszczercom zaleca\u0107 wycofanie si\u0119 z \u017cycia politycznego\u201d.<\/p>\n<p>\u201eTeraz kolej na nasz jad, musimy walczy\u0107 t\u0105 sam\u0105 broni\u0105.\u201d. Polacy nie mog\u0105 czu\u0107 si\u0119 bezpiecznie. Nasze pa\u0144stwo nie dzia\u0142a. Finanse \u2013 na czele kt\u00f3rych stoi ksi\u0119gowy rodem z GS-u. \u201ePrzez 3 lata rz\u0105dzenia PO wraz z PSL-em doprowadzi\u0142a do ruiny pa\u0144stwo polskie. (\u2026) NIE dla rz\u0105du, kt\u00f3remu nie ufamy, i dla medialnych b\u0142azn\u00f3w, kt\u00f3rymi gardzimy. Do tej pory siedzieli\u015bmy cicho i pokornie, cho\u0107 byli\u015bmy opluwani jako nar\u00f3d; szydzono z naszego patriotyzmu, religii, narodowych symboli (\u2026). Teraz to my stawiamy warunki i m\u00f3wimy NIE okr\u0105g\u0142osto\u0142owym pop\u0142uczynom, grubej kresce, aferom\u2026<\/p>\n<p>Jedyn\u0105 nadziej\u0105 Internet i strony szkaluj\u0105ce i oskar\u017caj\u0105ce PiS o lanie jadu i \u017c\u00f3\u0142ci. Teraz kolej na nasz jad.\u201d (Fragmenty tekstu z Salonu 24).<\/p>\n<p>\u201ePolityczno-medialne kar\u0142y zn\u00f3w nadaj\u0105\u201d, \u201efunkcjonariusze z Czerskiej\u201d \u2013 oto j\u0119zyk ludzi pogr\u0105\u017conych w \u017ca\u0142obie i w b\u00f3lu, zmienionych przez tragedi\u0119. Jeden z nich, tak\u017ce z Salonu 24, pisze: \u201eO wyciszeniu spor\u00f3w politycznych, innym j\u0119zyku debaty, przywr\u00f3ceniu standard\u00f3w ju\u017c mo\u017cemy zapomnie\u0107\u201d. To jedno z nielicznych prawdziwych zda\u0144 w ca\u0142ym tym potoku jadu. Ten jad p\u0142ynie, pocz\u0105wszy od renomowanych publicyst\u00f3w, a na internetowej i gazetkowej tw\u00f3rczo\u015bci sko\u0144czywszy. To ju\u017c nie s\u0105 harce Palikota czy Niesio\u0142owskiego, Brudzi\u0144skiego czy Jacka Kurskiego \u2013 to szumowina, kt\u00f3ra si\u0119 rozla\u0142a po kraju, to strefa jadu.<\/p>\n","protected":false},"excerpt":{"rendered":"<p>\u201eTeraz kolej na nasz jad, musimy walczy\u0107 t\u0105 sam\u0105 broni\u0105\u201d \u2013 czytamy w \u201eGazecie Warszawskiej\u201d, pisemku chyba marginalnym, ale i typowym dla nastroj\u00f3w pewnej cz\u0119\u015bci spo\u0142ecze\u0144stwa. Tej, kt\u00f3r\u0105 reprezentuje Jaros\u0142aw Marek Rymkiewicz, Marcin Wolski, Jan Pospieszalski, niekt\u00f3rzy publicy\u015bci, liczni bojownicy z Internetu, a tak\u017ce ci \u017ca\u0142obnicy z Krakowskiego Przedmie\u015bcia, kt\u00f3rzy mimo g\u0142\u0119bokiego \u017calu, wyzywali dziennikarzy [&hellip;]<\/p>\n","protected":false},"author":4,"featured_media":0,"comment_status":"open","ping_status":"open","sticky":false,"template":"","format":"standard","meta":{"footnotes":""},"categories":[1],"tags":[],"_links":{"self":[{"href":"https:\/\/blog.polityka.pl\/passent\/wp-json\/wp\/v2\/posts\/696"}],"collection":[{"href":"https:\/\/blog.polityka.pl\/passent\/wp-json\/wp\/v2\/posts"}],"about":[{"href":"https:\/\/blog.polityka.pl\/passent\/wp-json\/wp\/v2\/types\/post"}],"author":[{"embeddable":true,"href":"https:\/\/blog.polityka.pl\/passent\/wp-json\/wp\/v2\/users\/4"}],"replies":[{"embeddable":true,"href":"https:\/\/blog.polityka.pl\/passent\/wp-json\/wp\/v2\/comments?post=696"}],"version-history":[{"count":0,"href":"https:\/\/blog.polityka.pl\/passent\/wp-json\/wp\/v2\/posts\/696\/revisions"}],"wp:attachment":[{"href":"https:\/\/blog.polityka.pl\/passent\/wp-json\/wp\/v2\/media?parent=696"}],"wp:term":[{"taxonomy":"category","embeddable":true,"href":"https:\/\/blog.polityka.pl\/passent\/wp-json\/wp\/v2\/categories?post=696"},{"taxonomy":"post_tag","embeddable":true,"href":"https:\/\/blog.polityka.pl\/passent\/wp-json\/wp\/v2\/tags?post=696"}],"curies":[{"name":"wp","href":"https:\/\/api.w.org\/{rel}","templated":true}]}}