
{"id":697,"date":"2010-05-13T22:51:43","date_gmt":"2010-05-13T20:51:43","guid":{"rendered":"http:\/\/passent.blog.polityka.pl\/?p=697"},"modified":"2010-05-13T22:51:43","modified_gmt":"2010-05-13T20:51:43","slug":"fabryka-snow","status":"publish","type":"post","link":"https:\/\/blog.polityka.pl\/passent\/2010\/05\/13\/fabryka-snow\/","title":{"rendered":"Fabryka sn\u00f3w"},"content":{"rendered":"<p><strong>Jaros\u0142aw Kaczy\u0144ski w pierwszym wywiadzie (ale \u015bwi\u0119to!) dla bloger\u00f3w Salonu 24 m\u00f3wi, \u017ce po 10 kwietnia mo\u017ce by\u0107 \u201ewi\u0119cej wsp\u00f3\u0142pracy\u201d i powinno by\u0107 mo\u017cliwe \u201ezawarcie kompromis\u00f3w\u201d. Wida\u0107, \u017ce fabryka sn\u00f3w przenios\u0142a si\u0119 z Hollywood do Polski<\/strong>.<\/p>\n<p>Ka\u017c\u0105 nam zapomnie\u0107 o IV RP, o pytaniach w rodzaju \u201eczy Platforma jest parti\u0105 polsk\u0105?\u201d, o \u0142\u017ce-elicie i ZOMO na rzecz przyjaznej wsp\u00f3\u0142pracy i kompromisu. Ja w ten nowy wizerunek nie bardzo wierz\u0119, widzia\u0142em ju\u017c niejednego go\u0142\u0105bka pokoju. Ale te\u017c nie b\u0119d\u0119 do niego strzela\u0142.<\/p>\n<p>Interesuje mnie natomiast mechanizm tworzenia nowego wizerunku, i jak to si\u0119 dzieje, \u017ce ludzie go kupuj\u0105. Na temat superprodukcji polskiego Hollywood pt. \u201eOr\u0119dzie Jaros\u0142awa Kaczy\u0144skiego do przyjaci\u00f3\u0142 Rosjan\u201d, wiele ciekawych spostrze\u017ce\u0144 przyni\u00f3s\u0142 \u201eSuper Express\u201d, kt\u00f3ry przy pomocy specjalist\u00f3w od wizerunku zinterpretowa\u0142 scenografi\u0119, w jakiej wyg\u0142osi\u0142 swoje przes\u0142anie prezes PiS. Okazuje si\u0119, \u017ce or\u0119dzie sfilmowano nie w domu prezesa, ale w kawiarni Muzeum Powstania Warszawskiego, kt\u00f3ra udawa\u0142a mieszkanie inteligencji \u017coliborskiej. \u201eNa pr\u00f3\u017cno tu szuka\u0107 partyjnego logo &#8211; czytamy. W oczy rzuca\u0142y si\u0119 za to pianino (muzyka \u0142agodzi obyczaje), stary zegar (symbolizuje pami\u0119\u0107), bia\u0142e tulipany (symbol niewinno\u015bci i odrodzonego \u017cycia), ksi\u0105\u017cki (kojarz\u0105 si\u0119 z nauk\u0105 i wiedz\u0105), oraz srebrny imbryk i serweta (nawi\u0105zanie do tradycji i prostoty). Prezes PiS pokaza\u0142 si\u0119 r\u00f3wnie\u017c w okularach, kt\u00f3re \u0142agodzi\u0142y rysy jego twarzy i dodawa\u0142y powagi\u201d. Specjali\u015bci podkre\u015blaj\u0105, \u017ce prezes upodabnia si\u0119 do nie\u017cyj\u0105cego brata, a tak\u017ce, i\u017c wybra\u0142 form\u0119 (or\u0119dzie czy przes\u0142anie do innego narodu), kt\u00f3ra przys\u0142uguje raczej g\u0142owie pa\u0144stwa lub szefowi rz\u0105du ni\u017c szefowi partii.<\/p>\n<p>Ciekawe, \u017ce zmiana wizerunku prezesa odbywa si\u0119 w tak ostentacyjny spos\u00f3b. Nie tylko w tre\u015bci, ale i w formie prezes PiS zmieni\u0142 si\u0119 z dnia na dzie\u0144, nie bacz\u0105c na to, czy ludzie uznaj\u0105 t\u0119 metamorfoz\u0119 za autentyczn\u0105. Wiele wskazuje na to, \u017ce \u201eg\u0142upi nar\u00f3d to kupi\u201d \u2013 jak m\u00f3wi\u0142 pewien polityk PiS, odsuni\u0119ty dzi\u015b na margines. W tej sytuacji prezes najwi\u0119ksze szanse ma w\u015br\u00f3d m\u0142odzie\u017cy, tej, kt\u00f3ra b\u0119dzie g\u0142osowa\u0107 po raz pierwszy, nie pami\u0119ta IV RP, chce w patriotycznym odruchu solidarno\u015bci wesprze\u0107 tragicznie do\u015bwiadczonego kandydata.<\/p>\n<p>Zmian\u0119 wizerunku przechodzi te\u017c Joanna Kluzik-Rostkowska, kt\u00f3ra sama m\u00f3wi, \u017ce kto\u015b do niej przyszed\u0142 i zrobi\u0142 jej makija\u017c. Przemian\u0119 t\u0119 opisuje \u201eFakt\u201d: Kiedy\u015b okulary, niestaranne uczesanie, szerokie spodnie niefortunnej d\u0142ugo\u015bci do p\u00f3\u0142 \u0142ydki, i \u017cakiet, \u201eskraca\u0142y sylwetk\u0119\u201d. Teraz w\u0142osy prosto od stylisty, szk\u0142a kontaktowe, dopasowana sukienka, buty na obcasie, \u017cakiet w \u017cywych kolorach \u2013 inny cz\u0142owiek.<\/p>\n<p>Inna jest tak\u017ce tre\u015b\u0107. W wywiadzie dla \u201eGazety\u201d 13 V szefowa sztabu prezesa Kaczy\u0144skiego wykonuje unik za unikiem. \u017badnej konfrontacji. Wypowied\u017a Paw\u0142a Poncyljusza, \u017ce list kilkunastu rodzin ofiar katastrofy to element gry? \u201eNie s\u0142ysza\u0142am\u201d. PiS wykorzystuje tragedi\u0119? \u201eNie k\u0142\u00f3c\u0119 si\u0119 z badaniami, ale sztab nie u\u017cywa tragedii do cel\u00f3w politycznych\u201d. Film Pospieszalskiego i krew na r\u0119kach Tuska? \u201eNie mam kontakt\u00f3w z TVP i nie ogl\u0105da\u0142am filmu. Jana Pospieszalskiego widzia\u0142am dwa lata temu\u2026\u201d Macierewicz w \u201eGazecie Polskiej\u201d m\u00f3wi, \u017ce wraz ze startem samolotu zatrzasn\u0119\u0142a si\u0119 gigantyczna pu\u0142apka? \u201eNie czyta\u0142am tej \u2018Gazety Polskiej\u2019\u201d. Doszukiwanie si\u0119 przez prezesa PiS cz\u0142onk\u00f3w KPP w\u015br\u00f3d przodk\u00f3w redaktor\u00f3w \u201eGW\u201d? \u201eTego te\u017c nie s\u0142ysza\u0142am, trudno mi to skomentowa\u0107\u201d. Kaczy\u0144ski dzi\u0119kuje Rosjanom, a tymczasem klub parlamentarny PiS stawia wniosek o odebranie \u015bledztwa Rosji? \u201eTo jest pytanie do klubu, nie ka\u017cdy ruch jest uzgodniony miedzy klubem a sztabem\u201d(!!!), czyli prezes nie wiedzia\u0142 (?), \u017ce PiS z\u0142o\u017cy taki wniosek. Itd., itp. Kto chce \u2013 niech wierzy.<\/p>\n<p>Mo\u017cna powiedzie\u0107, \u017ce grzecznie, ale bez zb\u0119dnych czu\u0142o\u015bci i &#8211; jak wynika z sonda\u017cy \u2013 skutecznie, polskie Hollywood zarzuci\u0142o szeryfa i Bonda na rzecz komedii z happy endem. I teraz nie lubi, kiedy widzowie pytaj\u0105, a gdzie strzelanina, gdzie si\u0119 podziali policjanci i z\u0142odzieje? Sympatycy PiS w mediach maj\u0105 za z\u0142e, kiedy \u201estraszy si\u0119\u201d Czwart\u0105 RP i prezesem z przed 10 kwietnia. Dziwnie to brzmi w ustach ludzi, kt\u00f3rzy \u017cyj\u0105 przesz\u0142o\u015bci\u0105, potrafi\u0105 rozpami\u0119tywa\u0107 co kto robi\u0142 p\u00f3\u0142 wieku temu, w czasie wojny, a nawet co robili jego rodzice i dziadkowie.<\/p>\n<p>\u017beby by\u0142a jasno\u015b\u0107: popieram te metamorfozy. Przyjemniej patrze\u0107 na osob\u0119 eleganck\u0105 i po makija\u017cu, ni\u017c na kobiet\u0119 zaniedban\u0105. Lepiej, kiedy polityk \u2013 cho\u0107by z wyrachowania &#8211; jest pe\u0142en dobrej woli, sk\u0142onny do dialogu i kompromisu, ni\u017c kiedy jest spontanicznie zaci\u0119ty i k\u0142\u00f3tliwy. Nawet, je\u015bli udaje.<\/p>\n<p>Ale niekt\u00f3re metamorfozy s\u0105 komiczne. Anna Kalata, kt\u00f3ra by\u0142a ministrem w rz\u0105dzie PiS, pojecha\u0142a do Indii, tam dozna\u0142a ol\u015bnienia, w rezultacie schud\u0142a o 38 kg, a ponadto rozwiod\u0142a si\u0119 po 27 latach ma\u0142\u017ce\u0144stwa: \u201eRozeszli\u015bmy si\u0119 dwa lata temu. Nikomu si\u0119 z tego nie zwierzam, BO TO NIE BY\u0141A DLA MNIE , DLA NAS, BARDZO BOLESNA SPRAWA. PO PROSTU JA SOBIE WYZNACZY\u0141AM INNE CELE\u201d \u2013 m\u00f3wi w pi\u015bmie \u201eViva\u201d. To jest dopiero metamorfoza! \u0141atwiej bezbole\u015bnie rozwie\u015b\u0107 si\u0119 ze swoim m\u0119\u017cem po 27 latach, oraz z 38 kilogramami, ni\u017c ze swoim dawnym wizerunkiem, zw\u0142aszcza kiedy cz\u0142owiek postawi\u0142 sobie inne cele.<\/p>\n","protected":false},"excerpt":{"rendered":"<p>Jaros\u0142aw Kaczy\u0144ski w pierwszym wywiadzie (ale \u015bwi\u0119to!) dla bloger\u00f3w Salonu 24 m\u00f3wi, \u017ce po 10 kwietnia mo\u017ce by\u0107 \u201ewi\u0119cej wsp\u00f3\u0142pracy\u201d i powinno by\u0107 mo\u017cliwe \u201ezawarcie kompromis\u00f3w\u201d. Wida\u0107, \u017ce fabryka sn\u00f3w przenios\u0142a si\u0119 z Hollywood do Polski. Ka\u017c\u0105 nam zapomnie\u0107 o IV RP, o pytaniach w rodzaju \u201eczy Platforma jest parti\u0105 polsk\u0105?\u201d, o \u0142\u017ce-elicie i ZOMO [&hellip;]<\/p>\n","protected":false},"author":4,"featured_media":0,"comment_status":"open","ping_status":"open","sticky":false,"template":"","format":"standard","meta":{"footnotes":""},"categories":[1],"tags":[],"_links":{"self":[{"href":"https:\/\/blog.polityka.pl\/passent\/wp-json\/wp\/v2\/posts\/697"}],"collection":[{"href":"https:\/\/blog.polityka.pl\/passent\/wp-json\/wp\/v2\/posts"}],"about":[{"href":"https:\/\/blog.polityka.pl\/passent\/wp-json\/wp\/v2\/types\/post"}],"author":[{"embeddable":true,"href":"https:\/\/blog.polityka.pl\/passent\/wp-json\/wp\/v2\/users\/4"}],"replies":[{"embeddable":true,"href":"https:\/\/blog.polityka.pl\/passent\/wp-json\/wp\/v2\/comments?post=697"}],"version-history":[{"count":0,"href":"https:\/\/blog.polityka.pl\/passent\/wp-json\/wp\/v2\/posts\/697\/revisions"}],"wp:attachment":[{"href":"https:\/\/blog.polityka.pl\/passent\/wp-json\/wp\/v2\/media?parent=697"}],"wp:term":[{"taxonomy":"category","embeddable":true,"href":"https:\/\/blog.polityka.pl\/passent\/wp-json\/wp\/v2\/categories?post=697"},{"taxonomy":"post_tag","embeddable":true,"href":"https:\/\/blog.polityka.pl\/passent\/wp-json\/wp\/v2\/tags?post=697"}],"curies":[{"name":"wp","href":"https:\/\/api.w.org\/{rel}","templated":true}]}}