
{"id":6973,"date":"2021-08-10T23:05:32","date_gmt":"2021-08-10T21:05:32","guid":{"rendered":"https:\/\/passent.blog.polityka.pl\/?p=6973"},"modified":"2021-08-10T23:34:23","modified_gmt":"2021-08-10T21:34:23","slug":"kaczynski-trybunal-stanu-i-wieczne-potepienie","status":"publish","type":"post","link":"https:\/\/blog.polityka.pl\/passent\/2021\/08\/10\/kaczynski-trybunal-stanu-i-wieczne-potepienie\/","title":{"rendered":"Kaczy\u0144ski \u2013 Trybuna\u0142 Stanu i wieczne pot\u0119pienie"},"content":{"rendered":"\n<p>Chamski spos\u00f3b, w jaki prezes Kaczy\u0144ski dobi\u0142 swojego koalicyjnego partnera Jaros\u0142awa Gowina i zako\u0144czy\u0142 Zjednoczon\u0105 Prawic\u0119, na d\u0142ugo pozostanie w naszej pami\u0119ci.<\/p>\n\n\n\n<!--more-->\n\n\n\n<p>\u017badnego spotkania, \u017cadnego podzi\u0119kowania za sze\u015b\u0107 lat wsp\u00f3\u0142pracy \u2013 nic, tylko afront, bo o tym, \u017ce zosta\u0142 wyrzucony, Gowin dowiedzia\u0142 si\u0119 z komunikatu dla medi\u00f3w. Musia\u0142 zaj\u015b\u0107 Kaczy\u0144skiemu dobrze za sk\u00f3r\u0119, skoro prezes zapomnia\u0142, \u017ce jest inteligentem z \u017boliborza i zachowa\u0142 si\u0119 bez klasy, poni\u017caj\u0105c na koniec Gowina. Lider Porozumienia, jaki by nie by\u0142, pope\u0142ni\u0142 grzech \u015bmiertelny &#8211; sprzeciwi\u0142 si\u0119 Kaczy\u0144skiemu, cho\u0107by ratuj\u0105c Polsk\u0119 przed \u201ewyborami&#8221; pocztowymi. No, ale nie licz\u0105 si\u0119 maniery \u2013 liczy si\u0119 polityka. Jaki jest krajobraz po bitwie?<\/p>\n\n\n\n<p>Po pierwsze, pandemia trwa, a koalicja rz\u0105dz\u0105ca, partia i rz\u0105d zaj\u0119ci s\u0105 bratob\u00f3jcz\u0105 walk\u0105 o w\u0142adz\u0119. 10 sierpnia 2021 r. sko\u0144czy\u0142a si\u0119 Zjednoczona Prawica. Jak na prawic\u0119 i na Polsk\u0119 \u2013 i tak przetrwa\u0142a d\u0142ugo. Jutro zacznie si\u0119 (a mo\u017ce ju\u017c zako\u0144czy) dokupywanie g\u0142os\u00f3w, \u017ceby Kaczy\u0144ski znalaz\u0142 wi\u0119kszo\u015b\u0107 co najmniej 231 g\u0142os\u00f3w potrzebnych do uchwalenia lex TVN.<\/p>\n\n\n\n<p>Po drugie, jest to pot\u0119\u017cny cios w wolno\u015b\u0107 s\u0142owa, w wolno\u015b\u0107 medi\u00f3w w Polsce. Zaciska si\u0119 p\u0119tla wok\u00f3\u0142 TVN, zarzucona przez Kaczy\u0144skiego, \u017ceby zamordowa\u0107 jedyn\u0105 niezale\u017cn\u0105 stacj\u0119 (a w\u0142a\u015bciwie kana\u0142 TVN24). Kaczy\u0144ski i jego wsp\u00f3lnicy dzia\u0142aj\u0105 bezwzgl\u0119dnie i systematycznie: najpierw zamienili telewizj\u0119 \u201epubliczn\u0105\u201d w telewizj\u0119 partyjn\u0105, a w\u0142a\u015bciwie prywatn\u0105 prezesa. Potem sprywatyzowali (za pa\u0144stwowe pieni\u0105dze) ponad 20 gazet terenowych i dorobek wydawnictwa Polska Press, kt\u00f3re zamienili w Orlen Press. Teraz zmierzaj\u0105 wprost po telewizj\u0119 ameryka\u0144sk\u0105. Tylko dlatego, \u017ce TVN24 jest niezale\u017cna, obiektywna, a mo\u017ce jeszcze gorzej \u2013 bywa, podobnie jak opozycja, krytyczna wobec jedynow\u0142adcy Kaczy\u0144skiego.<\/p>\n\n\n\n<p>Prezes musia\u0142 doj\u015b\u0107 do wniosku, \u017ce je\u017celi nie zaknebluje TVN24, to przegra wybory, zw\u0142aszcza \u017ce do gry w\u0142\u0105czy\u0142 si\u0119 Donald Tusk i od razu spowodowa\u0142 trz\u0119sienie w sonda\u017cach. Nie wiadomo, co podziwia\u0107: konsekwencj\u0119 Kaczy\u0144skiego (najpierw Trybuna\u0142 Konstytucyjny, potem s\u0105downictwo, wymiar sprawiedliwo\u015bci, teraz media) czy jego bezwzgl\u0119dno\u015b\u0107 i bezczelno\u015b\u0107 w ustanawianiu systemu autorytarnego. 10 sierpnia 2021 r. to ju\u017c koniec wszelkich z\u0142udze\u0144 co do demokracji w Polsce.<\/p>\n\n\n\n<p>Po trzecie, Kaczy\u0144ski wykona\u0142 wrogi gest wobec naszego najwa\u017cniejszego sojusznika \u2013 Stan\u00f3w Zjednoczonych. Mimo wielu ostrze\u017ce\u0144 z Waszyngtonu, w tym z Bia\u0142ego Domu, porwa\u0142 si\u0119 na najwi\u0119ksz\u0105 inwestycj\u0119 ameryka\u0144sk\u0105 w Polsce, naruszaj\u0105c tym samym uk\u0142ady i porozumienia, post\u0119puj\u0105c wbrew naszym \u017cywotnym interesom oraz wolno\u015bci s\u0142owa, do kt\u00f3rej Stany Zjednoczone przywi\u0105zuj\u0105 ogromne znacznie. Kaczy\u0144ski po\u015bwi\u0119ci\u0142 interes narodowy na rzecz utrzymania si\u0119 u w\u0142adzy. Za to nale\u017cy mu si\u0119 Trybuna\u0142 Stanu (ma\u0142o prawdopodobne przy tym i nast\u0119pnym Sejmie) i wieczne pot\u0119pienie. To ostatnie &#8211; murowane.<\/p>\n\n\n\n<p><strong>Zaproszenie<\/strong><br>Naszymi go\u015b\u0107mi w TOK FM w niedziel\u0119 15 sierpnia o godz. 10:05 b\u0119d\u0105 profesor Magdalena \u015aroda, etyk (UW), oraz Zbigniew Ho\u0142dys, muzyk i publicysta.<\/p>\n","protected":false},"excerpt":{"rendered":"<p>Chamski spos\u00f3b, w jaki prezes Kaczy\u0144ski dobi\u0142 swojego koalicyjnego partnera Jaros\u0142awa Gowina i zako\u0144czy\u0142 Zjednoczon\u0105 Prawic\u0119, na d\u0142ugo pozostanie w naszej pami\u0119ci.<\/p>\n","protected":false},"author":4,"featured_media":5131,"comment_status":"open","ping_status":"closed","sticky":false,"template":"","format":"standard","meta":{"footnotes":""},"categories":[1],"tags":[],"_links":{"self":[{"href":"https:\/\/blog.polityka.pl\/passent\/wp-json\/wp\/v2\/posts\/6973"}],"collection":[{"href":"https:\/\/blog.polityka.pl\/passent\/wp-json\/wp\/v2\/posts"}],"about":[{"href":"https:\/\/blog.polityka.pl\/passent\/wp-json\/wp\/v2\/types\/post"}],"author":[{"embeddable":true,"href":"https:\/\/blog.polityka.pl\/passent\/wp-json\/wp\/v2\/users\/4"}],"replies":[{"embeddable":true,"href":"https:\/\/blog.polityka.pl\/passent\/wp-json\/wp\/v2\/comments?post=6973"}],"version-history":[{"count":7,"href":"https:\/\/blog.polityka.pl\/passent\/wp-json\/wp\/v2\/posts\/6973\/revisions"}],"predecessor-version":[{"id":6981,"href":"https:\/\/blog.polityka.pl\/passent\/wp-json\/wp\/v2\/posts\/6973\/revisions\/6981"}],"wp:featuredmedia":[{"embeddable":true,"href":"https:\/\/blog.polityka.pl\/passent\/wp-json\/wp\/v2\/media\/5131"}],"wp:attachment":[{"href":"https:\/\/blog.polityka.pl\/passent\/wp-json\/wp\/v2\/media?parent=6973"}],"wp:term":[{"taxonomy":"category","embeddable":true,"href":"https:\/\/blog.polityka.pl\/passent\/wp-json\/wp\/v2\/categories?post=6973"},{"taxonomy":"post_tag","embeddable":true,"href":"https:\/\/blog.polityka.pl\/passent\/wp-json\/wp\/v2\/tags?post=6973"}],"curies":[{"name":"wp","href":"https:\/\/api.w.org\/{rel}","templated":true}]}}