
{"id":6983,"date":"2021-08-12T23:24:08","date_gmt":"2021-08-12T21:24:08","guid":{"rendered":"https:\/\/passent.blog.polityka.pl\/?p=6983"},"modified":"2021-08-12T23:59:15","modified_gmt":"2021-08-12T21:59:15","slug":"nazywajmy-rzeczy-po-imieniu","status":"publish","type":"post","link":"https:\/\/blog.polityka.pl\/passent\/2021\/08\/12\/nazywajmy-rzeczy-po-imieniu\/","title":{"rendered":"Nazywajmy rzeczy po imieniu"},"content":{"rendered":"\n<p>Wiele os\u00f3b przeciera oczy ze zdumienia. Jak to jest mo\u017cliwe, \u017ce w \u015brodku Europy w XXI w. w\u0142adza robi, co chce. Jest poza wszelk\u0105 kontrol\u0105? Modne sta\u0142o si\u0119 s\u0142owo \u201eautokratyzm\u201d, kt\u00f3re s\u0142u\u017cy jako synonim dyktatury.<\/p>\n\n\n\n<!--more-->\n\n\n\n<p>Czego jeszcze trzeba, \u017ceby\u015bmy zacz\u0119li nazywa\u0107 rzeczy po imieniu? \u017be nie wtr\u0105caj\u0105 do wi\u0119zienia? A po co maj\u0105 wtr\u0105ca\u0107, skoro i bez tego maj\u0105, co chc\u0105? \u017be ludzie nie znikaj\u0105 z ulic, jak za czas\u00f3w Pinocheta? A po co ich porywa\u0107, je\u017celi s\u0105 bezsilni? \u017be nie ma G\u0142\u00f3wnego Urz\u0119du Kontroli Prasy, Publikacji i Widowisk? Cenzura to narz\u0119dzie prostak\u00f3w. Ten sam efekt mo\u017cna osi\u0105gn\u0105\u0107 subtelniejszymi metodami. Teatry obsadza si\u0119 swoimi lud\u017ami, kt\u00f3rzy wiedz\u0105, co jest cenzuralne. Filmy finansuje si\u0119 takie, jakie na to zas\u0142uguj\u0105. Galerie i muzea oddaje si\u0119 w zaufane r\u0119ce. \u017badnych Morawi\u0144skich i Machcewicz\u00f3w \u2013 dr Nawrocki jest lepszy od nich wszystkich razem wzi\u0119tych, bo ma wi\u0119cej polskich gen\u00f3w.<\/p>\n\n\n\n<p>Po co cenzura, skoro jest Kurski? Jeden cz\u0142owiek wart jest wi\u0119cej ni\u017c ca\u0142e zast\u0119pcy gryzipi\u00f3rk\u00f3w. I ta\u0144szy od nich \u2013 wystarczaj\u0105 marne 2 mld rocznie. \u017be TVN si\u0119 stawia? Wystarczy jedno s\u0142owo i tefa\u0142enu nie ma. Je\u017celi tak nie robimy, to dlatego, \u017ce jeste\u015bmy demokracj\u0105 parlamentarn\u0105 \u2013 mamy pluralizm, rozmaite partie, niezale\u017cn\u0105 marsza\u0142ek, procedury, ustawy, poprawki, glosowania. Niekt\u00f3re sprawy trwaj\u0105 kilka dni, a nawet kilka godzin.<\/p>\n\n\n\n<p>Czego jeszcze trzeba, \u017ceby m\u00f3wi\u0107 o dyktaturze, a nie o \u017cadnym autorytaryzmie? Jeden cz\u0142owiek trzyma w gar\u015bci wszystko: polityk\u0119 gospodarcz\u0105, wewn\u0119trzn\u0105 i zagraniczn\u0105, premiera i ministr\u00f3w ma na gwizdek. Ma\u0142o? Si\u0142y zbrojne, Wojska Obrony Terytorialnej im. Antoniego Macierewicza, policj\u0119 jawn\u0105 i tajn\u0105 \u2013 czego jeszcze chcie\u0107? Ko\u015bci\u00f3\u0142 nie mo\u017ce narzeka\u0107 &#8211; klechy maj\u0105 wszystko, czego zapragn\u0105. Rzucamy na tac\u0119 wi\u0119cej ni\u017c kiedykolwiek. Szkolnictwo, edukacja coraz bardziej s\u0142u\u017c\u0105 praniu m\u00f3zg\u00f3w. Minister Czarnek \u2013 na nim mo\u017cna polega\u0107. Cz\u0142owiek \u015bwiecki, a jednocze\u015bnie chrze\u015bcijanin, jakich ma\u0142o.<\/p>\n\n\n\n<p>Polityk\u0119 zagraniczn\u0105 prezes ustala tylko z sob\u0105 samym. I s\u0105 rezultaty. Polska powsta\u0142a z kolan. Za czas\u00f3w Tuska pies z kulaw\u0105 nog\u0105 si\u0119 nami nie interesowa\u0142. A dzisiaj \u2013 prosz\u0119 bardzo: Waszyngton, Bruksela, zapytajcie, kogo chcecie, ka\u017cdy wie, gdzie le\u017cy Polska. Departament stanu, Bia\u0142y Dom, Berlin, Tel Awiw \u2013 wsz\u0119dzie wiadomo, \u017ce z nami trzeba si\u0119 liczy\u0107. I nikt nas nie kupi posadk\u0105 ch\u0142opca na posy\u0142ki w Unii albo w NATO. \u017be wycofaj\u0105 swoich ch\u0142opc\u00f3w z Polski do Rumunii? Bzdura. Najkr\u00f3tsza droga z Moskwy do Berlina, do Pary\u017ca i do Zag\u0142\u0119bia Ruhry prowadzi przez Polsk\u0119, a nie przez Bukareszt. Oni potrzebuj\u0105 nas nie mniej ni\u017c my ich.<\/p>\n\n\n\n<p>M\u00f3g\u0142bym tak jeszcze d\u0142ugo, ale chyba ka\u017cdy widzi, \u017ce to nie jest \u017caden &#8211; jak mu tam &#8211; \u017caden autorytaryzm, \u017caden autorytet, tylko po prostu dyktatura. W ko\u0144cu w Rosji te\u017c ludzie nie znikaj\u0105 z ulic, ka\u017cdy ma paszport, Riviera i Karlowe Wary s\u0105 pe\u0142ne Rosjan. I prezydenta wybieraj\u0105 w wyborach. Czym on jest lepszy od naszego?<\/p>\n\n\n\n<p>Wi\u0119c bardzo prosz\u0119 \u2013 nazywajmy rzeczy po imieniu.<\/p>\n\n\n\n<p><strong>Zaproszenie<\/strong><br>Jak co tydzie\u0144 zapraszam na spotkanie 15 sierpnia o godz. 10:05 w TOK FM z naszymi go\u015b\u0107mi: profesor Magdalen\u0105 \u015arod\u0105 (etyk, UW) i Zbigniewem Ho\u0142dysem, muzykiem i publicyst\u0105.<\/p>\n","protected":false},"excerpt":{"rendered":"<p>Wiele os\u00f3b przeciera oczy ze zdumienia. Jak to jest mo\u017cliwe, \u017ce w \u015brodku Europy w XXI w. w\u0142adza robi, co chce. Jest poza wszelk\u0105 kontrol\u0105? Modne sta\u0142o si\u0119 s\u0142owo \u201eautokratyzm\u201d, kt\u00f3re s\u0142u\u017cy jako synonim dyktatury.<\/p>\n","protected":false},"author":4,"featured_media":6554,"comment_status":"open","ping_status":"closed","sticky":false,"template":"","format":"standard","meta":{"footnotes":""},"categories":[1],"tags":[],"_links":{"self":[{"href":"https:\/\/blog.polityka.pl\/passent\/wp-json\/wp\/v2\/posts\/6983"}],"collection":[{"href":"https:\/\/blog.polityka.pl\/passent\/wp-json\/wp\/v2\/posts"}],"about":[{"href":"https:\/\/blog.polityka.pl\/passent\/wp-json\/wp\/v2\/types\/post"}],"author":[{"embeddable":true,"href":"https:\/\/blog.polityka.pl\/passent\/wp-json\/wp\/v2\/users\/4"}],"replies":[{"embeddable":true,"href":"https:\/\/blog.polityka.pl\/passent\/wp-json\/wp\/v2\/comments?post=6983"}],"version-history":[{"count":8,"href":"https:\/\/blog.polityka.pl\/passent\/wp-json\/wp\/v2\/posts\/6983\/revisions"}],"predecessor-version":[{"id":6991,"href":"https:\/\/blog.polityka.pl\/passent\/wp-json\/wp\/v2\/posts\/6983\/revisions\/6991"}],"wp:featuredmedia":[{"embeddable":true,"href":"https:\/\/blog.polityka.pl\/passent\/wp-json\/wp\/v2\/media\/6554"}],"wp:attachment":[{"href":"https:\/\/blog.polityka.pl\/passent\/wp-json\/wp\/v2\/media?parent=6983"}],"wp:term":[{"taxonomy":"category","embeddable":true,"href":"https:\/\/blog.polityka.pl\/passent\/wp-json\/wp\/v2\/categories?post=6983"},{"taxonomy":"post_tag","embeddable":true,"href":"https:\/\/blog.polityka.pl\/passent\/wp-json\/wp\/v2\/tags?post=6983"}],"curies":[{"name":"wp","href":"https:\/\/api.w.org\/{rel}","templated":true}]}}