
{"id":699,"date":"2010-05-17T23:40:16","date_gmt":"2010-05-17T21:40:16","guid":{"rendered":"http:\/\/passent.blog.polityka.pl\/?p=699"},"modified":"2010-05-17T23:40:16","modified_gmt":"2010-05-17T21:40:16","slug":"kaczynski-wybiera-przyszlosc","status":"publish","type":"post","link":"https:\/\/blog.polityka.pl\/passent\/2010\/05\/17\/kaczynski-wybiera-przyszlosc\/","title":{"rendered":"Kaczy\u0144ski wybiera przysz\u0142o\u015b\u0107"},"content":{"rendered":"<p><strong>\u201eZostawmy IV RP, rozmawiajmy o przysz\u0142o\u015bci\u201d \u2013 pod takim tytu\u0142em na stronach \u201eRz\u201d ukaza\u0142 si\u0119 wywiad z Jaros\u0142awem Kaczy\u0144skim. Pierwsze, co przychodzi na my\u015bl, to parafraza: \u201eZostawmy PRL, rozmawiajmy o przysz\u0142o\u015bci\u201d. Tak m\u00f3wi\u0142 Aleksander (\u201ewybierzmy przysz\u0142o\u015b\u0107\u201d) Kwa\u015bniewski<\/strong>.<\/p>\n<p>To \u201epostkomunistom\u201d na ka\u017cdym kroku wyci\u0105gano przesz\u0142o\u015b\u0107, a\u017c wybrali sobie na kandydata Grzegorza Napieralskiego &#8211; m\u0142odego cz\u0142owieka, bez przesz\u0142o\u015bci, a mo\u017ce i bez przysz\u0142o\u015bci. To \u201epostkomunistom\u201d m\u00f3wiono, \u017ce zacieraj\u0105 przesz\u0142o\u015b\u0107, wykorzystuj\u0105 amnezj\u0119, wybielaj\u0105 PRL, albo &#8211; \u201ewybieraj\u0105 przysz\u0142o\u015b\u0107\u201d, bo wstydz\u0105 si\u0119 przesz\u0142o\u015bci.<\/p>\n<p>I teraz takim j\u0119zykiem bez pami\u0119ci przemawia do nas Jaros\u0142aw Kaczy\u0144ski: \u201eNie m\u00f3wi\u0119 o IV RP, nie m\u00f3wmy o IV RP\u201d, zw\u0142aszcza \u017ce Czwart\u0105 RP \u201estraszy si\u0119 dzieci\u201d &#8211; powiada. Zgoda, Panie Prezesie, nie m\u00f3wmy o IV RP. Ale kandydat PiS na prezydenta m\u00f3wi: \u201eJestem, jaki by\u0142em\u201d, tymczasem w obszernej rozmowie nie wspomina ani s\u0142owem o \u201euk\u0142adzie\u201d, kt\u00f3ry rz\u0105dzi Polsk\u0105. Gdzie on si\u0119 podzia\u0142? Czy zosta\u0142 zniszczony, i dzie\u0142o PiS zosta\u0142o wykonane, nie wymaga wi\u0119c kontynuacji? Czy by\u0142 wymy\u015blony przez chytrych polityk\u00f3w? Gdzie si\u0119 podziali postkomuni\u015bci, o kt\u00f3rych zaledwie kilka lat temu prezes m\u00f3wi\u0142, \u017ce s\u0105 niebezpiecze\u0144stwem nr 1? Gdzie si\u0119 podzia\u0142y IPN i CBA \u2013 kluczowe instytucje PiS? Czy o nich te\u017c mamy nie wspomina\u0107? Gdzie podzia\u0142y si\u0119 wredne media, polskoj\u0119zyczne, ale pochodzenia agenturalnego? Gdzie s\u0105 dobrzy patrioci i \u201epartia rosyjska\u201d, a tak\u017ce pytanie, czy Platforma jest parti\u0105 polsk\u0105? Nawet zdumieni i bardzo \u017cyczliwi dziennikarze \u201eRzepy\u201d pytaj\u0105, gdzie jest podzia\u0142 na Polsk\u0119 solidarn\u0105 i Polsk\u0119 liberaln\u0105, na co prezes \u201eprosi, \u017ceby do tego nie wraca\u0107\u201d. Gdzie jest lustracja \u2013 czy ju\u017c nie jest potrzebna? Gdzie jest nieustraszony redaktor Mazurek z \u201eRz\u201d \u2013 dlaczego to nie on rozmawia\u0142 z kandydatem PiS. Czy\u017cby postanowiono oszcz\u0119dzi\u0107 prezesowi tej przykro\u015bci?<\/p>\n<p>Metamorfoza Jaros\u0142awa Kaczy\u0144skiego jest tak kompletna, \u017ce prezes zacz\u0105\u0142 nawet dobrze m\u00f3wi\u0107 o publicznej s\u0142u\u017cbie zdrowia! Nie ma ju\u017c \u201edra G.\u201d i jego pogromcy, gdzie\u015b si\u0119 podzia\u0142 Zbigniew Ziobro \u2013 Znak Zorro czwartej RP. Teraz, od kiedy bli\u017cej zapozna\u0142 si\u0119 z rzeczywisto\u015bci\u0105 szpitaln\u0105, kandydat PiS \u201ejest pe\u0142en szacunku i podziwu dla tych, kt\u00f3rzy pracuj\u0105 w publicznym szpitalu\u201d. Biedni i bogaci s\u0105 tam \u201eleczeni z jednakow\u0105 fachowo\u015bci\u0105 i ofiarno\u015bci\u0105\u201d. Teraz nagle okazuje si\u0119, \u017ce lekarze i piel\u0119gniarki s\u0105 ofiarni, a nie wymuszaj\u0105 \u0142ap\u00f3wek, jeszcze troch\u0119, a oka\u017ce si\u0119, \u017ce piel\u0119gniarki mia\u0142y powody, by zamieszka\u0107 w bia\u0142ym miasteczku przed URM.<\/p>\n<p>Wywiad Jaros\u0142awa Kaczy\u0144skiego zaskakuje tylko g\u0142\u0119bi\u0105 jego przemiany i pe\u0142nym zanikiem pami\u0119ci, co zdumiewa u cz\u0142owieka, kt\u00f3ry mia\u0142 pami\u0119\u0107 znakomit\u0105. Reszta to bana\u0142y, o kt\u00f3rych m\u00f3wi\u0105 wszyscy politycy: wsp\u00f3\u0142praca, jedno\u015b\u0107, s\u0142u\u017cba zdrowia, autostrady, drogi ekspresowe, rozw\u00f3j wsi, pomaganie przedsi\u0119biorczo\u015bci, no i sfery niedostatku. Szczeg\u00f3lnie dotkliwy jest niedostatek pami\u0119ci.<\/p>\n<p>W tym samym numerze \u201eRz\u201d artyku\u0142 \u201eSze\u015b\u0107 twarzy Janusza Palikota\u201d i rysunek Andrzeja Krauzego, na kt\u00f3rym wilk pyta owieczk\u0119: \u201eJanusz, to ty\u201d? Zgadnijcie o kogo chodzi?<\/p>\n","protected":false},"excerpt":{"rendered":"<p>\u201eZostawmy IV RP, rozmawiajmy o przysz\u0142o\u015bci\u201d \u2013 pod takim tytu\u0142em na stronach \u201eRz\u201d ukaza\u0142 si\u0119 wywiad z Jaros\u0142awem Kaczy\u0144skim. Pierwsze, co przychodzi na my\u015bl, to parafraza: \u201eZostawmy PRL, rozmawiajmy o przysz\u0142o\u015bci\u201d. Tak m\u00f3wi\u0142 Aleksander (\u201ewybierzmy przysz\u0142o\u015b\u0107\u201d) Kwa\u015bniewski. To \u201epostkomunistom\u201d na ka\u017cdym kroku wyci\u0105gano przesz\u0142o\u015b\u0107, a\u017c wybrali sobie na kandydata Grzegorza Napieralskiego &#8211; m\u0142odego cz\u0142owieka, bez [&hellip;]<\/p>\n","protected":false},"author":4,"featured_media":0,"comment_status":"open","ping_status":"open","sticky":false,"template":"","format":"standard","meta":{"footnotes":""},"categories":[1],"tags":[],"_links":{"self":[{"href":"https:\/\/blog.polityka.pl\/passent\/wp-json\/wp\/v2\/posts\/699"}],"collection":[{"href":"https:\/\/blog.polityka.pl\/passent\/wp-json\/wp\/v2\/posts"}],"about":[{"href":"https:\/\/blog.polityka.pl\/passent\/wp-json\/wp\/v2\/types\/post"}],"author":[{"embeddable":true,"href":"https:\/\/blog.polityka.pl\/passent\/wp-json\/wp\/v2\/users\/4"}],"replies":[{"embeddable":true,"href":"https:\/\/blog.polityka.pl\/passent\/wp-json\/wp\/v2\/comments?post=699"}],"version-history":[{"count":0,"href":"https:\/\/blog.polityka.pl\/passent\/wp-json\/wp\/v2\/posts\/699\/revisions"}],"wp:attachment":[{"href":"https:\/\/blog.polityka.pl\/passent\/wp-json\/wp\/v2\/media?parent=699"}],"wp:term":[{"taxonomy":"category","embeddable":true,"href":"https:\/\/blog.polityka.pl\/passent\/wp-json\/wp\/v2\/categories?post=699"},{"taxonomy":"post_tag","embeddable":true,"href":"https:\/\/blog.polityka.pl\/passent\/wp-json\/wp\/v2\/tags?post=699"}],"curies":[{"name":"wp","href":"https:\/\/api.w.org\/{rel}","templated":true}]}}