
{"id":6993,"date":"2021-08-21T10:54:39","date_gmt":"2021-08-21T08:54:39","guid":{"rendered":"https:\/\/passent.blog.polityka.pl\/?p=6993"},"modified":"2021-08-21T11:56:26","modified_gmt":"2021-08-21T09:56:26","slug":"duda-zapomnial-wyslac-zyczenia-tvn24-ale","status":"publish","type":"post","link":"https:\/\/blog.polityka.pl\/passent\/2021\/08\/21\/duda-zapomnial-wyslac-zyczenia-tvn24-ale\/","title":{"rendered":"Duda zapomnia\u0142 wys\u0142a\u0107 \u017cyczenia TVN24, ale\u2026"},"content":{"rendered":"\n<p>Co prawda w oczach wielu wyborc\u00f3w Andrzej Duda nie ma przysz\u0142o\u015bci politycznej (pe\u0142ni drug\u0105, ostatni\u0105 kadencj\u0119 jako prezydent RP), a pisz\u0105c dosadniej, \u201ejest sko\u0144czony jako polityk\u201d, ale jest to cz\u0142owiek m\u0142ody i mo\u017ce nas jeszcze niejednym zaskoczy\u0107.<\/p>\n\n\n\n<!--more-->\n\n\n\n<p>Jest lojalnym prezydentem Prawa i Sprawiedliwo\u015bci, ale na pewno nie chcia\u0142by p\u00f3j\u015b\u0107 na dno razem z ark\u0105 Kaczy\u0144skiego, kt\u00f3ra nabiera wody. Dlatego 15 sierpnia, w przem\u00f3wieniu z okazji \u015awi\u0119ta Wojska Polskiego (Duda uwielbia takie uroczysto\u015bci), da\u0142 jasny sygna\u0142, \u017ce mo\u017ce zawetowa\u0107 lex TVN w obecnej postaci, je\u017celi ustawa przebrnie przez parlament i trafi na jego biurko.<\/p>\n\n\n\n<p>Przypomnia\u0142, \u017ce prezydent (Duda lubi o sobie m\u00f3wi\u0107 w trzeciej osobie, per \u201eprezydent\u201d) stoi na stra\u017cy i broni \u201ezasady wolno\u015bci s\u0142owa, swobody prowadzenia dzia\u0142alno\u015bci gospodarczej, a tak\u017ce zasady prawa w\u0142asno\u015bci i wszystkich innych zasad konstytucyjnych: r\u00f3wnego traktowania, zasady proporcjonalno\u015bci i wszystkiego tego, co wa\u017cne w pa\u0144stwie demokratycznym\u2026\u201d. Trudno o bardziej wyrazisty sygna\u0142, i\u017c lex TVN stanowi drastyczne naruszenie tych zasad, ale czy prezydent zdecyduje si\u0119 zawetowa\u0107 ustaw\u0119 b\u0119d\u0105c\u0105 oczkiem w g\u0142owie prezesa?<\/p>\n\n\n\n<p>Jest to ustawa o wielkim znaczeniu dla przysz\u0142o\u015bci Polski jako pa\u0144stwa demokratycznego, a tak\u017ce dla stosunk\u00f3w z USA. W oczach opozycji demokratycznej jest wr\u0119cz symboliczna, zwiastuje koniec wolnych medi\u00f3w w naszym kraju, ale zarazem jest ostatni\u0105 szans\u0105 dla Dudy, jak gdyby lin\u0105 ratunkow\u0105 rzucon\u0105 przez los prezydentowi.<\/p>\n\n\n\n<p>Podpisuj\u0105c ustaw\u0119, Duda nie zaskoczy nikogo. Tak post\u0119puje od ponad sze\u015bciu lat. W razie gdyby zdecydowa\u0142 si\u0119 odes\u0142a\u0107 ustaw\u0119 do Trybuna\u0142u p. Przy\u0142\u0119bskiej \u2013 by\u0142by to kolejny unik bez znaczenia. Tylko wetuj\u0105c haniebn\u0105 ustaw\u0119 wymierzon\u0105 w TVN, prezydent spr\u00f3bowa\u0142by skorzysta\u0107 z szansy poprawy swojego bilansu w kraju i w stosunkach z USA, o kt\u00f3re tak dba\u0142 za czas\u00f3w Trumpa.<\/p>\n\n\n\n<p>Zr\u00f3bmy wszystko, \u017ceby mu w tym dopom\u00f3c. Nawet je\u017celi prezydent Duda nie wys\u0142a\u0142 swoich gratulacji z okazji jubileuszu TVN24, to podejrzewam, \u017ce od czasu do czasu chy\u0142kiem je ogl\u0105da. Wi\u0119kszo\u015b\u0107 komentator\u00f3w (-ek) straci\u0142a wszelkie z\u0142udzenia co do prezydenta, ale ja uwa\u017cam, \u017ce nie wolno rezygnowa\u0107 i dop\u00f3ki jest iskierka nadziei, nale\u017cy w ni\u0105 dmucha\u0107, a nie gasi\u0107.<\/p>\n","protected":false},"excerpt":{"rendered":"<p>Co prawda w oczach wielu wyborc\u00f3w Andrzej Duda nie ma przysz\u0142o\u015bci politycznej (pe\u0142ni drug\u0105, ostatni\u0105 kadencj\u0119 jako prezydent RP), a pisz\u0105c dosadniej, \u201ejest sko\u0144czony jako polityk\u201d, ale jest to cz\u0142owiek m\u0142ody i mo\u017ce nas jeszcze niejednym zaskoczy\u0107.<\/p>\n","protected":false},"author":4,"featured_media":6068,"comment_status":"open","ping_status":"closed","sticky":false,"template":"","format":"standard","meta":{"footnotes":""},"categories":[1],"tags":[],"_links":{"self":[{"href":"https:\/\/blog.polityka.pl\/passent\/wp-json\/wp\/v2\/posts\/6993"}],"collection":[{"href":"https:\/\/blog.polityka.pl\/passent\/wp-json\/wp\/v2\/posts"}],"about":[{"href":"https:\/\/blog.polityka.pl\/passent\/wp-json\/wp\/v2\/types\/post"}],"author":[{"embeddable":true,"href":"https:\/\/blog.polityka.pl\/passent\/wp-json\/wp\/v2\/users\/4"}],"replies":[{"embeddable":true,"href":"https:\/\/blog.polityka.pl\/passent\/wp-json\/wp\/v2\/comments?post=6993"}],"version-history":[{"count":5,"href":"https:\/\/blog.polityka.pl\/passent\/wp-json\/wp\/v2\/posts\/6993\/revisions"}],"predecessor-version":[{"id":6998,"href":"https:\/\/blog.polityka.pl\/passent\/wp-json\/wp\/v2\/posts\/6993\/revisions\/6998"}],"wp:featuredmedia":[{"embeddable":true,"href":"https:\/\/blog.polityka.pl\/passent\/wp-json\/wp\/v2\/media\/6068"}],"wp:attachment":[{"href":"https:\/\/blog.polityka.pl\/passent\/wp-json\/wp\/v2\/media?parent=6993"}],"wp:term":[{"taxonomy":"category","embeddable":true,"href":"https:\/\/blog.polityka.pl\/passent\/wp-json\/wp\/v2\/categories?post=6993"},{"taxonomy":"post_tag","embeddable":true,"href":"https:\/\/blog.polityka.pl\/passent\/wp-json\/wp\/v2\/tags?post=6993"}],"curies":[{"name":"wp","href":"https:\/\/api.w.org\/{rel}","templated":true}]}}