
{"id":70,"date":"2006-06-22T09:32:18","date_gmt":"2006-06-22T07:32:18","guid":{"rendered":"http:\/\/passent.blog.polityka.pl\/?p=70"},"modified":"2006-06-22T09:32:18","modified_gmt":"2006-06-22T07:32:18","slug":"stop-wariatom-politycznym","status":"publish","type":"post","link":"https:\/\/blog.polityka.pl\/passent\/2006\/06\/22\/stop-wariatom-politycznym\/","title":{"rendered":"Stop wariatom politycznym"},"content":{"rendered":"<p>Szkoda, \u017ce \u015brodowisko psychiatryczne wypowiedzia\u0142o si\u0119 przeciwko kampanii \u2018stop wariatom drogowym\u2019, aczkolwiek rozumiem intencje. Jaka\u015b kampania by\u0142a by jednak na miejscu, poniewa\u017c:<\/p>\n<p>Kto przy zdrowych zmys\u0142ach mianuje na szefa kluczowej dla energetyki sp\u00f3\u0142ki PGNiG cz\u0142owieka, kt\u00f3ry ma postawiony zarzut prokuratorski o niegospodarno\u015b\u0107? (Zak\u0142adaj\u0105c, \u017ce prokuratura by\u0142a niezale\u017cna, co w Polsce jest za\u0142o\u017ceniem ryzykownym).<\/p>\n<p>Kto\u00a0 zdr\u00f3w na ciele i umy\u015ble\u00a0 mianuje na szefa jednej z najwa\u017cniejszych sp\u00f3\u0142ek Skarbu Pa\u0144stwa, jak\u0105 jest PZU, adwokata o niejasnej reputacji?<br \/>\nKto przy zdrowych zmys\u0142ach nie og\u0142asza\u00a0 reprymendy dla tych, kt\u00f3rzy nie sprawdzili kandydat\u00f3w na tak wa\u017cne stanowiska?<\/p>\n<p>Kto przy dobrym zdrowiu zamiast uderzy\u0107 si\u0119 w piersi i odwo\u0142a\u0107 nominacj\u0119 prezesa Netzela, czeka a\u017c nadejdzie wyja\u015bnienie z raju podatkowego na wyspie Jersey? Czy decyzja premiera du\u017cego pa\u0144stwa europejskiego mo\u017ce zale\u017ce\u0107 od tego czy i jakie nadejdzie wyja\u015bnienie z raju podatkowego? Przecie\u017c dlatego to jest raj, \u017ce tam przymykaj\u0105 oczy na grzechy, w przeciwnym wypadku nie mieliby samych anio\u0142k\u00f3w.<\/p>\n<p>Jaki inny premier robi z pi\u0142ki no\u017cnej spraw\u0119 wagi pa\u0144stwowej? Najpierw, przed pierwszym meczem reprezentacji, idzie do szatni zawodnik\u00f3w, a potem, po ich pora\u017cce, zapowiada, \u017ce je\u015bli PZPN nie rozliczy si\u0119 ze startu, to on\u00a0 im w tym pomo\u017ce? Jaka szkoda, \u017ce przed nominacj\u0105 pp. Marca (PGNiG) i Netzla (PZU) nikt nie poszed\u0142 do szatni prezesa Rady Ministr\u00f3w i nie u\u015bwiadomi\u0142 mu, jakie wa\u017cne to s\u0105 decyzje, a teraz nikt nie m\u00f3wi Panu Premierowi, \u017ce powinien si\u0119 rozliczy\u0107 z tych nominacji, bo jak nie to mu pomo\u017ce.<\/p>\n<p>Jaka szkoda, \u017ce nikt nie poszed\u0142 do szatni PiS oraz P.O. i nie rozdzieli\u0142 obu stron, m\u00f3wi\u0105c \u201eprzesta\u0144cie si\u0119 bra\u0107 za \u0142by\u201d, zajmijcie si\u0119 tym, co naprawd\u0119 wa\u017cne. \u017be nikt nie we\u017amie na smycz bullteriera, jamniki i ca\u0142\u0105 t\u0119 szczekaj\u0105c\u0105 mena\u017ceri\u0119? Ile\u017c to roboty dla psychiatr\u00f3w!<\/p>\n<p>Kto przy zdrowych zmys\u0142ach m\u00f3g\u0142 s\u0105dzi\u0107, \u017ce Andrzej Lepper b\u0119dzie pos\u0142usznie podnosi\u0142 r\u0119k\u0119 w Sejmie, kiedy mu PiS ka\u017ce, a nie b\u0119dzie usi\u0142owa\u0142 wepchn\u0105\u0107 swoich ludzi na stanowiska, bo to si\u0119 prezesowi nie podoba? Kto, jako tako trze\u017awy, uwierzy marsza\u0142kowi Jurkowi, \u017ce kiedy koalicja wybra\u0142a Krajow\u0105 Rad\u0119 do Spraw Radiofonii i Telewizji, rady nadzorcze radia i TV, a te powo\u0142a\u0142y zarz\u0105d i prezesa\u00a0 TVP, to nie by\u0142y to nominacje polityczne, a kiedy Lepper forsuje swoj\u0105 kandydatk\u0119 na szefa TVP 3, to jest ingerencja polityka w obsad\u0119 niezale\u017cnych medi\u00f3w publicznych?<\/p>\n<p>Jak dwaj najwa\u017cniejsi ludzie w Polsce \u2013 prezydent, kt\u00f3ry popar\u0142 Jaros\u0142awa Kurskiego w sprawie billbord\u00f3w i marsza\u0142ek Sejmu, mog\u0105 tak\u00a0 anga\u017cowa\u0107 autorytet swoich urz\u0119d\u00f3w w raczej m\u0119tnych sprawach, zamiast powiedzie\u0107 \u201eStop wariatom politycznym!\u201d<\/p>\n","protected":false},"excerpt":{"rendered":"<p>Szkoda, \u017ce \u015brodowisko psychiatryczne wypowiedzia\u0142o si\u0119 przeciwko kampanii \u2018stop wariatom drogowym\u2019, aczkolwiek rozumiem intencje. Jaka\u015b kampania by\u0142a by jednak na miejscu, poniewa\u017c: Kto przy zdrowych zmys\u0142ach mianuje na szefa kluczowej dla energetyki sp\u00f3\u0142ki PGNiG cz\u0142owieka, kt\u00f3ry ma postawiony zarzut prokuratorski o niegospodarno\u015b\u0107? (Zak\u0142adaj\u0105c, \u017ce prokuratura by\u0142a niezale\u017cna, co w Polsce jest za\u0142o\u017ceniem ryzykownym). Kto\u00a0 zdr\u00f3w [&hellip;]<\/p>\n","protected":false},"author":4,"featured_media":0,"comment_status":"open","ping_status":"open","sticky":false,"template":"","format":"standard","meta":{"footnotes":""},"categories":[1],"tags":[],"_links":{"self":[{"href":"https:\/\/blog.polityka.pl\/passent\/wp-json\/wp\/v2\/posts\/70"}],"collection":[{"href":"https:\/\/blog.polityka.pl\/passent\/wp-json\/wp\/v2\/posts"}],"about":[{"href":"https:\/\/blog.polityka.pl\/passent\/wp-json\/wp\/v2\/types\/post"}],"author":[{"embeddable":true,"href":"https:\/\/blog.polityka.pl\/passent\/wp-json\/wp\/v2\/users\/4"}],"replies":[{"embeddable":true,"href":"https:\/\/blog.polityka.pl\/passent\/wp-json\/wp\/v2\/comments?post=70"}],"version-history":[{"count":0,"href":"https:\/\/blog.polityka.pl\/passent\/wp-json\/wp\/v2\/posts\/70\/revisions"}],"wp:attachment":[{"href":"https:\/\/blog.polityka.pl\/passent\/wp-json\/wp\/v2\/media?parent=70"}],"wp:term":[{"taxonomy":"category","embeddable":true,"href":"https:\/\/blog.polityka.pl\/passent\/wp-json\/wp\/v2\/categories?post=70"},{"taxonomy":"post_tag","embeddable":true,"href":"https:\/\/blog.polityka.pl\/passent\/wp-json\/wp\/v2\/tags?post=70"}],"curies":[{"name":"wp","href":"https:\/\/api.w.org\/{rel}","templated":true}]}}