
{"id":700,"date":"2010-05-21T07:16:42","date_gmt":"2010-05-21T05:16:42","guid":{"rendered":"http:\/\/passent.blog.polityka.pl\/?p=700"},"modified":"2010-05-21T07:22:58","modified_gmt":"2010-05-21T05:22:58","slug":"dwie-tragedie","status":"publish","type":"post","link":"https:\/\/blog.polityka.pl\/passent\/2010\/05\/21\/dwie-tragedie\/","title":{"rendered":"Dwie tragedie"},"content":{"rendered":"<p><strong>Jeszcze cz\u0142owiek nie odzyska\u0142 r\u00f3wnowagi po katastrofie, a ju\u017c nadszed\u0142 kataklizm. W tych warunkach trudno pisa\u0107 o czymkolwiek innym, bo wszystko inne wydaje si\u0119 niewa\u017cne<\/strong>.<\/p>\n<p>Nasuwa si\u0119 pytanie: Czy oba te wydarzenia \u2013 katastrofa lotnicza i pow\u00f3d\u017a &#8211; maj\u0105 co\u015b ze sob\u0105 wsp\u00f3lnego? Moim zdaniem \u2013 tak. Nie wiem, jak to nazwa\u0107 \u2013 niestaranno\u015bci\u0105, luzactwem, lekcewa\u017ceniem norm i przepis\u00f3w, bylejako\u015bci\u0105, zacofaniem cywilizacyjnym? \u2013 Dok\u0142adnie nie wiem, ale co\u015b w tym jest.<\/p>\n<p>Nawet ci, kt\u00f3rzy uwa\u017caj\u0105, \u017ce przyczyny katastrofy pod Smole\u0144skiem by\u0142y polityczne (b\u0142\u0119dna decyzja o drugich obchodach, presja odczuwana \u2013 nawet je\u015bli nie by\u0142a wywierana &#8211; przez pilot\u00f3w), musz\u0105 przyzna\u0107, \u017ce du\u017co by\u0142o ba\u0142aganiarstwa i bylejako\u015bci. Nie mo\u017cna wszystkiego zwala\u0107 na ludzi, na ofiary. Ju\u017c pomijam uwagi dotycz\u0105ce szkolenia pilot\u00f3w, ale lot by\u0142 nie do ko\u0144ca przygotowany, l\u0105dowanie na lotniskach zapasowych nie by\u0142o powa\u017cnie brane pod uwag\u0119 (o czym \u015bwiadczy okre\u015blenie godziny wylotu bez wystarczaj\u0105cego \u201ezapasu\u201d na dojazd z lotniska zapasowego), op\u00f3\u017anienie na starcie, brak wiadomo\u015bci o warunkach meteo w Smole\u0144sku, niewystarczaj\u0105ce przygotowanie do l\u0105dowania w Smole\u0144sku, zlekcewa\u017cenie kolejnych ostrze\u017ce\u0144 z lotniska i od za\u0142ogi polskiego samolotu, kt\u00f3ry wyl\u0105dowa\u0142 wcze\u015bniej \u2013 wszystko to sk\u0142ada si\u0119 na tragedi\u0119 wr\u0119cz niewyobra\u017caln\u0105, na kompromitacj\u0119 i na katastrof\u0119, jakiej nie by\u0142o w dziejach \u015bwiata. A jednocze\u015bnie wszystko to sk\u0142ada si\u0119 na t\u0119 Polsk\u0119 przed-nowoczesn\u0105, zwan\u0105 pogardliwie polnische Wirtschaft, na lekcewa\u017cenie rozmaitych norm, na nisk\u0105 kultur\u0119 pracy, na pewne zacofanie cywilizacyjne.<\/p>\n<p>M\u00f3wi si\u0119, \u017ce w czasie tragedii pa\u0144stwo polskie okaza\u0142o si\u0119 silne. Bez problem\u00f3w marsza\u0142ek Sejmu zacz\u0105\u0142 pe\u0142ni\u0107 obowi\u0105zki prezydenta, wykonano ogromn\u0105, pe\u0142na po\u015bwi\u0119cenia prac\u0119 na miejscu, w Smole\u0144sku, w Moskwie (Ewie Kopacz nale\u017c\u0105 si\u0119 ogromne s\u0142owa uznania), w Krakowie, w Warszawie, podczas prawie stu pogrzeb\u00f3w, roztoczono opiek\u0119 nad rodzinami ofiar. Ale pa\u0144stwo \u2013 takie silne po tragedii &#8211; okaza\u0142o si\u0119 s\u0142abe PRZED tragedi\u0105. Przecie\u017c te wszystkie przyczyny, jakie z\u0142o\u017cy\u0142y si\u0119 na katastrof\u0119, nie wynika\u0142y ze z\u0142ych charakter\u00f3w, z\u0142o nie tkwi w ludziach, tylko w systemie pracy, szkolenia, sposobie my\u015blenia, w funkcjonowaniu spo\u0142ecze\u0144stwa i pa\u0144stwa oraz jego instytucji, w tym instytucji tak pa\u0144stwowej jak wojsko, i organ\u00f3w tak pa\u0144stwowych, jak wysokie w\u0142adze. Niepodwa\u017calne sukcesy Polski w ostatnich dwudziestu latach, w tym wyniki gospodarcze, kaza\u0142y zapomnie\u0107 o tym, \u017ce w okre\u015bleniu \u201epolnische Wirtschaft\u201d nadal tkwi ziarno prawdy.<\/p>\n<p>Wida\u0107 to tak\u017ce teraz, w czasie powodzi. Wida\u0107 post\u0119p \u2013 wiele zatopionych dom\u00f3w to ju\u017c nie \u017cadne chaty kryte s\u0142omian\u0105 strzech\u0105, ale gdzie one stan\u0119\u0142y, dlaczego wydano zgod\u0119 na ich budow\u0119 tam, gdzie budowa\u0107 si\u0119 nie powinno? Niekt\u00f3rzy ludzie skar\u017c\u0105 si\u0119, \u017ce nie byli uprzedzeni o nadchodz\u0105cej kl\u0119sce \u017cywio\u0142owej, ale mo\u017ce system wczesnego ostrzegania nie jest odpowiedni? Prognozy pogody w mediach wskazywa\u0142y na du\u017ce opady i mo\u017cliwo\u015b\u0107 \u201epodstopie\u0144\u201d, ale nie by\u0142y alarmuj\u0105ce.<\/p>\n<p>Teraz oczy wszystkich zwr\u00f3cone s\u0105 na Warszaw\u0119, na rz\u0105d, na premiera, bo Polska by\u0142a przez kilka dziesi\u0119cioleci PRL krajem scentralizowanym, centrum decydowa\u0142o o wszystkim, i te nawyki pozosta\u0142y. W czasie zimy stulecia premier Jaroszewicz osobi\u015bcie nadzorowa\u0142 poci\u0105g z w\u0119glem na trasie \u015al\u0105sk \u2013 Warszawa. Plus fakt, \u017ce to, co prywatne wyprzedza to, co wsp\u00f3lne, bardziej zadbane jest mienie prywatne od maj\u0105tku wsp\u00f3lnego,<\/p>\n<p>Zaufanie jest niskie, tak\u017ce do w\u0142adz, kt\u00f3re wzywaj\u0105 do ewakuacji, zaufanie do s\u0105siad\u00f3w, tak\u017ce do policji, kt\u00f3ra ma sta\u0107 na stra\u017cy mienia czasowo opuszczonego. I zn\u00f3w akty wielkiego po\u015bwi\u0119cenia mieszaj\u0105 si\u0119 z brakiem poczucia odpowiedzialno\u015bci. Co\u015b w tych katastrofach jest wsp\u00f3lnego.<\/p>\n","protected":false},"excerpt":{"rendered":"<p>Jeszcze cz\u0142owiek nie odzyska\u0142 r\u00f3wnowagi po katastrofie, a ju\u017c nadszed\u0142 kataklizm. W tych warunkach trudno pisa\u0107 o czymkolwiek innym, bo wszystko inne wydaje si\u0119 niewa\u017cne. Nasuwa si\u0119 pytanie: Czy oba te wydarzenia \u2013 katastrofa lotnicza i pow\u00f3d\u017a &#8211; maj\u0105 co\u015b ze sob\u0105 wsp\u00f3lnego? Moim zdaniem \u2013 tak. Nie wiem, jak to nazwa\u0107 \u2013 niestaranno\u015bci\u0105, luzactwem, [&hellip;]<\/p>\n","protected":false},"author":4,"featured_media":0,"comment_status":"open","ping_status":"open","sticky":false,"template":"","format":"standard","meta":{"footnotes":""},"categories":[1],"tags":[],"_links":{"self":[{"href":"https:\/\/blog.polityka.pl\/passent\/wp-json\/wp\/v2\/posts\/700"}],"collection":[{"href":"https:\/\/blog.polityka.pl\/passent\/wp-json\/wp\/v2\/posts"}],"about":[{"href":"https:\/\/blog.polityka.pl\/passent\/wp-json\/wp\/v2\/types\/post"}],"author":[{"embeddable":true,"href":"https:\/\/blog.polityka.pl\/passent\/wp-json\/wp\/v2\/users\/4"}],"replies":[{"embeddable":true,"href":"https:\/\/blog.polityka.pl\/passent\/wp-json\/wp\/v2\/comments?post=700"}],"version-history":[{"count":0,"href":"https:\/\/blog.polityka.pl\/passent\/wp-json\/wp\/v2\/posts\/700\/revisions"}],"wp:attachment":[{"href":"https:\/\/blog.polityka.pl\/passent\/wp-json\/wp\/v2\/media?parent=700"}],"wp:term":[{"taxonomy":"category","embeddable":true,"href":"https:\/\/blog.polityka.pl\/passent\/wp-json\/wp\/v2\/categories?post=700"},{"taxonomy":"post_tag","embeddable":true,"href":"https:\/\/blog.polityka.pl\/passent\/wp-json\/wp\/v2\/tags?post=700"}],"curies":[{"name":"wp","href":"https:\/\/api.w.org\/{rel}","templated":true}]}}