
{"id":7008,"date":"2021-08-30T22:07:18","date_gmt":"2021-08-30T20:07:18","guid":{"rendered":"https:\/\/passent.blog.polityka.pl\/?p=7008"},"modified":"2021-08-30T22:35:05","modified_gmt":"2021-08-30T20:35:05","slug":"wyjmij-reke-z-cudzej-kieszeni","status":"publish","type":"post","link":"https:\/\/blog.polityka.pl\/passent\/2021\/08\/30\/wyjmij-reke-z-cudzej-kieszeni\/","title":{"rendered":"Wyjmij r\u0119k\u0119 z cudzej kieszeni"},"content":{"rendered":"\n<p>Robert Lewandowski zn\u00f3w zdoby\u0142 hattricka, czyli strzeli\u0142 trzy gole w jednym meczu (Bayern Monachium \u2013 Hertha Berlin 5:0). Bardzo bym si\u0119 z tego radowa\u0142, gdyby nie fakt, \u017ce niekt\u00f3rzy ludzie nie mog\u0105 si\u0119 pogodzi\u0107 z tym, \u017ce nasz internacjona\u0142 (tak si\u0119 kiedy\u015b nazywa\u0142o najwybitniejszych pi\u0142karzy) w samym tylko klubie zarabia 20 mln euro brutto miesi\u0119cznie.<\/p>\n\n\n\n<!--more-->\n\n\n\n<p>To si\u0119 ludziom nie podoba, bo piel\u0119gniarka zarabia marne 2\u20133 tys. z\u0142. Dziennikarka Adriana Rozwadowska pisze w &#8222;GW&#8221;, \u017ce polskie dziennikarki \u201eodwalaj\u0105 robot\u0119 r\u00f3wnie ci\u0119\u017ck\u0105 i dobr\u0105 jak Robert \u2013 i nale\u017c\u0105 si\u0119 im za to brawa i ci\u0119\u017ckie pieni\u0105dze\u201d. Czy polska dziennikarka rzeczywi\u015bcie \u201eodwala\u201d robot\u0119 r\u00f3wnie ci\u0119\u017ck\u0105 i dobr\u0105 jak Robert? Je\u017celi tak uwa\u017ca, to \u017ale si\u0119 dzieje z polskimi dziennikarkami. Je\u015bli tylko red. Rozwadowska pozwoli, to jestem got\u00f3w zaprosi\u0107 j\u0105 na mecz z udzia\u0142em Roberta i pokaza\u0107 jej, na czym polega <em>la petite difference<\/em>.<\/p>\n\n\n\n<p>Ilekro\u0107 Anna i Robert Lewandowscy przeznacz\u0105 jak\u0105\u015b sum\u0119 na filantropi\u0119 \u2013 zaraz rozlegaj\u0105 si\u0119 pretensje i z\u0142o\u015bliwo\u015bci. Dali p\u00f3\u0142 miliona na Centrum Zdrowia Dziecka \u2013 ma\u0142o (\u201eMoja pani, czy pani wie, moja droga, ile oni zarabiaj\u0105 miesi\u0119cznie? Co to jest dla nich p\u00f3\u0142 miliona? Tyle co splun\u0105\u0107&#8221;). Pani Rozwadowska ma za z\u0142e Lewandowskiemu, \u017ce zarabia za du\u017co i to jest szkodliwe, bo wi\u0119ksze pieni\u0105dze nale\u017c\u0105 si\u0119 ratownikom. Czy to jest wina PP. Lewandowskich, \u017ce piel\u0119gniarki s\u0105 niedop\u0142acone? A mo\u017ce Dominika Kulczyk powinna w og\u00f3le rozda\u0107 sw\u00f3j maj\u0105tek polskim dziennikarkom i ratownikom? Czy bez milioner\u00f3w b\u0119dziemy mieli szcz\u0119\u015bliwsze spo\u0142ecze\u0144stwo?<\/p>\n\n\n\n<p>Lewandowscy zapowiedzieli teraz 20 mln z\u0142 na walk\u0119 z pandemi\u0105. Zamiast ich chwali\u0107 i stawia\u0107 za wz\u00f3r, odzywaj\u0105 si\u0119 \u201e\u017cyczliwi\u201d. \u017be to jest dla nich wygodne podatkowo, \u017ce jeszcze na tym rozdawaniu zarobi\u0105 (inaczej by przecie\u017c nie rozdawali), \u017ce Lewandowscy \u201ekupuj\u0105 sobie PR\u201d, czyli np. \u017cyczliwo\u015b\u0107 moj\u0105 i Pa\u0144stwa na blogu. Absurd! Polska zajmuje jedno z ostatnich miejsc w Europie pod wzgl\u0119dem solidarno\u015bci, gotowo\u015bci do wsp\u00f3\u0142pracy z innymi lud\u017ami. St\u0105d oczernianie tych, kt\u00f3rym si\u0119 powiod\u0142o. Ka\u017cdy sukces Polaka (-ki) budzi z\u0142o\u015b\u0107 rodak\u00f3w, zazdro\u015b\u0107 i rozgoryczenie tych, kt\u00f3rzy w \u017cyciu nie dali nawet z\u0142amanego grosza na pomoc dla innych. Od ka\u017cdego wedle jego mo\u017cliwo\u015bci: \u201eLewy\u201d da\u0142 20 mln, B\u0142aszczykowski 400 tys. i o co tutaj mie\u0107 pretensje?<\/p>\n\n\n\n<p>Najwi\u0119ksi sportowcy na \u015bwiecie, cho\u0107by serbski geniusz tenisa Novak Djokovic, pi\u0142karze tacy jak Zlatan Ibrahimowicz, odczuwaj\u0105 presj\u0119, \u017ceby podzieli\u0107 si\u0119 pieni\u0119dzmi. &#8222;Je\u015bli jedni chc\u0105 robi\u0107 to dyskretnie \u2013 niech tak robi\u0105. Ja wol\u0119 to robi\u0107 po swojemu&#8221; \u2013 m\u00f3wi miliarderka Dominika Kulczyk. Daje 20 mln na walk\u0119 z pandemi\u0105 od i razu odzywaj\u0105 si\u0119 g\u0142osy niskie, czasem wr\u0119cz nikczemne. Mam np. na my\u015bli wicepremiera, ministra kultury prof. Gli\u0144skiego, kt\u00f3ry niedawno szczu\u0142 przeciwko Donaldowi Tuskowi, opowiadaj\u0105c publicznie, wszem wobec, ile zarabia szef Platformy w por\u00f3wnaniu z urz\u0119dnikami w jego ministerstwie. To ju\u017c by\u0142 prymitywny populizm, jakich ma\u0142o.<\/p>\n\n\n\n<p>Ludzie, wyjmijcie r\u0119ce z cudzych kieszeni, dawajcie przyk\u0142ad innym, przesta\u0144cie pomniejsza\u0107 cudze gesty, za to wykonajcie w\u0142asne.<\/p>\n","protected":false},"excerpt":{"rendered":"<p>Robert Lewandowski zn\u00f3w zdoby\u0142 hattricka, czyli strzeli\u0142 trzy gole w jednym meczu (Bayern Monachium \u2013 Hertha Berlin 5:0). Bardzo bym si\u0119 z tego radowa\u0142, gdyby nie fakt, \u017ce niekt\u00f3rzy ludzie nie mog\u0105 si\u0119 pogodzi\u0107 z tym, \u017ce nasz internacjona\u0142 (tak si\u0119 kiedy\u015b nazywa\u0142o najwybitniejszych pi\u0142karzy) w samym tylko klubie zarabia 20 mln euro brutto miesi\u0119cznie.<\/p>\n","protected":false},"author":4,"featured_media":7013,"comment_status":"open","ping_status":"closed","sticky":false,"template":"","format":"standard","meta":{"footnotes":""},"categories":[1],"tags":[],"_links":{"self":[{"href":"https:\/\/blog.polityka.pl\/passent\/wp-json\/wp\/v2\/posts\/7008"}],"collection":[{"href":"https:\/\/blog.polityka.pl\/passent\/wp-json\/wp\/v2\/posts"}],"about":[{"href":"https:\/\/blog.polityka.pl\/passent\/wp-json\/wp\/v2\/types\/post"}],"author":[{"embeddable":true,"href":"https:\/\/blog.polityka.pl\/passent\/wp-json\/wp\/v2\/users\/4"}],"replies":[{"embeddable":true,"href":"https:\/\/blog.polityka.pl\/passent\/wp-json\/wp\/v2\/comments?post=7008"}],"version-history":[{"count":5,"href":"https:\/\/blog.polityka.pl\/passent\/wp-json\/wp\/v2\/posts\/7008\/revisions"}],"predecessor-version":[{"id":7015,"href":"https:\/\/blog.polityka.pl\/passent\/wp-json\/wp\/v2\/posts\/7008\/revisions\/7015"}],"wp:featuredmedia":[{"embeddable":true,"href":"https:\/\/blog.polityka.pl\/passent\/wp-json\/wp\/v2\/media\/7013"}],"wp:attachment":[{"href":"https:\/\/blog.polityka.pl\/passent\/wp-json\/wp\/v2\/media?parent=7008"}],"wp:term":[{"taxonomy":"category","embeddable":true,"href":"https:\/\/blog.polityka.pl\/passent\/wp-json\/wp\/v2\/categories?post=7008"},{"taxonomy":"post_tag","embeddable":true,"href":"https:\/\/blog.polityka.pl\/passent\/wp-json\/wp\/v2\/tags?post=7008"}],"curies":[{"name":"wp","href":"https:\/\/api.w.org\/{rel}","templated":true}]}}