
{"id":701,"date":"2010-05-24T11:53:16","date_gmt":"2010-05-24T09:53:16","guid":{"rendered":"http:\/\/passent.blog.polityka.pl\/?p=701"},"modified":"2010-05-24T12:04:09","modified_gmt":"2010-05-24T10:04:09","slug":"gdy-wody-opadna","status":"publish","type":"post","link":"https:\/\/blog.polityka.pl\/passent\/2010\/05\/24\/gdy-wody-opadna\/","title":{"rendered":"Gdy wody opadn\u0105"},"content":{"rendered":"<p><strong>Jednym ze skutk\u00f3w powodzi jest zatopienie polskiej polityki i kampanii wyborczej. Na pewien czas polska my\u015bl polityczna i strategia wyborcza znalaz\u0142y si\u0119 pod wod\u0105, w cieniu tragedii. Czy tak musia\u0142o by\u0107?<\/strong><\/p>\n<p>Niekoniecznie. Gdyby my\u015bl polityczna i tre\u015b\u0107 kampanii by\u0142y bogatsze, merytoryczne, sta\u0142y na wy\u017cszym poziomie, by\u0142yby zapewne wyciszone, ale nie znikn\u0119\u0142yby ca\u0142kowicie. S\u0105 sprawy,  o kt\u00f3rych mo\u017cna dyskutowa\u0107 nawet w czasie powodzi, ale w tym celu nale\u017cy my\u015ble\u0107 o sprawach, a nie o zwierz\u0119tach futerkowych. Polska polityka i kampania s\u0105 raczej skromne, wr\u0119cz taniutkie (w obu znaczeniach tego s\u0142owa). Platforma i jej zwolennicy skupiaj\u0105 si\u0119 na demaskowaniu maskarady Jaros\u0142awa Kaczy\u0144skiego i przypominaj\u0105 n\u0119dz\u0119 czwartej RP, z agentami, \u0142\u017ce-elit\u0105, pseudo-inteligencj\u0105, ZOMO i innymi produktami bogatej fantazji Jaros\u0142awa Kaczy\u0144skiego. Ten z kolei o wszystkim zapomnia\u0142, wypiera si\u0119 swojej przesz\u0142o\u015bci, uwa\u017caj\u0105c, \u017ce spo\u0142ecze\u0144stwo pozbawione jest pami\u0119ci.<\/p>\n<p>S\u0105 to jednak wy\u0142\u0105cznie metody walki wyborczej, bez \u017cadnych nowin programowych. Tak\u017ce zwolennicy prezesa PiS, nie  maj\u0105c wiele do zaoferowania, zaj\u0119ci s\u0105 demaskowaniem eksces\u00f3w strony przeciwnej, takich jak m\u00f3wienie o wojnie domowej, kt\u00f3ra jakoby trwa, nekrofilii lub o wy\u017cszo\u015bci ojca pi\u0119ciorga dzieci nad hodowc\u0105 zwierz\u0105t futerkowych. Z lubo\u015bci\u0105 wyci\u0105gaj\u0105 te\u017c potkni\u0119cia Komorowskiego. Rzeczywi\u015bcie, u\u017cyty przez kandydata PO  dowcip, \u017ce przem\u00f3wienia powinny by\u0107 kr\u00f3tkie, a kie\u0142basa d\u0142uga, jest raczej na poziomie ogniska harcerskiego.  Wytyka si\u0119 te\u017c Komorowskiemu, \u017ce jest (od niedawna \u2013 \u201eby\u0142\u201d) my\u015bliwym. Je\u015bli o mnie chodzi, to nie cierpi\u0119  tej pasji, nawet pomimo zapewnie\u0144, \u017ce my\u015bliwym chodzi o regulacj\u0119  pog\u0142owia wilk\u00f3w i dzik\u00f3w. Nie chc\u0119, \u017ceby m\u00f3j prezydent polowa\u0142, chodzi\u0142 z fuzj\u0105, strzela\u0142 do zwierz\u0105t. ALE, z dwojga z\u0142ego, wol\u0119 polityka, kt\u00f3ry poluje na zwierz\u0119ta od takiego, kt\u00f3ry poluje na ludzi.<\/p>\n<p>Czwarta RP by\u0142a polowaniem na ludzi \u2013 na agent\u00f3w, wsp\u00f3\u0142pracownik\u00f3w, komunist\u00f3w, postkomunist\u00f3w, skorumpowanych lekarzy, zamkni\u0119tych w swoich korporacjach prawnik\u00f3w, s\u0119dzi\u00f3w, adwokat\u00f3w, profesor\u00f3w, na ludzi uk\u0142adu, na cz\u0142onk\u00f3w Trybuna\u0142u, na polskoj\u0119zyczne media, na  bogatych (je\u015bli maj\u0105 pieni\u0105dze, to sk\u0105d\u015b je maj\u0105\u2026), na \u201eparti\u0119 rosyjsk\u0105\u201d i na \u201eparti\u0119 bia\u0142ej flagi\u201d. Symbolem IV RP by\u0142a dla mnie wypowied\u017a namaszczonego przez Jaros\u0142awa Kaczy\u0144skiego prezesa TVP,  kt\u00f3ry zapowiedzia\u0142, \u017ce trzeba wymieni\u0107 wszystkich, ze stra\u017cnikami w\u0142\u0105cznie. Polityk\u0119 t\u0119 realizowali tak\u017ce prezesi Polskiego Radia, pp. Czaba\u0144ski i Targalski. Szk\u00f3d by\u0142o znacznie wi\u0119cej, ale ich przypominanie nie mo\u017ce by\u0107 jedynym elementem kampanii Platformy. Trzeba odpowiedzie\u0107 na pytanie \u201eco dalej?\u201d, co zaproponowa\u0107 wyborcom, kiedy wody opadn\u0105?<\/p>\n<p>Na to pytanie \u017cadna ze znacz\u0105cych partii (w\u0142\u0105cznie z SLD) nie ma odpowiedzi, a je\u017celi j\u0105 ma, to nie dotar\u0142a ona do wyborc\u00f3w. Winne s\u0105  nie tylko dwie kolejne tragedia, kiedy polityka zesz\u0142a na dalszy plan. W elitach intelektualnych i politycznych nie narodzi\u0142a si\u0119 \u017cadna wi\u0119ksza idea, kt\u00f3ra sta\u0142aby si\u0119 osi\u0105 dyskusji, zorganizowa\u0142aby wok\u00f3\u0142 niej partie, poruszy\u0142a wyborc\u00f3w. Polskie fabryki my\u015bli (tzw. think tanki) nie maj\u0105 wiele do zaoferowania,  dwie g\u0142\u00f3wne partie polityczne oraz ich kandydaci programowo niewiele si\u0119 r\u00f3\u017cni\u0105, maj\u0105 za sob\u0105 podobn\u0105 przesz\u0142o\u015b\u0107, wsp\u00f3lne decyzje dotycz\u0105ce kapitalizmu, obni\u017cania podatk\u00f3w (i narzekania na s\u0142abe pa\u0144stwo), IPN, CBA, lustracji, pozbawienia uprawnie\u0144 funkcjonariuszy dawnego re\u017cimu, pa\u0144stwa wyznaniowego, in vitro itd., itp.<\/p>\n<p>Kiedy wody opadn\u0105, oka\u017ce si\u0119, \u017ce najwa\u017cniejsze jest to, co konsekwentnie zapomina\u0142 Jaros\u0142aw Kaczy\u0144ski lub nieopatrznie powiedzieli Bartoszewski i Wajda. Zreszt\u0105, czy tak nieopatrznie? \u017bart Bartoszewskiego by\u0142 ad personam i jako taki \u2013 niewskazany, zw\u0142aszcza wobec cz\u0142owieka w \u017ca\u0142obie, ale skoro prezes zdecydowa\u0142 si\u0119 na kandydowanie \u2013 nie mo\u017ce by\u0107 nietykalny. W kampanii, w kt\u00f3rej nie jest wa\u017cny program (bo go nie ma), tylko  \u017cyciorys i cechy osobowo\u015bci kandydata, s\u0142owa Bartoszewskiego  nie by\u0142y zn\u00f3w takie drastyczne. Pami\u0119tajmy te\u017c, w jaki spos\u00f3b Bartoszewski by\u0142 potraktowany przez Czwart\u0105 RP. Sam prezydent zerwa\u0142 z nim znajomo\u015b\u0107. Co za\u015b si\u0119 tyczy \u201ewojny domowej\u201d, o kt\u00f3rej m\u00f3wi\u0142 Wajda, to co\u015b w tym jest. Wystarczy przypomnie\u0107  wiersz J.M. Rymkiewicza. Widocznie arty\u015bci tak czuj\u0105.<\/p>\n<p>Na jeden temat wszyscy taktownie milcz\u0105 \u2013 w jaki spos\u00f3b Jaros\u0142aw Kaczy\u0144ski mia\u0142by podo\u0142a\u0107 obowi\u0105zkom prezydenta? To zreszt\u0105  nie jest najwa\u017cniejsze. Najwa\u017cniejsze jest to, \u017ce kiedy wszystko wr\u00f3ci do normy, zobaczymy pustyni\u0119 programow\u0105.<\/p>\n","protected":false},"excerpt":{"rendered":"<p>Jednym ze skutk\u00f3w powodzi jest zatopienie polskiej polityki i kampanii wyborczej. Na pewien czas polska my\u015bl polityczna i strategia wyborcza znalaz\u0142y si\u0119 pod wod\u0105, w cieniu tragedii. Czy tak musia\u0142o by\u0107? Niekoniecznie. Gdyby my\u015bl polityczna i tre\u015b\u0107 kampanii by\u0142y bogatsze, merytoryczne, sta\u0142y na wy\u017cszym poziomie, by\u0142yby zapewne wyciszone, ale nie znikn\u0119\u0142yby ca\u0142kowicie. S\u0105 sprawy, o [&hellip;]<\/p>\n","protected":false},"author":4,"featured_media":0,"comment_status":"open","ping_status":"open","sticky":false,"template":"","format":"standard","meta":{"footnotes":""},"categories":[1],"tags":[],"_links":{"self":[{"href":"https:\/\/blog.polityka.pl\/passent\/wp-json\/wp\/v2\/posts\/701"}],"collection":[{"href":"https:\/\/blog.polityka.pl\/passent\/wp-json\/wp\/v2\/posts"}],"about":[{"href":"https:\/\/blog.polityka.pl\/passent\/wp-json\/wp\/v2\/types\/post"}],"author":[{"embeddable":true,"href":"https:\/\/blog.polityka.pl\/passent\/wp-json\/wp\/v2\/users\/4"}],"replies":[{"embeddable":true,"href":"https:\/\/blog.polityka.pl\/passent\/wp-json\/wp\/v2\/comments?post=701"}],"version-history":[{"count":0,"href":"https:\/\/blog.polityka.pl\/passent\/wp-json\/wp\/v2\/posts\/701\/revisions"}],"wp:attachment":[{"href":"https:\/\/blog.polityka.pl\/passent\/wp-json\/wp\/v2\/media?parent=701"}],"wp:term":[{"taxonomy":"category","embeddable":true,"href":"https:\/\/blog.polityka.pl\/passent\/wp-json\/wp\/v2\/categories?post=701"},{"taxonomy":"post_tag","embeddable":true,"href":"https:\/\/blog.polityka.pl\/passent\/wp-json\/wp\/v2\/tags?post=701"}],"curies":[{"name":"wp","href":"https:\/\/api.w.org\/{rel}","templated":true}]}}