
{"id":702,"date":"2010-05-29T10:08:42","date_gmt":"2010-05-29T08:08:42","guid":{"rendered":"http:\/\/passent.blog.polityka.pl\/?p=702"},"modified":"2010-05-29T10:12:40","modified_gmt":"2010-05-29T08:12:40","slug":"gafa-za-gafa","status":"publish","type":"post","link":"https:\/\/blog.polityka.pl\/passent\/2010\/05\/29\/gafa-za-gafa\/","title":{"rendered":"Gafa za gaf\u0105"},"content":{"rendered":"<p><strong>Zaczn\u0119 od pochwa\u0142. Podoba mi si\u0119 kandydatura Marka Belki na prezesa NBP. To \u015bwietna kandydatura, a w dodatku r\u00f3wny ch\u0142op, kt\u00f3rego mia\u0142em przyjemno\u015b\u0107 obserwowa\u0107 z bliska<\/strong>.<\/p>\n<p>Nie wierz\u0119 Donaldowi Tuskowi, \u017ce\u00a0 nie wiedzia\u0142, i\u017c marsza\u0142ek Komorowski wysunie t\u0119 kandydatur\u0119. Tusk chyba kpi z nas w \u017cywe oczy. Ale mo\u017ce to by\u0142 dowcip? Czy kandydatura jest zg\u0142oszona w por\u0119, czy nie powinien tego zrobi\u0107 prezydent po wyborach? Pocz\u0105tkowo s\u0105dzi\u0142em, \u017ce to jest niezr\u0119czno\u015b\u0107 Komorowskiego, ale potem przeczyta\u0142em komentarz Witolda Gadomskiego w \u201eGW\u201d, kt\u00f3ry pisze, \u017ce GDYBY wybory wygra\u0142 Jaros\u0142aw Kaczy\u0144ski, to maj\u0105c przeciwko sobie wi\u0119kszo\u015b\u0107 PO + SLD w parlamencie, m\u00f3g\u0142by nie by\u0107 w stanie obsadzi\u0107 NBP i to wa\u017cne stanowisko d\u0142ugo pozostawa\u0142oby nie obsadzone. Wiec popieram decyzj\u0119 marsza\u0142ka.<\/p>\n<p>A propos Komorowskiego, to na jego miejscu nie pali\u0142bym si\u0119 do debaty z Kaczy\u0144skim. Prezes PiS jest trudnym przeciwnikiem\u00a0 w dyskusji. Jest szybki, b\u0142yskotliwy, ma \u015bwietn\u0105 pami\u0119\u0107, du\u017co wie, ma poczucie humoru, dobrze panuje nad s\u0142owami, jest te\u017c do\u015bwiadczony w dyskusjach z osobami niech\u0119tnymi. S\u0142ysza\u0142em go kiedy\u015b na kolacji w klubie Harvardu w Warszawie i by\u0142 \u015bwietny. Bronis\u0142aw Komorowski ma wiele zalet, moim zdaniem by\u0142by lepszym prezydentem, ale niekoniecznie lepszym dyskutantem i polemist\u0105. Jest troch\u0119 powolny, jego dowcip nie zawsze jest przedniej marki (\u201eprzem\u00f3wienia powinny by\u0107 kr\u00f3tkie, a kie\u0142basa d\u0142uga\u201d), ma mniejszy temperament, i w dodatku pope\u0142nia gafy \u2013 Wikipedia, okre\u015blenie Belki jako zast\u0119pcy sekretarza generalnego ONZ, czy co\u015b w tym rodzaju, \u015bwiadczy, \u017ce albo ma z\u0142\u0105 pami\u0119\u0107, albo nie odrabia pracy domowej. Zalety Komorowskiego \u2013 solidno\u015b\u0107, sta\u0142o\u015b\u0107, pewne ciep\u0142o, jakie wok\u00f3\u0142 niego panuje, niekoniecznie s\u0105 zaletami w debatach. Ale po\u017cyjemy \u2013 zobaczymy.<\/p>\n<p>Plus nale\u017cy si\u0119 tak\u017ce Tomaszowi Lisowi, za to, \u017ce podj\u0105\u0142 si\u0119 reanimacji tygodnika \u201eWprost\u201d. Kto inny maj\u0105c tyle zaszczyt\u00f3w i laur\u00f3w (kilkakrotny Dziennikarz Roku, zdobywca wielu nagr\u00f3d, najbardziej znany dziennikarz, kilka milion\u00f3w widz\u00f3w co tydzie\u0144) nie podj\u0105\u0142by si\u0119 takiej trudnej i ryzykownej roboty. Dlaczego Lis to zrobi\u0142? Zapraszam do mojej rozmowy z Lisem, jaka uka\u017ce si\u0119 w przysz\u0142ym tygodniu w \u201ePolityce\u201d. Tutaj, poniewa\u017c blog jest form\u0105 kr\u00f3tk\u0105, stawiam plusa w\u0142a\u015bcicielowi \u201eWprost\u201d i nowemu redaktorowi naczelnemu.<\/p>\n<p>Oczywi\u015bcie, po ponad 50 latach jestem patriot\u0105 \u201ePolityki\u201d, ale pami\u0119tam, mo\u017ce lepiej ni\u017c inni, \u017ce \u201ePolityce\u201d dobrze robi\u0142a rywalizacja: \u201eKultura\u201d, \u201ePerspektywy\u201d, \u201ePrzegl\u0105d Tygodniowy\u201d, \u201eWprost\u201d, \u201eNewsweek\u201d, \u201eOzon\u201d\u00a0 \u2013 d\u0142uga by\u0142a i jest lista konkurent\u00f3w. Na tej rywalizacji na pewno skorzystaj\u0105 czytelnicy, zar\u00f3wno \u201ePolityki\u201d, jak i \u201eWprost\u201d, a to jest w ko\u0144cu\u00a0 najwa\u017cniejsze. Warto zauwa\u017cy\u0107, \u017ce zmiana w\u0142a\u015bciciela i naczelnego redaktora oznacza wyrwanie \u201eWprost\u201d z zasob\u00f3w medialnych PiS. Co o tym s\u0105dzi Lis? Zapraszam do rozmowy \u201eCo z tym Lisem?\u201d w najbli\u017cszej \u201ePolityce\u201d. Rzadko zapowiadam swoje teksty w papierowej \u201ePolityce\u201d, ale moje stosunki z Lisem maj\u0105 ju\u017c swoj\u0105 histori\u0119. Zacz\u0119\u0142o si\u0119 kilka lat temu, zaraz po ukazaniu si\u0119 jego ksi\u0105\u017cki \u201eCo z t\u0105 Polsk\u0105\u201d. Zaprosi\u0142em Lisa do Salonu \u201ePolityki\u201d w Sopocie, kt\u00f3rego by\u0142em gospodarzem. Przyszed\u0142 t\u0142um ludzi, Lis by\u0142 ju\u017c gwiazd\u0105 (i cichym kandydatem na prezydenta\u2026). Kiedy poda\u0142em mu mikrofon, \u017ceby wyg\u0142osi\u0142 zagajenie \u2013 ju\u017c mi tego mikrofonu nie odda\u0142 do ko\u0144ca spotkania. Publiczno\u015b\u0107 by\u0142a w niego wpatrzona i zafascynowana. Ma on absolutny kontakt z widowni\u0105, a tak\u017ce wiar\u0119 we w\u0142asne si\u0142y, dzi\u0119ki czemu podejmuje trudne wyzwania. U mnie ma plusa.<\/p>\n<p>A teraz minusy. Edmund Klich, akredytowany w\u00a0 Moskwie do wyja\u015bnienia katastrofy lotniczej, od kiedy pojawi\u0142 si\u0119 w telewizji budzi\u0142 moje w\u0105tpliwo\u015bci. Zacz\u0105\u0142 od pretensji do ministra obrony (\u017ce 3 dni nie mia\u0142 t\u0142umacza w Moskwie i \u017ce czuje si\u0119 tam petentem), ale szybko zmieni\u0142 zdanie i teraz okazuje si\u0119, \u017ce nie ma do Rosjan pretensji. Skompromitowa\u0142 si\u0119 w programie \u201eTeraz My\u201d, najpierw m\u00f3wi\u0105c, \u017ce nie mo\u017ce powiedzie\u0107, kto wszed\u0142 do kabiny pilot\u00f3w, a potem podaj\u0105c, \u017ce to by\u0142 gen. B\u0142asik. Edmund Klich jest podobno bardzo do\u015bwiadczonym pilotem i znakomitym ekspertem, ale chyba powinien wzi\u0105\u0107 przyk\u0142ad z prokuratora generalnego Seremety i m\u00f3wi\u0107 mniej.<\/p>\n<p>Drugi minus jest dla Grzegorza Napieralskiego za oci\u0105ganie si\u0119 z akceptacj\u0105 kandydatury Marka Belki. Fakt, \u017ce decyzja zapad\u0142a bez udzia\u0142u przewodnicz\u0105cego SLD i kandydata na prezydenta, za to z udzia\u0142em Kwa\u015bniewskiego, Kalisza i Olejniczaka, mo\u017ce by\u0107 pewnym upokorzeniem dla Napieralskiego, ale tym bardziej powinien zrobi\u0107 dobra min\u0119, by\u0107 ponad to, zdecydowanie poprze\u0107 Belk\u0119, bo to jest znakomity kandydat, a to dla Polski najwa\u017cniejsze. Po co si\u0119 krygowa\u0107, skoro wiadomo, \u017ce SLD i tak powinno g\u0142osowa\u0107 \u201eza\u201d?<\/p>\n<p>Trzeci minus nale\u017cy si\u0119, no w\u0142a\u015bnie \u2013 komu? Tuskowi\/Komorowskiemu\u00a0 za to, \u017ce\u00a0 nie uzgodnili tej kandydatury z PSL? Czy Pawlakowi za to, \u017ce kr\u0119ci nosem, mimo, ze\u00a0 kandydat jest \u015bwietny, a argumenty za jego powo\u0142aniem w\u0142a\u015bnie teraz \u2013 powa\u017cne. Podejrzewam, \u017ce Platforma postanowi\u0142a utrze\u0107 nosa ludowcom, a Pawlak, kt\u00f3ry w sonda\u017cach ma wyniki bliskie b\u0142\u0119du statystycznego, usi\u0142uje wznie\u015b\u0107 si\u0119 ponad poziom wody.<\/p>\n<p>Wreszcie ostatni dzisiaj minus jest dla \u201eRzeczpospolitej\u201d,\u00a0\u00a0 kt\u00f3ra chyba przesadza w obarczaniu Rosji odpowiedzialno\u015bci\u0105 za katastrof\u0119 lotnicz\u0105. Oto tytu\u0142y z dzisiejszej (28 maja)\u00a0 \u201eRz\u201d: \u201eKatastrofa Tu-154: pytania do Rosjan\u201d, \u201eWci\u0105\u017c czekamy na dokumenty\u201d, \u201eKontrolerzy te\u017c pope\u0142nili b\u0142\u0119dy?\u201d, \u201eRosyjskie \u015bledztwo budzi w\u0105tpliwo\u015bci\u201d. Moje w\u0105tpliwo\u015bci budzi kierowanie podejrze\u0144 w stron\u0119 Rosji, po kt\u00f3rej zapewne s\u0105 b\u0142\u0119dy i niedopatrzenia, ale mnie si\u0119 wydaje, \u017ce to jest przede wszystkim katastrofa polska.<\/p>\n","protected":false},"excerpt":{"rendered":"<p>Zaczn\u0119 od pochwa\u0142. Podoba mi si\u0119 kandydatura Marka Belki na prezesa NBP. To \u015bwietna kandydatura, a w dodatku r\u00f3wny ch\u0142op, kt\u00f3rego mia\u0142em przyjemno\u015b\u0107 obserwowa\u0107 z bliska. Nie wierz\u0119 Donaldowi Tuskowi, \u017ce\u00a0 nie wiedzia\u0142, i\u017c marsza\u0142ek Komorowski wysunie t\u0119 kandydatur\u0119. Tusk chyba kpi z nas w \u017cywe oczy. Ale mo\u017ce to by\u0142 dowcip? Czy kandydatura jest [&hellip;]<\/p>\n","protected":false},"author":4,"featured_media":0,"comment_status":"open","ping_status":"open","sticky":false,"template":"","format":"standard","meta":{"footnotes":""},"categories":[1],"tags":[],"_links":{"self":[{"href":"https:\/\/blog.polityka.pl\/passent\/wp-json\/wp\/v2\/posts\/702"}],"collection":[{"href":"https:\/\/blog.polityka.pl\/passent\/wp-json\/wp\/v2\/posts"}],"about":[{"href":"https:\/\/blog.polityka.pl\/passent\/wp-json\/wp\/v2\/types\/post"}],"author":[{"embeddable":true,"href":"https:\/\/blog.polityka.pl\/passent\/wp-json\/wp\/v2\/users\/4"}],"replies":[{"embeddable":true,"href":"https:\/\/blog.polityka.pl\/passent\/wp-json\/wp\/v2\/comments?post=702"}],"version-history":[{"count":0,"href":"https:\/\/blog.polityka.pl\/passent\/wp-json\/wp\/v2\/posts\/702\/revisions"}],"wp:attachment":[{"href":"https:\/\/blog.polityka.pl\/passent\/wp-json\/wp\/v2\/media?parent=702"}],"wp:term":[{"taxonomy":"category","embeddable":true,"href":"https:\/\/blog.polityka.pl\/passent\/wp-json\/wp\/v2\/categories?post=702"},{"taxonomy":"post_tag","embeddable":true,"href":"https:\/\/blog.polityka.pl\/passent\/wp-json\/wp\/v2\/tags?post=702"}],"curies":[{"name":"wp","href":"https:\/\/api.w.org\/{rel}","templated":true}]}}