
{"id":703,"date":"2010-05-30T17:57:04","date_gmt":"2010-05-30T15:57:04","guid":{"rendered":"http:\/\/passent.blog.polityka.pl\/?p=703"},"modified":"2010-05-31T12:32:54","modified_gmt":"2010-05-31T10:32:54","slug":"malowany-ptak","status":"publish","type":"post","link":"https:\/\/blog.polityka.pl\/passent\/2010\/05\/30\/malowany-ptak\/","title":{"rendered":"Malowany ptak"},"content":{"rendered":"<p><strong>\u201eMalowany ptak\u201d \u2013 to pierwsze z brzegu\u00a0 por\u00f3wnanie, jakie nasuwa si\u0119 po programowym przem\u00f3wieniu Jaros\u0142awa Kaczy\u0144skiego w Zakopanym. (Przychodz\u0105 na my\u015bl por\u00f3wnania bardziej dosadne, ale chwila nie jest ku temu odpowiednia). Przed telewizorem przeciera\u0142em oczy ze zdumienia. Cz\u0142owiek, kt\u00f3ry wczoraj krzycza\u0142 \u201e\u0142apaj z\u0142odzieja!\u201d, dzisiaj pyta \u201eZ\u0142odziej? Jaki z\u0142odziej?\u201d i apeluje \u201ekochajmy si\u0119!\u201d. <\/strong><\/p>\n<p>Co by\u015bmy powiedzieli, gdyby nagle, z dnia na dzie\u0144, nawet po najwi\u0119kszej katastrofie, ni z\u00a0 tego ni z owego genera\u0142 Jaruzelski zacz\u0105\u0142 wzywa\u0107 do dekomunizacji, arcybiskup Michalik pojawi\u0142 si\u0119 na t\u0119czowej paradzie i pochwali\u0142 ma\u0142\u017ce\u0144stwa gejowskie, albo Adam Michnik rzuci\u0142 has\u0142o \u201eBij \u017byda!\u201d Rozumiem, \u017ce pod wp\u0142ywem r\u00f3\u017cnych do\u015bwiadcze\u0144 i przemy\u015ble\u0144 mo\u017cna zmieni\u0107 pogl\u0105dy, cho\u0107 im bardziej drastyczna jest zmiana, tym wi\u0119ksz\u0105 wywo\u0142uje nieufno\u015b\u0107. Wiele jest np. wybitnych os\u00f3b, kt\u00f3re w m\u0142odo\u015bci komunizowa\u0142y, a potem sta\u0142y si\u0119 krytykami tej ideologii, jak cho\u0107by Wiktor Woroszylski, Leszek Ko\u0142akowski, Bronis\u0142aw Baczko i inni. Ale w ich przypadku by\u0142 to fragment szerszego procesu, jaki mia\u0142 miejsce w Polsce i w innych krajach, wynik ewolucji pogl\u0105d\u00f3w, dobrze udokumentowanej w ich pismach, i w pismach innych \u2013 cho\u0107by Koestlera,\u00a0 Mi\u0142osza, czy Walickiego.<\/p>\n<p>\u017beby zmiana pogl\u0105d\u00f3w by\u0142a wiarygodna, wymaga najpierw kryzysu starej wiary, rozterek, w\u0105tpliwo\u015bci, a nast\u0119pnie ich przezwyci\u0119\u017cania, nadto \u2013 w przypadku osoby publicznej \u2013 jakiego\u015b rozliczenia si\u0119 ze swoj\u0105 przesz\u0142o\u015bci\u0105, jakiego\u015b szacunku dla siebie, \u017ceby nie robi\u0107 z siebie b\u0142azna, a pozosta\u0142ych ludzi nie traktowa\u0107 jak dzieci (dobieram s\u0142owa \u0142agodne, cho\u0107 cisn\u0105 si\u0119 pod pi\u00f3ro mocniejsze). Sam co\u015b o zmianie pogl\u0105d\u00f3w wiem, to i owo, co w \u017cyciu napisa\u0142em, p\u00f3\u017aniej mnie uwiera\u0142o i przeprasza\u0142em, w moich ksi\u0105\u017ckach, wywiadach, a ostatnio &#8211; jak by to nie by\u0142o dziwne \u2013 w wywiadzie ze mn\u0105, jaki ukaza\u0142 si\u0119 w pi\u015bmie \u201ePlayboy\u201d (zapraszam\u2026), gdzie m\u0142ody, gniewny wilczek z prawicy obgryza mnie z mojego \u017cycia.<\/p>\n<p>Ale to, co wykonuje Jaros\u0142aw Kaczy\u0144ski i ca\u0142e jego otoczenie, jest bez precedensu w polskiej polityce. Chyba nawet Lepper nie posun\u0105\u0142 si\u0119 tak daleko. Lider partii, kt\u00f3ra zapowiada\u0142a obalenie III RP, odnow\u0119 moraln\u0105, walk\u0119 z uk\u0142adem, z komunizmem, z postkomunizmem, z\u00a0 adwokatami, lekarzami, s\u0119dziami, kt\u00f3ra wyzywa\u0142a od \u0142\u017ce-elity i pseudo-elity, zadawa\u0142a prowokacyjne pytania w rodzaju \u201eczy Platforma jest parti\u0105 polsk\u0105\u201d, sia\u0142a nieufno\u015b\u0107 wobec Rosji, Niemiec i Brukseli, inicjatorka dekomunizacji i lustracji, wyst\u0119puje nagle jako go\u0142\u0105bek pokoju, piewca zgody, dialogu i pojednania. Jak s\u0142usznie napisa\u0142 \u201eTJ\u201d na tym blogu (29 maja), \u201eJK jest politykiem, kt\u00f3ry podni\u00f3s\u0142 teori\u0119 wrogo\u015bci do rangi podstawowego mechanizmu funkcjonowania ludzko\u015bci\u201d, okaza\u0142, co tkwi w ka\u017cdym cz\u0142owieku, jest prekursorem czego\u015b na kszta\u0142t antropologii XXI wieku..<\/p>\n<p>Przyznaj\u0119 bez bicia: nie wierz\u0119 w cudown\u0105 przemian\u0119 Jaros\u0142awa Kaczy\u0144skiego, uwa\u017cam wr\u0119cz, \u017ce JK obra\u017ca inteligencj\u0119 swoich s\u0142uchaczy. Gdyby pod wp\u0142ywem tragedii na pewien czas odsun\u0105\u0142 si\u0119 od dzia\u0142alno\u015bci, gdyby popar\u0142 innego kandydata (-tk\u0119) PiS, gdyby napisa\u0142 ksi\u0105\u017ck\u0119, o tym jak doszed\u0142 do zmiany pogl\u0105d\u00f3w, dlaczego, to co g\u0142osi\u0142 by\u0142o b\u0142\u0119dne i dla Polski zab\u00f3jcze, gdyby przeprosi\u0142 setki i tysi\u0105ce os\u00f3b, kt\u00f3re IV RP skrzywdzi\u0142a \u2013 wyrzuconych z pracy dziennikarzy, zwolnionych\u00a0 ze s\u0142u\u017cby oficer\u00f3w i genera\u0142\u00f3w (przypominam o propozycji JK zdegradowania Jaruzelskiego), obra\u017conych by\u0142ych ministr\u00f3w spraw zagranicznych, tw\u00f3rc\u00f3w medi\u00f3w prywatnych i obro\u0144c\u00f3w medi\u00f3w publicznych, gdyby wyja\u015bni\u0142 dlaczego zmieni\u0142 sk\u00f3r\u0119 \u2013 mo\u017ce bym uwierzy\u0142. Ale tak z dnia na dzie\u0144 \u2013 nie.<\/p>\n<p>Jaros\u0142aw Kaczy\u0144ski nie ma odwagi rozliczy\u0107 si\u0119 z w\u0142asn\u0105 przesz\u0142o\u015bci\u0105 i z w\u0142asnymi pogl\u0105dami. Nie ma ochoty na spowied\u017a i pokut\u0119, tylko be zmru\u017cenia oka grzeszy dalej. M\u00f3wi to, co wczoraj negowa\u0142: \u017ce wojna polsko-polska \u201enie przynios\u0142a Polsce niczego dobrego, przynios\u0142a bardzo wiele z\u0142a, nieszcz\u0119\u015bcia\u201d. On, kt\u00f3ry wczoraj ostrzega\u0142 przed \u201eparti\u0105 rosyjsk\u0105\u201d w Polsce, wzywa, \u017ceby \u201ekorzysta\u0107 z okazji\u201d gdy inni wyci\u0105gaj\u0105 r\u0119k\u0119 do pojednania. On, kt\u00f3rego apologeci do dzisiaj siej\u0105 nienawi\u015b\u0107 w programach TVP i na \u0142amach rozmaitych pisemek, twierdzi, \u017ce \u201enie trzeba nam dzisiaj w Polsce \u017cadnej wojny, potrzebna jest spokojna rozmowa o Polsce\u201d, w kt\u00f3rej \u201enie traktuje si\u0119 politycznego konkurenta jako wroga, tylko jako partnera\u201d.<\/p>\n<p>Pa\u0144stwo wybacz\u0105, ale ja si\u0119 na t\u0119 polityk\u0119 mi\u0142o\u015bci\u00a0 nabra\u0107 nie dam. Schowano wczorajszego Jaros\u0142awa, odsuni\u0119to jego spin doktor\u00f3w, nie ma Jacka Kurskiego, Ziobry, Beaty Kempy, zamiast nich pojawi\u0142y si\u0119 anio\u0142ki z Hollywood i ca\u0142kiem nowy prezes. Nie wiadomo, co o tym my\u015ble\u0107, co podziwia\u0107 &#8211;\u00a0 si\u0142\u0119 czy tupet, m\u0119cze\u0144stwo czy wiar\u0119, \u017ce g\u0142upi lud to kupi? Jako komentator sk\u0142onny jestem zgodzi\u0107 si\u0119, \u017ce prezes robi to wszystko dla w\u0142asnej partii, kt\u00f3ra co prawda nie przypomina tej wczorajszej, radykalnej, bojowej, zblokowanej z Giertychem i z LPR, ale jedno pozostaje bez zmian: powr\u00f3ci\u0107 do w\u0142adzy nawet za cen\u0119 wstydu i upokorze\u0144, z nowym obliczem i w nowym kostiumie. Tak cynicznej operacji chyba jeszcze u nas nie by\u0142o. Nawet genera\u0142 Jaruzelski, odchodz\u0105c od g\u0142oszonej polityki dialogu i porozumienia, aresztuj\u0105c swoich wczorajszych \u201epartner\u00f3w\u201d, dawa\u0142 do zrozumienia, \u017ce nie chce, ale musi. I znaczna cz\u0119\u015b\u0107 spo\u0142ecze\u0144stwa okaza\u0142a zrozumienie, do dzi\u015b genera\u0142a szanuje. Natomiast prezes Kaczy\u0144ski wcale nie musi. Widocznie chce.<\/p>\n<p>***<\/p>\n<p><strong>Drodzy Blogowicze:<\/strong> Mam dobr\u0105 nowin\u0119. Liczba wizyt na naszym blogu z roku na rok ro\u015bnie. Jeszcze tylko troch\u0119 wysi\u0142ku i mamy szans\u0119 doj\u015b\u0107 do miliona w ci\u0105gu roku. To b\u0119dzie nasz wsp\u00f3lny sukces.<\/p>\n","protected":false},"excerpt":{"rendered":"<p>\u201eMalowany ptak\u201d \u2013 to pierwsze z brzegu\u00a0 por\u00f3wnanie, jakie nasuwa si\u0119 po programowym przem\u00f3wieniu Jaros\u0142awa Kaczy\u0144skiego w Zakopanym. (Przychodz\u0105 na my\u015bl por\u00f3wnania bardziej dosadne, ale chwila nie jest ku temu odpowiednia). Przed telewizorem przeciera\u0142em oczy ze zdumienia. Cz\u0142owiek, kt\u00f3ry wczoraj krzycza\u0142 \u201e\u0142apaj z\u0142odzieja!\u201d, dzisiaj pyta \u201eZ\u0142odziej? Jaki z\u0142odziej?\u201d i apeluje \u201ekochajmy si\u0119!\u201d. Co by\u015bmy powiedzieli, [&hellip;]<\/p>\n","protected":false},"author":4,"featured_media":0,"comment_status":"open","ping_status":"open","sticky":false,"template":"","format":"standard","meta":{"footnotes":""},"categories":[1],"tags":[],"_links":{"self":[{"href":"https:\/\/blog.polityka.pl\/passent\/wp-json\/wp\/v2\/posts\/703"}],"collection":[{"href":"https:\/\/blog.polityka.pl\/passent\/wp-json\/wp\/v2\/posts"}],"about":[{"href":"https:\/\/blog.polityka.pl\/passent\/wp-json\/wp\/v2\/types\/post"}],"author":[{"embeddable":true,"href":"https:\/\/blog.polityka.pl\/passent\/wp-json\/wp\/v2\/users\/4"}],"replies":[{"embeddable":true,"href":"https:\/\/blog.polityka.pl\/passent\/wp-json\/wp\/v2\/comments?post=703"}],"version-history":[{"count":0,"href":"https:\/\/blog.polityka.pl\/passent\/wp-json\/wp\/v2\/posts\/703\/revisions"}],"wp:attachment":[{"href":"https:\/\/blog.polityka.pl\/passent\/wp-json\/wp\/v2\/media?parent=703"}],"wp:term":[{"taxonomy":"category","embeddable":true,"href":"https:\/\/blog.polityka.pl\/passent\/wp-json\/wp\/v2\/categories?post=703"},{"taxonomy":"post_tag","embeddable":true,"href":"https:\/\/blog.polityka.pl\/passent\/wp-json\/wp\/v2\/tags?post=703"}],"curies":[{"name":"wp","href":"https:\/\/api.w.org\/{rel}","templated":true}]}}