
{"id":704,"date":"2010-06-02T09:25:06","date_gmt":"2010-06-02T07:25:06","guid":{"rendered":"http:\/\/passent.blog.polityka.pl\/?p=704"},"modified":"2010-06-02T09:25:06","modified_gmt":"2010-06-02T07:25:06","slug":"strzepy-wydarzen","status":"publish","type":"post","link":"https:\/\/blog.polityka.pl\/passent\/2010\/06\/02\/strzepy-wydarzen\/","title":{"rendered":"Strz\u0119py wydarze\u0144"},"content":{"rendered":"<p>TA\u015aMY. Najwa\u017cniejsze wydarzenia toczy\u0142y si\u0119 wok\u00f3\u0142 zapisu na ta\u015bmach z samolotu prezydenckiego. Decyzja Bronis\u0142awa Komorowskiego, \u017ceby najpierw zapozna\u0107 z zapisem cz\u0142onk\u00f3w Rady Bezpiecze\u0144stwa Narodowego, by\u0142a gestem w ich stron\u0119, zw\u0142aszcza w stron\u0119 jednego z nich &#8211; Jaros\u0142awa Kaczy\u0144skiego. Ale by\u0142 to gest\u00a0 nie ca\u0142kiem fortunny, gdy\u017c RBN\u00a0 nie mo\u017ce podj\u0105\u0107 \u017cadnej decyzji, publikacja tekstu by\u0142a ju\u017c zapowiedziana przez premiera Tuska, cz\u0142onkowie RBN mieliby najwy\u017cej przywilej kilku godzin lub kilku dni, wszystko natychmiast roznios\u0142oby si\u0119 poczt\u0105 pantoflow\u0105. Wobec odmowy przybycia przez JK oraz demonstracyjnego wyj\u015bcia Napieralskiego, nie by\u0142o innego rozwi\u0105zania, jak tylko jak najszybsza publikacja, co te\u017c si\u0119 sta\u0142o.<\/p>\n<p>Wysy\u0142aj\u0105c na obrady swojego adwokata, prezes Kaczy\u0144ski da\u0142 wyraz\u00a0 pogardzie dla Rady,\u00a0\u00a0 zachowa\u0142 si\u0119 wbrew swojej, trwaj\u0105cej od kilku dni, polityce mi\u0142o\u015bci. A m\u00f3wi\u0105c, \u017ce jako pierwsze ze stenogramem powinny zapozna\u0107 si\u0119 rodziny ofiar, kpi\u0142 w \u017cywe oczy, gdy\u017c jak mo\u017cna zapozna\u0107 rodziny prawie stu os\u00f3b, jak ustali\u0107, kto w sk\u0142ad tych rodzin wchodzi, jak wreszcie zapewni\u0107, \u017ce tre\u015b\u0107 \u2013 z konieczno\u015bci zniekszta\u0142cona \u2013 nie rozejdzie si\u0119 ze stu r\u00f3\u017cnych\u00a0 \u017ar\u00f3de\u0142? W sumie \u2013 rozp\u0119ta\u0142a si\u0119 polityka wok\u00f3\u0142 ta\u015bm; smutne to, ale prawdziwe.<\/p>\n<p>Samej tre\u015bci stenogramu nie podejmuj\u0119 si\u0119 skomentowa\u0107, poza tym, \u017ce potwierdza, i\u017c lot nie by\u0142 dobrze przygotowany, inne warianty zacz\u0119to dopiero rozwa\u017ca\u0107 na kr\u00f3tko przed tragedi\u0105. Determinacja pilot\u00f3w, \u017ceby wyl\u0105dowa\u0107 jest wstrz\u0105saj\u0105ca, brak decyzji prezydenta zdumiewaj\u0105cy, bo jak prezydent m\u00f3g\u0142 decydowa\u0107 o l\u0105dowaniu? Pojawiaj\u0105 si\u0119 dziesi\u0105tki pyta\u0144, kt\u00f3rych nie b\u0119d\u0119 rozwa\u017ca\u0142, bo rozwa\u017ca to \u201eca\u0142y kraj\u201d. Oczywi\u015bcie,\u00a0 Wiadomo\u015bci TVP\u00a0 nie omieszka\u0142y wskaza\u0107 na rz\u0105d jako na organizatora lotu, oraz podkre\u015bli\u0107, i\u017c na ta\u015bmach nie ma mowy o \u017cadnych naciskach na za\u0142og\u0119.\u00a0 Sprawa ta ewidentnie b\u0119dzie jedn\u0105 z kluczowych w kampanii. Ferment w lotnictwie wojskowym tylko zaostrza spraw\u0119. Minister Klich jest w ci\u0119\u017ckiej sytuacji, podobnie zreszt\u0105 jak premier Tusk, kt\u00f3ry nie bardzo mo\u017ce go w tej chwili odwo\u0142a\u0107, \u017ceby nie wysz\u0142o, i\u017c to minister (czyli rz\u0105d) odpowiada za katastrof\u0119.<\/p>\n<p>WYROK w sprawie Anny Jaruckiej nie powinien zamyka\u0107 sprawy. Platforma, Donald Tusk, Konstanty Miodowicz, p. Brochwicz \u2013 wszyscy oni powinni przeprosi\u0107. Nawet Komorowski, skoro jest takim diamentem, m\u00f3g\u0142by zabra\u0107 g\u0142os. Donald Tusk, b\u0119d\u0105c kandydatem na prezydenta, zachowa\u0142 si\u0119 w tej sprawie nie\u0142adnie. A ju\u017c po fakcie, po wyborach, powinien by\u0142 z\u0142o\u017cy\u0107 wyja\u015bnienie, odstawi\u0107 Miodowicza, a nie robi\u0107 go pos\u0142em. To brzydka sprawa, kt\u00f3ra obci\u0105\u017ca hipotek\u0119 Platformy. Nawet przy najbardziej dla PO przychylnej interpretacji, \u017ce Tusk, Miodowicz i Brochwicz \u201enabrali si\u0119\u201d na k\u0142amstwo Jaruckiej, powinni si\u0119 wyt\u0142umaczy\u0107 ze swojej \u201enaiwno\u015bci\u201d. Albo dali si\u0119 nabra\u0107 jak dzieci, albo nas traktuj\u0105 jak dzieci. By\u0142a to wstr\u0119tna prowokacja w stylu zbli\u017caj\u0105cej si\u0119 IV RP.<\/p>\n<p>MAREJ BELKA, kt\u00f3rego jestem \u201efanem\u201d, jest chyba coraz bli\u017cszy stanowiska prezesa NBP. Nie pomog\u0105\u00a0 d\u0105sy Waldemara Pawlaka, s\u0105dz\u0119, \u017ce wi\u0119kszo\u015b\u0107 pos\u0142\u00f3w SLD b\u0119dzie g\u0142osowa\u0107 \u201eza\u201d, nie wyobra\u017cam sobie, \u017ceby SLD post\u0105pi\u0142 inaczej. To b\u0119dzie dobry wyb\u00f3r dla Polski i w odpowiednim momencie. Podejmuj\u0105c decyzje w sprawie IPN, NBP, KRRiTV, Komorowski odzyskuje to, co zagarn\u0105\u0142 PiS, przy okazji pokazuje, \u017ce nie jest \u201eciamciaramci\u0105\u201d. Oby tylko w kampanii nie potkn\u0105\u0142 si\u0119 o w\u0142asne nogi, czyli o w\u0142asne gafy. Mog\u0119 si\u0119 zgodzi\u0107 z Tuskiem, \u017ce Komorowski to \u201ediament\u201d, ale na pewno nie do ko\u0144ca oszlifowany.<\/p>\n<p>NAPIERALSKI idzie do g\u00f3ry \u2013 to dobrze, bo Polsce potrzebna jest lewica, a Platforma ods\u0142oni\u0142a si\u0119 na lewicy firmuj\u0105c przez pewien czas IV RP, toleruj\u0105c CBA i IPN, torpeduj\u0105c projekt ustawy w sprawie medi\u00f3w publicznych, wykonuj\u0105c uniki w sprawie in vitro, schodz\u0105c Ko\u015bcio\u0142owi z drogi na ka\u017cdym kroku itd. itp. Napieralski mo\u017ce w I turze zebra\u0107 du\u017co g\u0142os\u00f3w, byle w II turze scedowa\u0142 je na Trzeci\u0105, a nie na Czwart\u0105 RP.<\/p>\n","protected":false},"excerpt":{"rendered":"<p>TA\u015aMY. Najwa\u017cniejsze wydarzenia toczy\u0142y si\u0119 wok\u00f3\u0142 zapisu na ta\u015bmach z samolotu prezydenckiego. Decyzja Bronis\u0142awa Komorowskiego, \u017ceby najpierw zapozna\u0107 z zapisem cz\u0142onk\u00f3w Rady Bezpiecze\u0144stwa Narodowego, by\u0142a gestem w ich stron\u0119, zw\u0142aszcza w stron\u0119 jednego z nich &#8211; Jaros\u0142awa Kaczy\u0144skiego. Ale by\u0142 to gest\u00a0 nie ca\u0142kiem fortunny, gdy\u017c RBN\u00a0 nie mo\u017ce podj\u0105\u0107 \u017cadnej decyzji, publikacja tekstu by\u0142a [&hellip;]<\/p>\n","protected":false},"author":4,"featured_media":0,"comment_status":"open","ping_status":"open","sticky":false,"template":"","format":"standard","meta":{"footnotes":""},"categories":[1],"tags":[],"_links":{"self":[{"href":"https:\/\/blog.polityka.pl\/passent\/wp-json\/wp\/v2\/posts\/704"}],"collection":[{"href":"https:\/\/blog.polityka.pl\/passent\/wp-json\/wp\/v2\/posts"}],"about":[{"href":"https:\/\/blog.polityka.pl\/passent\/wp-json\/wp\/v2\/types\/post"}],"author":[{"embeddable":true,"href":"https:\/\/blog.polityka.pl\/passent\/wp-json\/wp\/v2\/users\/4"}],"replies":[{"embeddable":true,"href":"https:\/\/blog.polityka.pl\/passent\/wp-json\/wp\/v2\/comments?post=704"}],"version-history":[{"count":0,"href":"https:\/\/blog.polityka.pl\/passent\/wp-json\/wp\/v2\/posts\/704\/revisions"}],"wp:attachment":[{"href":"https:\/\/blog.polityka.pl\/passent\/wp-json\/wp\/v2\/media?parent=704"}],"wp:term":[{"taxonomy":"category","embeddable":true,"href":"https:\/\/blog.polityka.pl\/passent\/wp-json\/wp\/v2\/categories?post=704"},{"taxonomy":"post_tag","embeddable":true,"href":"https:\/\/blog.polityka.pl\/passent\/wp-json\/wp\/v2\/tags?post=704"}],"curies":[{"name":"wp","href":"https:\/\/api.w.org\/{rel}","templated":true}]}}