
{"id":7047,"date":"2021-09-22T08:56:42","date_gmt":"2021-09-22T06:56:42","guid":{"rendered":"https:\/\/passent.blog.polityka.pl\/?p=7047"},"modified":"2021-09-22T10:52:42","modified_gmt":"2021-09-22T08:52:42","slug":"konska-nasza-polska-cala","status":"publish","type":"post","link":"https:\/\/blog.polityka.pl\/passent\/2021\/09\/22\/konska-nasza-polska-cala\/","title":{"rendered":"Ko\u0144ska nasza Polska ca\u0142a"},"content":{"rendered":"\n<p>\u201eWybory wygrywa si\u0119 w Ko\u0144skich, a nie w Wilanowie\u201d \u2013 powiedzia\u0142 Grzegorz Schetyna, jeden z lider\u00f3w Platformy, po przegranych wyborach 2015 r. Prawda ta potwierdzi\u0142a si\u0119 w wyborach prezydenckich, kiedy Andrzej Duda zdoby\u0142 tam 61 proc. g\u0142os\u00f3w. Od tego czasu gmina Ko\u0144skie (woj. \u015bwi\u0119tokrzyskie) kojarzy si\u0119 z ma\u0142\u0105 miejscowo\u015bci\u0105, kt\u00f3rej nie wolno lekcewa\u017cy\u0107, przeciwnie \u2013 \u017ceby wygra\u0107 wybory, nale\u017cy tam by\u0107, rozmawia\u0107 z mieszka\u0144cami, biesiadowa\u0107, interesowa\u0107 si\u0119 (lub udawa\u0107) ich problemami, da\u0107 im poczucie, \u017ce i oni s\u0105 wa\u017cni.<\/p>\n\n\n\n<!--more-->\n\n\n\n<p>Niestety, kiedy s\u0142ysz\u0119 \u201eKo\u0144skie\u201d, my\u015bl\u0119 o partyjnej rutynie, o \u201eruszaniu w teren\u201d, \u201ewychodzeniu do ludzi\u201d, \u201ezakasywaniu r\u0119kaw\u00f3w\u201d itp. To stara \u015bpiewka przed ka\u017cdymi wyborami. Skoro zna\u0142 j\u0105 Schetyna, to zna j\u0105 te\u017c Tusk. \u201eMy jako Platforma w\u0142a\u015bnie po to jeste\u015bmy tu, w P\u0142o\u0144sku i w swoich wsiach, miasteczkach, miastach, w stolicy, \u017ceby broni\u0107 interes\u00f3w P\u0142o\u0144ska i innych 800 burmistrzowskich miast i ponad stu miast prezydenckich. I \u017ceby broni\u0107 Europy w Polsce i Polski w Europie\u201d \u2013 m\u00f3wi\u0142 Tusk na konwencji.<\/p>\n\n\n\n<p>Jeszcze jeden dow\u00f3d, \u017ce Platforma \u201eodkrywa\u201d prowincj\u0119, elegancko zwan\u0105 \u201eterenem\u201d lub \u201ePolsk\u0105 powiatow\u0105\u201d. \u201eW Polsce ci\u0105gle jest bardzo wiele miejsc, gdzie trzeba zadba\u0107 o zupe\u0142nie elementarne potrzeby. Nawet takie jak kanalizacyjne czy wodoci\u0105gi. Ale do tego s\u0105 potrzebne \u015brodki i kompetencje w r\u0119kach miejscowych\u201d.<\/p>\n\n\n\n<p>Miejmy nadzieje, \u017ce Platforma tym razem faktycznie wyci\u0105gn\u0119\u0142a wnioski ze swego wielkomiejsko-inteligenckiego wizerunku i posz\u0142a \u015bladem PiS oraz Dudy, kt\u00f3ry odwiedzi\u0142 wszystkie gminy w Polsce (za pieni\u0105dze publiczne i w czasie pracy, bo lubi t\u0119 robot\u0119). Owszem, wybory wygrywa si\u0119 w Ko\u0144skich, ale bez przesady! \u201eP\u00f3jdziemy do ludzi, dzisiaj jeste\u015bmy w P\u0142o\u0144sku, ale ka\u017cdego dnia b\u0119dziemy wsz\u0119dzie tam, gdzie potrzebna jest nasza obecno\u015b\u0107. Nie w studiu telewizyjnym, nie w warszawskiej kawiarni. Nie dlatego, \u017ceby to by\u0142y niewa\u017cne miejsca, bro\u0144 Panie Bo\u017ce (\u2026)\u201d. Nagrod\u0105 nie b\u0119dzie fajny wyst\u0119p w telewizji, nie rozpoznawalno\u015b\u0107, nie lajki, \u201etylko powa\u017cna rozmowa z lud\u017ami, kt\u00f3ra da nagrod\u0119, a t\u0105 b\u0119dzie wygrana\u201d.<\/p>\n\n\n\n<p>Oby tak by\u0142o, ale czy ludzie nie s\u0105 aby zm\u0119czeni, nie maj\u0105 do\u015b\u0107 tej powa\u017cnej rozmowy z nimi? Ciekawe by\u0142oby dowiedzie\u0107 si\u0119, jak wielkie jest zapotrzebowanie narodu na rozmow\u0119 z parti\u0105, bo \u017ce partii jest ona potrzebna &#8211; to nie ma dw\u00f3ch zda\u0144.<\/p>\n\n\n\n<p>Nie bagatelizowa\u0142bym jednak wyst\u0119p\u00f3w w telewizji. Im wi\u0119cej w telewizji Brudzi\u0144skiego, Suskiego, Terleckiego czy Witek \u2013 tym dla nas lepiej. Wielk\u0105 zas\u0142ug\u0105 TVN24 jest zapraszanie tych znakomito\u015bci do studia i pogo\u0144 za nimi w sejmowych korytarzach. Kaczy\u0144ski chce zniszczy\u0107 woln\u0105 telewizj\u0119, bo mu nie s\u0142u\u017cy. Zatem mam pro\u015bb\u0119 do polityk\u00f3w Koalicji: nie taktujcie opinii Tuska o telewizji dos\u0142ownie, bo on dobrze wie, co znacz\u0105 wolne media dla polityk\u00f3w. W drodze z P\u0142o\u0144ska do Ko\u0144skich warto (od czasu do czasu!) zajrze\u0107 do studia i pokaza\u0107 si\u0119 z najlepszej strony.<\/p>\n","protected":false},"excerpt":{"rendered":"<p>\u201eWybory wygrywa si\u0119 w Ko\u0144skich, a nie w Wilanowie\u201d \u2013 powiedzia\u0142 Grzegorz Schetyna, jeden z lider\u00f3w Platformy, po przegranych wyborach 2015 r. Prawda ta potwierdzi\u0142a si\u0119 w wyborach prezydenckich, kiedy Andrzej Duda zdoby\u0142 tam 61 proc. g\u0142os\u00f3w. Od tego czasu gmina Ko\u0144skie (woj. \u015bwi\u0119tokrzyskie) kojarzy si\u0119 z ma\u0142\u0105 miejscowo\u015bci\u0105, kt\u00f3rej nie wolno lekcewa\u017cy\u0107, przeciwnie \u2013 [&hellip;]<\/p>\n","protected":false},"author":4,"featured_media":7052,"comment_status":"open","ping_status":"closed","sticky":false,"template":"","format":"standard","meta":{"footnotes":""},"categories":[1],"tags":[],"_links":{"self":[{"href":"https:\/\/blog.polityka.pl\/passent\/wp-json\/wp\/v2\/posts\/7047"}],"collection":[{"href":"https:\/\/blog.polityka.pl\/passent\/wp-json\/wp\/v2\/posts"}],"about":[{"href":"https:\/\/blog.polityka.pl\/passent\/wp-json\/wp\/v2\/types\/post"}],"author":[{"embeddable":true,"href":"https:\/\/blog.polityka.pl\/passent\/wp-json\/wp\/v2\/users\/4"}],"replies":[{"embeddable":true,"href":"https:\/\/blog.polityka.pl\/passent\/wp-json\/wp\/v2\/comments?post=7047"}],"version-history":[{"count":4,"href":"https:\/\/blog.polityka.pl\/passent\/wp-json\/wp\/v2\/posts\/7047\/revisions"}],"predecessor-version":[{"id":7053,"href":"https:\/\/blog.polityka.pl\/passent\/wp-json\/wp\/v2\/posts\/7047\/revisions\/7053"}],"wp:featuredmedia":[{"embeddable":true,"href":"https:\/\/blog.polityka.pl\/passent\/wp-json\/wp\/v2\/media\/7052"}],"wp:attachment":[{"href":"https:\/\/blog.polityka.pl\/passent\/wp-json\/wp\/v2\/media?parent=7047"}],"wp:term":[{"taxonomy":"category","embeddable":true,"href":"https:\/\/blog.polityka.pl\/passent\/wp-json\/wp\/v2\/categories?post=7047"},{"taxonomy":"post_tag","embeddable":true,"href":"https:\/\/blog.polityka.pl\/passent\/wp-json\/wp\/v2\/tags?post=7047"}],"curies":[{"name":"wp","href":"https:\/\/api.w.org\/{rel}","templated":true}]}}