
{"id":7054,"date":"2021-09-22T23:11:45","date_gmt":"2021-09-22T21:11:45","guid":{"rendered":"https:\/\/passent.blog.polityka.pl\/?p=7054"},"modified":"2021-09-23T00:43:08","modified_gmt":"2021-09-22T22:43:08","slug":"gorzka-koncesja","status":"publish","type":"post","link":"https:\/\/blog.polityka.pl\/passent\/2021\/09\/22\/gorzka-koncesja\/","title":{"rendered":"Gorzka koncesja"},"content":{"rendered":"\n<p>Uff, nareszcie mamy przed\u0142u\u017con\u0105 koncesj\u0119 dla TVN24! Mamy my &#8211; widzowie przywi\u0105zani do najlepszego kana\u0142u informacyjnego w Polsce, a tak\u017ce wszyscy ci, kt\u00f3rzy niekoniecznie go ogl\u0105daj\u0105, ale chc\u0105 mie\u0107 wolno\u015b\u0107 s\u0142owa i pluralizm medi\u00f3w.<\/p>\n\n\n\n<!--more-->\n\n\n\n<p>Gratuluj\u0119 wszystkim ludziom TVN! Niestety, rado\u015b\u0107 nasza jest ograniczona, w tej beczce miodu jest \u0142y\u017cka dziegciu. Dlaczego KRRiT zwleka\u0142a 19 miesi\u0119cy i wydusi\u0142a z siebie pokraczn\u0105 zgod\u0119 dopiero na cztery dni przed up\u0142ywem ustawowego terminu? Przecie\u017c to kompromituje Polsk\u0119 w oczach tysi\u0119cy obserwator\u00f3w naszego kraju, w tym naszego najwa\u017cniejszego sojusznika &#8211; Stan\u00f3w Zjednoczonych, zainteresowanych bezpiecze\u0144stwem swoich inwestycji oraz wolno\u015bci\u0105 s\u0142owa w Polsce.<\/p>\n\n\n\n<p>Jedynym powodem tej kompromitacji (bo 19 miesi\u0119cy, kt\u00f3re mia\u0142y poni\u017cy\u0107 TVN, Discovery i Stany Zjednoczone, pokaza\u0107, kto tu rz\u0105dzi i jak daleko si\u0119ga nasza suwerenno\u015b\u0107, to jednak jest kompromitacja) s\u0105 polityczne zachcianki prezesa Kaczy\u0144skiego, kt\u00f3ry nie mo\u017ce znie\u015b\u0107 \u017cadnej krytyki, \u017cadnej opozycji, a ju\u017c zw\u0142aszcza w mediach. Dyktaturka, kt\u00f3r\u0105 mamy, jest nie do pogodzenia z wolnymi mediami, st\u0105d grzebanie w legislacji, wymy\u015blanie 49 proc. jako g\u00f3rnej granicy dla kapita\u0142u spoza Unii Europejskiej i r\u00f3\u017cne inne pomys\u0142y.<\/p>\n\n\n\n<p>Tak, mamy dzisiaj zwyci\u0119stwo, Kaczy\u0144ski, a mo\u017ce i Duda (kt\u00f3ry ma w Radzie dw\u00f3ch przedstawicieli) musia\u0142 zrobi\u0107 krok wstecz, ale jak to zwykle prezes \u2013 nigdy nie uznaje swojej pora\u017cki, dlatego najpierw KRRiT (cia\u0142o rzekomo niezale\u017cne) musia\u0142o uchwali\u0107 dziwaczn\u0105 uchwa\u0142\u0119, a dopiero potem przed\u0142u\u017cy\u0107 koncesj\u0119. Z uchwa\u0142y wynika, \u017ce Kaczy\u0144ski nie sk\u0142ada broni, \u017ce koncesja zostaje przed\u0142u\u017cona, chocia\u017c jest niezgodna z prawem i wzywa si\u0119 premiera, by podj\u0105\u0142 dzia\u0142alno\u015b\u0107 legislacyjn\u0105 itd.<\/p>\n\n\n\n<p>Pozwala to Kaczy\u0144skiemu zachowa\u0107 twarz (\u017ce niby nie spasowa\u0142), jak r\u00f3wnie\u017c stanowi alibi wobec twardego elektoratu, niezadowolonego z przed\u0142u\u017cenia koncesji (\u201emusia\u0142em ust\u0105pi\u0107 Bidenowi i Dudzie, ale mam uchwa\u0142\u0119, kt\u00f3ra pozwala mi wr\u00f3ci\u0107 do sprawy, kiedy tylko zechc\u0119, np. po wyborach, a na razie moi specjali\u015bci przygotuj\u0105 odpowiedni\u0105 ustaw\u0119, tak\u0105, by kapita\u0142 ira\u0144ski, rosyjski czy chi\u0144ski nie opanowa\u0142 polskich medi\u00f3w\u201d).<\/p>\n\n\n\n<p>Tak wi\u0119c prezes \u201enie przegra\u0142 do zera\u201d, otworzy\u0142 kolejne pole konfliktu, liczy na efekt mro\u017c\u0105cy w innych mediach (\u201elepiej z nimi nie zaczyna\u0107\u201d), nadal b\u0119dzie kr\u0119ci\u0142 bicz, TVN nie mo\u017ce spa\u0107 spokojnie. Podobnie jak prezes, kt\u00f3remu sen z powiek sp\u0119dza ju\u017c internet i jak go poskromi\u0107. To nast\u0119pne wyzwanie w walce z wolno\u015bci\u0105 medi\u00f3w. A my cieszmy si\u0119 ze zwyci\u0119stwa wolnych medi\u00f3w i pami\u0119tajmy, \u017ce nie jest ono nam dane na zawsze.<\/p>\n\n\n\n<p><strong>Zaproszenie<\/strong><br>Adam Krzemi\u0144ski, niezr\u00f3wnany znawca Niemiec, w dniu wybor\u00f3w w tym kraju, oraz pos\u0142anka Joanna Mucha (dawniej PO, obecnie Ruch 2050 p. Ho\u0142owni) b\u0119d\u0105 naszymi go\u015b\u0107mi w TOK FM w niedziel\u0119 29 wrze\u015bnia o godz. 10:05.<\/p>\n","protected":false},"excerpt":{"rendered":"<p>Uff, nareszcie mamy przed\u0142u\u017con\u0105 koncesj\u0119 dla TVN24! Mamy my &#8211; widzowie przywi\u0105zani do najlepszego kana\u0142u informacyjnego w Polsce, a tak\u017ce wszyscy ci, kt\u00f3rzy niekoniecznie go ogl\u0105daj\u0105, ale chc\u0105 mie\u0107 wolno\u015b\u0107 s\u0142owa i pluralizm medi\u00f3w.<\/p>\n","protected":false},"author":4,"featured_media":6922,"comment_status":"open","ping_status":"closed","sticky":false,"template":"","format":"standard","meta":{"footnotes":""},"categories":[1],"tags":[],"_links":{"self":[{"href":"https:\/\/blog.polityka.pl\/passent\/wp-json\/wp\/v2\/posts\/7054"}],"collection":[{"href":"https:\/\/blog.polityka.pl\/passent\/wp-json\/wp\/v2\/posts"}],"about":[{"href":"https:\/\/blog.polityka.pl\/passent\/wp-json\/wp\/v2\/types\/post"}],"author":[{"embeddable":true,"href":"https:\/\/blog.polityka.pl\/passent\/wp-json\/wp\/v2\/users\/4"}],"replies":[{"embeddable":true,"href":"https:\/\/blog.polityka.pl\/passent\/wp-json\/wp\/v2\/comments?post=7054"}],"version-history":[{"count":3,"href":"https:\/\/blog.polityka.pl\/passent\/wp-json\/wp\/v2\/posts\/7054\/revisions"}],"predecessor-version":[{"id":7057,"href":"https:\/\/blog.polityka.pl\/passent\/wp-json\/wp\/v2\/posts\/7054\/revisions\/7057"}],"wp:featuredmedia":[{"embeddable":true,"href":"https:\/\/blog.polityka.pl\/passent\/wp-json\/wp\/v2\/media\/6922"}],"wp:attachment":[{"href":"https:\/\/blog.polityka.pl\/passent\/wp-json\/wp\/v2\/media?parent=7054"}],"wp:term":[{"taxonomy":"category","embeddable":true,"href":"https:\/\/blog.polityka.pl\/passent\/wp-json\/wp\/v2\/categories?post=7054"},{"taxonomy":"post_tag","embeddable":true,"href":"https:\/\/blog.polityka.pl\/passent\/wp-json\/wp\/v2\/tags?post=7054"}],"curies":[{"name":"wp","href":"https:\/\/api.w.org\/{rel}","templated":true}]}}