
{"id":706,"date":"2010-06-09T11:35:50","date_gmt":"2010-06-09T09:35:50","guid":{"rendered":"http:\/\/passent.blog.polityka.pl\/?p=706"},"modified":"2010-06-09T12:36:19","modified_gmt":"2010-06-09T10:36:19","slug":"zimny-prysznic","status":"publish","type":"post","link":"https:\/\/blog.polityka.pl\/passent\/2010\/06\/09\/zimny-prysznic\/","title":{"rendered":"Zimny prysznic"},"content":{"rendered":"<p><strong>Najnowszy sonda\u017c (Komorowski 42 proc., Kaczy\u0144ski 36 proc.) to zimny prysznic dla i tak niezbyt rozgrzanych zwolennik\u00f3w marsza\u0142ka. Kolejne sonda\u017ce potwierdzaj\u0105, \u017ce kandydat Platformy z ka\u017cdym dniem traci, s\u0142abnie w oczach, jego kampania jest bez pomys\u0142u<\/strong>.<\/p>\n<p>Pisa\u0142em kilkakrotnie, \u017ce jego walory \u2013 spok\u00f3j, dobroduszno\u015b\u0107, sta\u0142o\u015b\u0107, odwaga, do\u015bwiadczenie opozycyjne i polityczne \u2013 czyni\u0142yby ze\u0144 mo\u017ce i dobrego prezydenta, ale trudno je sprzeda\u0107 w kampanii. Kampania Komorowskiego jest s\u0142aba, \u017cadna has\u0142o nie utrwali\u0142o si\u0119 w pami\u0119ci, \u017caden krok nie by\u0142 porywaj\u0105cy, a drobne sk\u0105din\u0105d, ale liczne wpadki, wskazuj\u0105, \u017ce marsza\u0142ek albo nie jest dobrze poinformowany (jak w sprawie gazu), albo ma niezbyt subtelne poczucie humoru (kaszaloty, kr\u00f3tkie przem\u00f3wienia i d\u0142ugie kie\u0142basy). Dotychczas opinia publiczna niewiele o Komorowskim wiedzia\u0142a. By\u0142 on ukryty za majestatycznymi funkcjami ministra, marsza\u0142ka i wykonuj\u0105cym obowi\u0105zki prezydenta, co robi bez zarzutu, ale jako cz\u0142owiek by\u0142 nieznany.<\/p>\n<p>Przy bli\u017cszej prezentacji wyborcom i wobec dociekliwych medi\u00f3w, nawet \u017cyczliwych, Komorowski okazuje si\u0119 pewnym rozczarowaniem. W\u015br\u00f3d jego zwolennik\u00f3w panuje przygn\u0119bienie. Zyskuje na tym Kaczy\u0144ski. Druga tura wydaje si\u0119 pewna. Komorowski straci\u0142 pozycj\u0119 murowanego faworyta (zaczyna\u0142 od 60 proc.) i wynik wybor\u00f3w jest otwarty. Watahy nie uda\u0142o si\u0119 dobi\u0107. Wyb\u00f3r Kaczy\u0144skiego staje si\u0119 realny, a wraz z nim zmartwychwstanie IV RP czyli nic dobrego.<\/p>\n<p>Powo\u0142anie Marka Belki na stanowisko prezesa NBP te\u017c jest pod znakiem zapytania. W tym przypadku winny nie jest sam kandydat, ale spos\u00f3b jego powo\u0142ania, bez wcze\u015bniejszego zapewnienia poparcia w Sejmie, a tak\u017ce fochy Grzegorza Napieralskiego. Kandydat SLD m\u00f3g\u0142 si\u0119 s\u0142usznie czu\u0107 pomini\u0119ty, szachowany i zaszanta\u017cowany przez Komorowskiego, ale powinien Belk\u0119 poprze\u0107. Wa\u017cniejsze s\u0105 walory Marka Belki i interes pa\u0144stwa ni\u017c polityczne zagrania i ambicje. Napieralski ma wiele okazji, by powiedzie\u0107, co my\u015bli o post\u0119powaniu marsza\u0142ka, ale nie powinien g\u0142osowa\u0107 z PiS, nawet \u201ena z\u0142o\u015b\u0107 mamie\u201d.<\/p>\n<p>Kandydatury na stanowisko Rzecznika Praw Obywatelskich nie budz\u0105 mojego entuzjazmu. Ubolewam, \u017ce kandydatem nie jest prof. Wojciech Sadurski, \u015bwietny znawca problematyki, odwa\u017cny w swoich niekoniunkturalnych s\u0105dach, nie zwi\u0105zany z \u017cadn\u0105 parti\u0105. Zamiast tego \u201emamy\u201d (bo sprawa jest przes\u0105dzona) wyb\u00f3r pomi\u0119dzy pani\u0105 Romaszewsk\u0105, osob\u0105 wielce zas\u0142u\u017con\u0105 w opozycji w czasach PRL, ale o pogl\u0105dach wi\u0119cej ni\u017c konserwatywnych, m.in. w sprawie mniejszo\u015bci seksualnych, a prof. Iren\u0105 Lipowicz. Mia\u0142a ona opini\u0119 dobrej pos\u0142anki i ambasadora w Austrii, ale ja mam z ni\u0105 do\u015bwiadczenie gorzkie.<\/p>\n<p>By\u0142o to w 1997 roku, kiedy jako kandydat Rosatiego i Cimoszewicza na stanowisko ambasadora w Chile, stan\u0105\u0142em przed Komisj\u0105 Spraw Zagranicznych Sejmu. By\u0142a tam silna grupa z Unii Wolno\u015bci. Obradom Przewodniczy\u0142 prof. Geremek, byli pose\u0142 Wielowieyski, Hanna Suchocka i inni cz\u0142onkowie opozycji. Wszyscy oni milczeli, natomiast pos\u0142anka Lipowicz zaj\u0119\u0142a si\u0119 krytyka mojej kandydatury. Mia\u0142a przygotowane moje felietony. Jeden, pt. \u201eM\u00f3wi Hutu, poprosz\u0119 Tutsi\u201d dotyczy\u0142 podzia\u0142\u00f3w i ostrej walki politycznej w \u00f3wczesnej (1996) Polsce. Pos\u0142anka Lipowicz wyci\u0105gn\u0119\u0142a z tego wniosek, \u017ce \u201emy tu w Sejmie lepiej czy gorzej, ale jednak dyskutujemy i ten dyskurs trwa, a felieton wszystko to jak gdyby mia\u0142 za nic, przekre\u015bla\u0142\u201d. Skoro mnie si\u0119 ten kraj nie podoba, to nie powinienem by\u0107 ambasadorem.<\/p>\n<p>Nast\u0119pnie pos\u0142anka wyrazi\u0142a opini\u0119, \u017ce jestem izolowany w \u015brodowisku, co uniemo\u017cliwi mi pe\u0142nienie misji, a na ko\u0144cu wyrazi\u0142a zdziwienie, \u017ce usi\u0142uj\u0119 zmieni\u0107 \u201ekarier\u0119\u201d tak p\u00f3\u017ano, \u201ew tym wieku\u201d.<\/p>\n<p>Zgodnie z zaleceniami towarzysz\u0105cego mi Sekretarza Stanu w MSZ, Eugeniusza Wyznera, jednego z najbardziej do\u015bwiadczonych dyplomat\u00f3w, nie da\u0142em si\u0119 sprowokowa\u0107. Na czas g\u0142osowania prof. Geremek dyplomatycznie wyszed\u0142. Kiedy ju\u017c zosta\u0142em zatwierdzony, pos\u0142anka Lipowicz wyrazi\u0142a nadziej\u0119, \u017ce w moich felietonach nie b\u0119d\u0119 si\u0119 na niej \u201em\u015bci\u0142\u201d. Przez nast\u0119pnych 7 lat milcza\u0142em, ale kiedy dzisiaj rano us\u0142ysza\u0142em w Radiu TOK FM Piotra Semk\u0119, kt\u00f3ry wspomina\u0142, jak pos\u0142anka Lipowicz wymi\u015bkowa\u0142a go z pewnego grona polsko-niemieckiego, prosz\u0105c go jednocze\u015bnie o dyskrecj\u0119, przypomnia\u0142em sobie tamte zdarzenia.<\/p>\n<p>Poniewa\u017c wyb\u00f3r kandydatki PO prof. Ireny Lipowicz jest przes\u0105dzony, spiesz\u0119 z gratulacjami.<\/p>\n","protected":false},"excerpt":{"rendered":"<p>Najnowszy sonda\u017c (Komorowski 42 proc., Kaczy\u0144ski 36 proc.) to zimny prysznic dla i tak niezbyt rozgrzanych zwolennik\u00f3w marsza\u0142ka. Kolejne sonda\u017ce potwierdzaj\u0105, \u017ce kandydat Platformy z ka\u017cdym dniem traci, s\u0142abnie w oczach, jego kampania jest bez pomys\u0142u. Pisa\u0142em kilkakrotnie, \u017ce jego walory \u2013 spok\u00f3j, dobroduszno\u015b\u0107, sta\u0142o\u015b\u0107, odwaga, do\u015bwiadczenie opozycyjne i polityczne \u2013 czyni\u0142yby ze\u0144 mo\u017ce i [&hellip;]<\/p>\n","protected":false},"author":4,"featured_media":0,"comment_status":"open","ping_status":"open","sticky":false,"template":"","format":"standard","meta":{"footnotes":""},"categories":[1],"tags":[],"_links":{"self":[{"href":"https:\/\/blog.polityka.pl\/passent\/wp-json\/wp\/v2\/posts\/706"}],"collection":[{"href":"https:\/\/blog.polityka.pl\/passent\/wp-json\/wp\/v2\/posts"}],"about":[{"href":"https:\/\/blog.polityka.pl\/passent\/wp-json\/wp\/v2\/types\/post"}],"author":[{"embeddable":true,"href":"https:\/\/blog.polityka.pl\/passent\/wp-json\/wp\/v2\/users\/4"}],"replies":[{"embeddable":true,"href":"https:\/\/blog.polityka.pl\/passent\/wp-json\/wp\/v2\/comments?post=706"}],"version-history":[{"count":0,"href":"https:\/\/blog.polityka.pl\/passent\/wp-json\/wp\/v2\/posts\/706\/revisions"}],"wp:attachment":[{"href":"https:\/\/blog.polityka.pl\/passent\/wp-json\/wp\/v2\/media?parent=706"}],"wp:term":[{"taxonomy":"category","embeddable":true,"href":"https:\/\/blog.polityka.pl\/passent\/wp-json\/wp\/v2\/categories?post=706"},{"taxonomy":"post_tag","embeddable":true,"href":"https:\/\/blog.polityka.pl\/passent\/wp-json\/wp\/v2\/tags?post=706"}],"curies":[{"name":"wp","href":"https:\/\/api.w.org\/{rel}","templated":true}]}}