
{"id":707,"date":"2010-06-11T12:31:17","date_gmt":"2010-06-11T10:31:17","guid":{"rendered":"http:\/\/passent.blog.polityka.pl\/?p=707"},"modified":"2010-06-11T12:35:37","modified_gmt":"2010-06-11T10:35:37","slug":"stan-goryczy-sie-obnizyl","status":"publish","type":"post","link":"https:\/\/blog.polityka.pl\/passent\/2010\/06\/11\/stan-goryczy-sie-obnizyl\/","title":{"rendered":"Stan goryczy si\u0119 obni\u017cy\u0142"},"content":{"rendered":"<p><strong>Ostatni weekend przedwyborczy zapowiada si\u0119 dobrze. Pow\u00f3d\u017a ust\u0119puje, obni\u017cy\u0142 si\u0119 poziom wody w Wi\u015ble, a tak\u017ce poziom goryczy w polityce. Dochodzi do prze\u0142amania podzia\u0142\u00f3w i zasypywania row\u00f3w, kopanych pracowicie przez ca\u0142e pokolenie<\/strong>.<\/p>\n<p>Kilka fakt\u00f3w:<\/p>\n<p>Nominacja prof. Marka Belki jest faktem ze wszech miar pozytywnym. Zapewne, jego nominacja w tej chwili by\u0142a zagraniem wyborczym Platformy, mia\u0142a oznacza\u0107 gest w stron\u0119 wyborc\u00f3w lewicy, kt\u00f3rych g\u0142osy b\u0119d\u0105 potrzebne w II turze, a przedtem, w I turze warto je odci\u0105gn\u0105\u0107 od kandydata SLD. Ale koniec wie\u0144czy dzie\u0142o. Wszak \u201enajwa\u017cniejsza jest Polska\u201d, a dla Polski prezesura Belki jest znakomita \u2013 tego nie kwestionuje nawet opozycja. (Inna sprawa, \u017ce ten Belka to prawdziwy joker, jak on to zrobi\u0142, \u017ce prawie wszyscy m\u00f3wi\u0105 o nim z uznaniem?) Dobrze si\u0119 sta\u0142o, \u017ce zaszachowany SLD si\u0119 nie skompromitowa\u0142, i mimo demonstracyjnego oci\u0105gania si\u0119 \u2013 wybra\u0142 jedyny rozs\u0105dny g\u0142os: ZA. W ka\u017cdym razie ja si\u0119 ciesz\u0119, gratuluj\u0119 Profesorowi, gratuluj\u0119 NBP (dr Jakub Prawin, wuj, kt\u00f3ry mnie wychowywa\u0142, by\u0142 przez kilka lat jego wiceprezesem, wi\u0119c bywa\u0142em tam jako m\u0142odzieniec, potem szed\u0142em do pobliskiej biblioteki PISM na ulicy Wareckiej ), wreszcie &#8211; gratuluj\u0119 nam wszystkim.<\/p>\n<p>Odrzucenie sprawozdania KRRiTV przez parlament i zapowied\u017a jego odrzucenia przez Bronis\u0142awa Komorowskiego, wykonuj\u0105cego obowi\u0105zki prezydenta, to drugi dobry omen. Oczywi\u015bcie, gdyby Platforma wcze\u015bniej posz\u0142a po rozum do g\u0142owy, gdyby nie zerwa\u0142a wcze\u015bniejszego porozumienia z SLD w sprawie projektu ustawy, byliby\u015bmy dzisiaj o wiele dalej na drodze do medi\u00f3w naprawd\u0119 publicznych, nie by\u0142oby te\u017c gorsz\u0105cego sojuszu PiS \u2013 SLD w mediach publicznych, ale \u2013 tak jak w sprawie prezesa NBP &#8211; koniec wie\u0144czy dzie\u0142o. Mi\u0142o\u015bciwie nam panuj\u0105ca Rada przestanie na szcz\u0119\u015bcie istnie\u0107. Je\u017celi zostanie uchwalona nowelizacja, kt\u00f3ra pozwoli zmieni\u0107 tryb wyboru zarz\u0105d\u00f3w medi\u00f3w publicznych, to b\u0119dzie to pierwszy krok na d\u0142ugiej jeszcze drodze do odpartyjnienia medi\u00f3w publicznych.<\/p>\n<p>Oba powy\u017csze fakty by\u0142y mo\u017cliwe dzi\u0119ki porozumieniu Platforma \u2013 SLD. Je\u017celi do tego dodamy, \u017ce prezes Kaczy\u0144ski w obecnym, powa\u017cnym, koncyliacyjnym wcieleniu zrezygnowa\u0142 z antykomunistycznej retoryki (jeszcze niedawno utrzymywa\u0142, \u017ce najwi\u0119kszym zagro\u017ceniem s\u0105 postkomuni\u015bci), to mamy now\u0105 sytuacj\u0119. SLD, cho\u0107 jest cieniem dawnej pot\u0119gi, staje si\u0119 po\u017c\u0105danym partnerem. XX lat po transformacji podzia\u0142 postkomuni\u015bci \u2013 antykomuni\u015bci zaczyna by\u0107 zasypywany. Otwiera to drog\u0119 ku normalnej polityce, gdzie mo\u017cliwe s\u0105 rozmaite alianse, porozumienia, koalicje. Wtedy bardziej b\u0119dzie liczy\u0142o si\u0119 meritum sprawy, a mniej rodow\u00f3d i pochodzenie, kto mia\u0142 korzenie w Wehrmachcie, a kto w KPP.<\/p>\n<p>Jak na jeden weekend to nie jest ma\u0142o.<\/p>\n","protected":false},"excerpt":{"rendered":"<p>Ostatni weekend przedwyborczy zapowiada si\u0119 dobrze. Pow\u00f3d\u017a ust\u0119puje, obni\u017cy\u0142 si\u0119 poziom wody w Wi\u015ble, a tak\u017ce poziom goryczy w polityce. Dochodzi do prze\u0142amania podzia\u0142\u00f3w i zasypywania row\u00f3w, kopanych pracowicie przez ca\u0142e pokolenie. Kilka fakt\u00f3w: Nominacja prof. Marka Belki jest faktem ze wszech miar pozytywnym. Zapewne, jego nominacja w tej chwili by\u0142a zagraniem wyborczym Platformy, mia\u0142a [&hellip;]<\/p>\n","protected":false},"author":4,"featured_media":0,"comment_status":"open","ping_status":"open","sticky":false,"template":"","format":"standard","meta":{"footnotes":""},"categories":[1],"tags":[],"_links":{"self":[{"href":"https:\/\/blog.polityka.pl\/passent\/wp-json\/wp\/v2\/posts\/707"}],"collection":[{"href":"https:\/\/blog.polityka.pl\/passent\/wp-json\/wp\/v2\/posts"}],"about":[{"href":"https:\/\/blog.polityka.pl\/passent\/wp-json\/wp\/v2\/types\/post"}],"author":[{"embeddable":true,"href":"https:\/\/blog.polityka.pl\/passent\/wp-json\/wp\/v2\/users\/4"}],"replies":[{"embeddable":true,"href":"https:\/\/blog.polityka.pl\/passent\/wp-json\/wp\/v2\/comments?post=707"}],"version-history":[{"count":0,"href":"https:\/\/blog.polityka.pl\/passent\/wp-json\/wp\/v2\/posts\/707\/revisions"}],"wp:attachment":[{"href":"https:\/\/blog.polityka.pl\/passent\/wp-json\/wp\/v2\/media?parent=707"}],"wp:term":[{"taxonomy":"category","embeddable":true,"href":"https:\/\/blog.polityka.pl\/passent\/wp-json\/wp\/v2\/categories?post=707"},{"taxonomy":"post_tag","embeddable":true,"href":"https:\/\/blog.polityka.pl\/passent\/wp-json\/wp\/v2\/tags?post=707"}],"curies":[{"name":"wp","href":"https:\/\/api.w.org\/{rel}","templated":true}]}}