
{"id":7070,"date":"2021-10-08T12:51:32","date_gmt":"2021-10-08T10:51:32","guid":{"rendered":"https:\/\/passent.blog.polityka.pl\/?p=7070"},"modified":"2021-10-08T17:46:42","modified_gmt":"2021-10-08T15:46:42","slug":"panie-prezesie-melduje-wykonanie-zadania","status":"publish","type":"post","link":"https:\/\/blog.polityka.pl\/passent\/2021\/10\/08\/panie-prezesie-melduje-wykonanie-zadania\/","title":{"rendered":"Panie prezesie, melduj\u0119 wykonanie zadania"},"content":{"rendered":"\n<p>O\u015bmieszana dotychczas w mediach g\u0142\u00f3wnego nurtu jako kucharka, wieczna magister i odkrycie towarzyskie Jaros\u0142awa Kaczy\u0144skiego, pani Julia Przy\u0142\u0119bska, prezeska \u201eTrybuna\u0142u Konstytucyjnego\u201d, mo\u017ce wreszcie zameldowa\u0107 wykonanie zadania.<\/p>\n\n\n\n<!--more-->\n\n\n\n<p>Je\u017celi kto\u015b uwa\u017ca\u0142, \u017ce trwaj\u0105ce od lat obrzydzanie Unii Europejskiej (i szerzej &#8211; Europy Zachodniej) przez Prawo i Sprawiedliwo\u015b\u0107 to tylko pusta gadanina, \u0142owienie g\u0142os\u00f3w na prawicy, w\u015br\u00f3d obro\u0144c\u00f3w cywilizacji narodowo-chrze\u015bcija\u0144skiej, to teraz widzi, \u017ce by\u0142 w b\u0142\u0119dzie. Ja sam przyznam, \u017ce antyunijne tyrady traktowa\u0142em troch\u0119 z przymru\u017ceniem oka, jako targi z Bruksel\u0105 i zdobywanie wyborc\u00f3w w kraju, a nie pot\u0119\u017cny &nbsp;zamach na Uni\u0119, a tym samym na Polsk\u0119 i nasze miejsce w Europie. Nie s\u0105dzi\u0142em, \u017ce kto\u015b, komu nar\u00f3d powierzy\u0142 w\u0142adz\u0119 i stanie na stra\u017cy interes\u00f3w naszego kraju, uderzy w jeden z filar\u00f3w naszego bezpiecze\u0144stwa i pomy\u015blno\u015bci (cho\u0107by przez dost\u0119p do uczelni zagranicznych, a tak\u017ce ta\u0144szych szczepionek).<\/p>\n\n\n\n<p>Widok najwy\u017cszych przedstawicieli naszego kraju, kt\u00f3rzy z\u0142orzecz\u0105 na \u201eniemieck\u0105\u201d Uni\u0119, przypisuj\u0105 jej najgorsze intencje, takie jak:<\/p>\n\n\n\n<ul><li>\u201edrenowanie\u201d naszego regionu poprzez dost\u0119p do naszego rynku (przy jednoczesnym przemilczaniu polskiego dost\u0119pu do gigantycznych rynk\u00f3w pa\u0144stw Unii)<\/li><li>demaskowanie niemieckiego protektoratu<\/li><li>dyktat Francji i Niemiec wobec mniejszych pa\u0144stw<\/li><li>naruszanie suwerenno\u015bci np. poprzez uzale\u017cnianie nale\u017cnych wyp\u0142at od stanu praworz\u0105dno\u015bci w poszczeg\u00f3lnych krajach przy jednoczesnym wyci\u0105ganiu r\u0119ki po fundusze europejskie dla Polski&#8230;<\/li><\/ul>\n\n\n<p>&#8211; ta kumulacja k\u0142amstwa i p\u00f3\u0142prawd,&nbsp;jest wbrew interesom Polski. Wczoraj chwalili si\u0119 na bilbordach, \u017ce za\u0142atwili setki miliard\u00f3w z\u0142otych, a dzi\u015b twierdz\u0105, \u017ce i bez tych pieni\u0119dzy damy rad\u0119. \u017benada i g\u0142upota. Miotaj\u0105 si\u0119, \u017ceby pokaza\u0107 (przede wszystkim w kraju), \u017ce wstajemy z kolan i \u015bwiat musi si\u0119 z nami liczy\u0107.<\/p>\n\n\n<p>Unia Europejska jako bankomat \u2013 tak, Unia jako sojusz oparty na wsp\u00f3lnych warto\u015bciach \u2013 nie. Dlaczego prawica walczy z Uni\u0105? Poniewa\u017c wyobra\u017ca sobie Polsk\u0119 jako bastion cywilizacji pomi\u0119dzy zachodni\u0105 dekadencj\u0105 i wschodni\u0105 dzicz\u0105. Prezes Przy\u0142\u0119bska mo\u017ce meldowa\u0107 wykonanie zadania: b\u0119dzie konflikt w Unii, b\u0119dzie konflikt z Uni\u0105 i o to chodzi.<\/p>\n\n\n\n<p><strong>Zaproszenie<\/strong><br>Znakomici uczeni: prof. Antoni Dudek i prof. Andrzej Friszke, b\u0119d\u0105 rozmawia\u0107 o politycznej biografii M. F. Rakowskiego (pi\u00f3ra dr. M. Przeperskiego, nak\u0142adem IPN), w TOK FM. Niedziela 10 pa\u017adziernika, g. 10:05.<\/p>\n","protected":false},"excerpt":{"rendered":"<p>O\u015bmieszana dotychczas w mediach g\u0142\u00f3wnego nurtu jako kucharka, wieczna magister i odkrycie towarzyskie Jaros\u0142awa Kaczy\u0144skiego, pani Julia Przy\u0142\u0119bska, prezeska \u201eTrybuna\u0142u Konstytucyjnego\u201d, mo\u017ce wreszcie zameldowa\u0107 wykonanie zadania.<\/p>\n","protected":false},"author":4,"featured_media":7073,"comment_status":"open","ping_status":"closed","sticky":false,"template":"","format":"standard","meta":{"footnotes":""},"categories":[1],"tags":[],"_links":{"self":[{"href":"https:\/\/blog.polityka.pl\/passent\/wp-json\/wp\/v2\/posts\/7070"}],"collection":[{"href":"https:\/\/blog.polityka.pl\/passent\/wp-json\/wp\/v2\/posts"}],"about":[{"href":"https:\/\/blog.polityka.pl\/passent\/wp-json\/wp\/v2\/types\/post"}],"author":[{"embeddable":true,"href":"https:\/\/blog.polityka.pl\/passent\/wp-json\/wp\/v2\/users\/4"}],"replies":[{"embeddable":true,"href":"https:\/\/blog.polityka.pl\/passent\/wp-json\/wp\/v2\/comments?post=7070"}],"version-history":[{"count":4,"href":"https:\/\/blog.polityka.pl\/passent\/wp-json\/wp\/v2\/posts\/7070\/revisions"}],"predecessor-version":[{"id":7076,"href":"https:\/\/blog.polityka.pl\/passent\/wp-json\/wp\/v2\/posts\/7070\/revisions\/7076"}],"wp:featuredmedia":[{"embeddable":true,"href":"https:\/\/blog.polityka.pl\/passent\/wp-json\/wp\/v2\/media\/7073"}],"wp:attachment":[{"href":"https:\/\/blog.polityka.pl\/passent\/wp-json\/wp\/v2\/media?parent=7070"}],"wp:term":[{"taxonomy":"category","embeddable":true,"href":"https:\/\/blog.polityka.pl\/passent\/wp-json\/wp\/v2\/categories?post=7070"},{"taxonomy":"post_tag","embeddable":true,"href":"https:\/\/blog.polityka.pl\/passent\/wp-json\/wp\/v2\/tags?post=7070"}],"curies":[{"name":"wp","href":"https:\/\/api.w.org\/{rel}","templated":true}]}}