
{"id":7094,"date":"2021-10-25T17:49:44","date_gmt":"2021-10-25T15:49:44","guid":{"rendered":"https:\/\/passent.blog.polityka.pl\/?p=7094"},"modified":"2021-10-25T22:22:52","modified_gmt":"2021-10-25T20:22:52","slug":"nie-oddamy-ani-guzika-2","status":"publish","type":"post","link":"https:\/\/blog.polityka.pl\/passent\/2021\/10\/25\/nie-oddamy-ani-guzika-2\/","title":{"rendered":"Nie oddamy ani guzika!"},"content":{"rendered":"\n<p>Trzecia wojna \u015bwiatowa i \u201ewszelkie dost\u0119pne \u015brodki\u201d to tylko niekt\u00f3re argumenty premiera Morawieckiego w wywiadzie dla &#8222;Financial Times&#8221;. Nawet pow\u015bci\u0105gliwy zazwyczaj amb. Jan Truszczy\u0144ski, znakomity znawca Unii Europejskiej, by\u0142y pierwszy negocjator akcesji Polski do Unii, by\u0142y sekretarz stanu w MSZ i ambasador przy Unii, zwraca w internecie uwag\u0119 na \u201ej\u0119zyk szale\u0144ca, zdeprawowanego ekstremisty, niegodnego premiera pa\u0144stwa cz\u0142onkowskiego. Coraz bli\u017cej dna i polexitu&#8221; \u2013 pisze.<\/p>\n\n\n\n<!--more-->\n\n\n\n<p>&#8222;Bruksela wysuwa swoje \u017c\u0105dania, przystawiaj\u0105c nam pistolet do skroni&#8221; \u2013 orzek\u0142 premier Morawiecki (PMM). Aby obni\u017cy\u0107 napi\u0119cie, obieca\u0142 likwidacj\u0119 Izby Dyscyplinarnej \u2013 czytamy &#8211; ale doda\u0142, \u017ce \u201ejakakolwiek pr\u00f3ba zmniejszenia fundusz\u00f3w (<em>cohesion funds<\/em>) dla Polski \u201espotka si\u0119 z silnym odwetem\u201d. Je\u015bli Komisja Europejska zacznie trzeci\u0105 wojn\u0119 \u015bwiatow\u0105, b\u0119dziemy broni\u0107 naszych praw wszelk\u0105 dost\u0119pn\u0105 nam broni\u0105. Je\u015bli ktokolwiek zaatakuje nas nie fair, &#8222;b\u0119dziemy musieli przemy\u015ble\u0107 nasz\u0105 strategi\u0119\u201d. Nie wiadomo, jak czuje si\u0119 polski premier, m\u00f3wi\u0105c te s\u0142owa \u2013 jak romantyczny polski bohater-straceniec, jak \u017co\u0142nierz wykl\u0119ty, jak J\u00f3zef Beck czy jak Winston Churchill? W ka\u017cdym razie Morawiecki odlecia\u0142.<\/p>\n\n\n\n<p>&#8222;Financial Times&#8221; przypomina, \u017ce gdy &#8222;najwy\u017cszy s\u0105d&#8221; (chodzi o TK) uzna\u0142 kluczowe fragmenty praw UE za niezgodne z konstytucj\u0105, nast\u0105pi\u0142a eskalacja konfliktu wok\u00f3\u0142 zmian w polskim s\u0105downictwie, kt\u00f3re PiS uwa\u017ca za niezb\u0119dne, a zdaniem Brukseli naruszaj\u0105 one niezawis\u0142o\u015b\u0107 s\u0105d\u00f3w i fundamentalne prawa, kt\u00f3re spajaj\u0105 UE.<\/p>\n\n\n\n<p>\u201eDyskryminacja\u201d i \u201edyktat\u201d to terminy, kt\u00f3rych PMM u\u017cy\u0142 w wywiadzie. Jest to j\u0119zyk wojny, brzmi jak ostrze\u017cenia Chin pod adresem USA albo Korei P\u00f3\u0142nocnej wobec po\u0142udniowej cz\u0119\u015bci kraju. W rozmowach z przyw\u00f3dcami UE \u2013 Merkel i Macronem \u2013 PMM podkre\u015bli\u0142, \u017ce KE wykracza poza swoje kompetencje, ale rozmowy by\u0142y \u201ebardzo zadawalaj\u0105ce\u201d. Je\u015bli Komisja pragnie kompromisu \u2013 m\u00f3wi\u0142 &#8211; to musi odwo\u0142a\u0107 kar\u0119 finansow\u0105 na\u0142o\u017con\u0105 na Warszaw\u0119, dop\u00f3ki nie wykona decyzji TSUE. \u201eNa szcz\u0119\u015bcie jest to proces polityczny i mo\u017ce by\u0107 powstrzymany przez polityk\u00f3w\u201d &#8211; stwierdzi\u0142 PMM.<\/p>\n\n\n\n<p>\u201eNie poddamy si\u0119, nie zrezygnujemy z naszej suwerenno\u015bci z powodu tego nacisku\u201d &#8211; PMM o\u015bwiadczy\u0142, \u017ce Polska ju\u017c po\u017cycza na rynkach prywatnych na sfinansowanie swoich plan\u00f3w postpandemicznych. &#8222;Przetrwamy, a\u017c dostaniemy pieni\u0105dze z UE\u201d \u2013 zapewni\u0142.<\/p>\n\n\n\n<p>Przypomnia\u0142 jednak, \u017ce 88 proc. Polak\u00f3w pragnie pozosta\u0107 w Unii, \u201epo\u0142owa z nich to wyborcy naszej partii. Jeste\u015bmy absolutnie przekonani, \u017ce Polska powinna zosta\u0107\u2026 Nie ma ryzyka polexitu. B\u0119dziemy zdecydowanie broni\u0107 Polski jako cz\u0119\u015bci Unii Europejskiej&#8221;.<\/p>\n\n\n\n<p>J\u0119zyk i argumenty PMM przypominaj\u0105 wojownicze okrzyki Chruszczowa (\u201edogonimy i przegonimy\u201d), na szcz\u0119\u015bcie premier nie wali\u0142 butami w st\u00f3\u0142. Dramatyczny j\u0119zyk Morawieckiego skierowany by\u0142 do prezesa Kaczy\u0144skiego (s\u0142ycha\u0107 plotki, w kt\u00f3re ja nie wierz\u0119, jakoby pozycja PMM by\u0142a os\u0142abiona), jak r\u00f3wnie\u017c przeciwko Ziobrze, od kt\u00f3rego po cz\u0119\u015bci zale\u017cy pozycja Morawieckiego. Panowie rozgrywaj\u0105 wi\u0119c swoje krajowe interesy na arenie mi\u0119dzynarodowej.<\/p>\n","protected":false},"excerpt":{"rendered":"<p>Trzecia wojna \u015bwiatowa i \u201ewszelkie dost\u0119pne \u015brodki\u201d to tylko niekt\u00f3re argumenty premiera Morawieckiego w wywiadzie dla &#8222;Financial Times&#8221;. Nawet pow\u015bci\u0105gliwy zazwyczaj amb. Jan Truszczy\u0144ski, znakomity znawca Unii Europejskiej, by\u0142y pierwszy negocjator akcesji Polski do Unii, by\u0142y sekretarz stanu w MSZ i ambasador przy Unii, zwraca w internecie uwag\u0119 na \u201ej\u0119zyk szale\u0144ca, zdeprawowanego ekstremisty, niegodnego premiera [&hellip;]<\/p>\n","protected":false},"author":4,"featured_media":7101,"comment_status":"open","ping_status":"closed","sticky":false,"template":"","format":"standard","meta":{"footnotes":""},"categories":[1],"tags":[],"_links":{"self":[{"href":"https:\/\/blog.polityka.pl\/passent\/wp-json\/wp\/v2\/posts\/7094"}],"collection":[{"href":"https:\/\/blog.polityka.pl\/passent\/wp-json\/wp\/v2\/posts"}],"about":[{"href":"https:\/\/blog.polityka.pl\/passent\/wp-json\/wp\/v2\/types\/post"}],"author":[{"embeddable":true,"href":"https:\/\/blog.polityka.pl\/passent\/wp-json\/wp\/v2\/users\/4"}],"replies":[{"embeddable":true,"href":"https:\/\/blog.polityka.pl\/passent\/wp-json\/wp\/v2\/comments?post=7094"}],"version-history":[{"count":9,"href":"https:\/\/blog.polityka.pl\/passent\/wp-json\/wp\/v2\/posts\/7094\/revisions"}],"predecessor-version":[{"id":7106,"href":"https:\/\/blog.polityka.pl\/passent\/wp-json\/wp\/v2\/posts\/7094\/revisions\/7106"}],"wp:featuredmedia":[{"embeddable":true,"href":"https:\/\/blog.polityka.pl\/passent\/wp-json\/wp\/v2\/media\/7101"}],"wp:attachment":[{"href":"https:\/\/blog.polityka.pl\/passent\/wp-json\/wp\/v2\/media?parent=7094"}],"wp:term":[{"taxonomy":"category","embeddable":true,"href":"https:\/\/blog.polityka.pl\/passent\/wp-json\/wp\/v2\/categories?post=7094"},{"taxonomy":"post_tag","embeddable":true,"href":"https:\/\/blog.polityka.pl\/passent\/wp-json\/wp\/v2\/tags?post=7094"}],"curies":[{"name":"wp","href":"https:\/\/api.w.org\/{rel}","templated":true}]}}