
{"id":7108,"date":"2021-10-28T19:46:07","date_gmt":"2021-10-28T17:46:07","guid":{"rendered":"https:\/\/passent.blog.polityka.pl\/?p=7108"},"modified":"2021-10-28T19:59:26","modified_gmt":"2021-10-28T17:59:26","slug":"gorzkie-rodzynki-slodkie-migdaly","status":"publish","type":"post","link":"https:\/\/blog.polityka.pl\/passent\/2021\/10\/28\/gorzkie-rodzynki-slodkie-migdaly\/","title":{"rendered":"Gorzkie rodzynki, s\u0142odkie migda\u0142y"},"content":{"rendered":"\n<p>Dobra to wiadomo\u015b\u0107 czy z\u0142a? Polska Krajowa Rada S\u0105downictwa zosta\u0142a usuni\u0119ta z Europejskiej Sieci Rad S\u0105downictwa (ENCJ). Od 2018 r., kiedy ENCJ sformu\u0142owa\u0142a oczekiwania niezale\u017cno\u015bci polskiej Rady od polityk\u00f3w, \u201enie poczynione zosta\u0142y \u017cadne dzia\u0142ania, aby poprawi\u0107 jej funkcjonowanie\u201d \u2013 czytamy w o\u015bwiadczeniu Europejskiej Sieci. \u201eDlatego te\u017c zosta\u0142a podj\u0119ta decyzja, by usun\u0105\u0107 KRS ze Stowarzyszenia\u201d.<\/p>\n\n\n\n<!--more-->\n\n\n\n<p>Wynik g\u0142osowania 86:6 wstrzymuj\u0105cych \u015bwiadczy dobitnie, jak izolowana jest Polska w Europie, a ju\u017c zw\u0142aszcza w \u015bwiecie prawniczym. Niestety, jest to kontynuacja wyniku 27:1, jaki przywioz\u0142a do Warszawy premier Szyd\u0142o.<\/p>\n\n\n\n<p>ENCJ uzna\u0142a, \u017ce polska KRS nie stoi na stra\u017cy niezawis\u0142o\u015bci polskiego s\u0105downictwa. Nie broni s\u0119dzi\u00f3w w spos\u00f3b zgodny z jej deklarowan\u0105 wol\u0105 gwaranta niezawis\u0142o\u015bci s\u0105downictwa.<\/p>\n\n\n\n<p>By\u0142a to decyzja na rzecz obrony warto\u015bci ENCJ. Nie zamykamy drzwi dla polskiej KRS, gdy spe\u0142ni wymogi niezawis\u0142o\u015bci od w\u0142adzy politycznej. W 2018 r. ENCJ zawiesi\u0142a polsk\u0105 KRS wybran\u0105 g\u0142osami polityk\u00f3w PiS i Kukiz \u201915. KRS straci\u0142a w\u00f3wczas prawo g\u0142osu, teraz zosta\u0142a natomiast wykluczona z europejskiej wsp\u00f3lnoty rad s\u0105downictwa.<\/p>\n\n\n\n<p>Dobra to decyzja czy z\u0142a, s\u0142odkie rodzynki czy gorzkie migda\u0142y? Kto poprze t\u0119 decyzj\u0119, b\u0119dzie okrzyczany zdrajc\u0105, targowic\u0105. W mediach prawicowych wielkimi literami strasz\u0105: zdrada i zdrajcy. \u201eCzy to ju\u017c zdrada?\u201d \u2013 krzycz\u0105 Sieci. \u201eDlaczego tak wielu polskich polityk\u00f3w pod\u0105\u017ca \u015bladem Targowicy?\u201d \u2013 pytaj\u0105. \u201eTylko zdrajca chce kara\u0107 w\u0142asne pa\u0144stwo&#8221; &#8211; twierdzi prof. Legutko.<\/p>\n\n\n\n<p>Moim zdaniem decyzja ENCJ jest Z\u0141A dla polskiego rz\u0105du i jego polityki niszczenia niezawis\u0142ego od polityk\u00f3w \u201ewymiaru sprawiedliwo\u015bci\u201d, systemu, kt\u00f3ry wyklucza od orzekania takich s\u0119dzi\u00f3w jak Igor Tuleya, wyrzuca z Warszawy na g\u0142\u0119bok\u0105 prowincj\u0119 niepos\u0142usznych prokurator\u00f3w. Decyzja ta jest zarazem dobra dla wszystkich, kt\u00f3rym le\u017cy na sercu Polska uczciwa, ciesz\u0105ca si\u0119 uznaniem europejskich prawnik\u00f3w. Kiedy polski sportowiec wygrywa, a my wiemy, \u017ce jest na dopingu, to mimo wszystko powinien zosta\u0107 zdyskwalifikowany, poniewa\u017c najwa\u017cniejsze s\u0105 warto\u015bci, zasady fair play. B\u0119dziemy si\u0119 cieszy\u0107, kiedy Europa znowu uzna nas na partner\u00f3w. Panowie Kaczy\u0144ski, Ziobro, Morawiecki w\u0142a\u015bnie zapowiadaj\u0105 dalszy ci\u0105g swojej \u201ereformy\u201d. I to jest dopiero z\u0142a wiadomo\u015b\u0107. Niech si\u0119 nie obruszaj\u0105 na wie\u015b\u0107, \u017ce wolny \u015bwiat protestuje.<\/p>\n\n\n\n<p><strong>Zaproszenie<\/strong><br>Cezary \u0141azarewicz, wybitny reporter, laureat nagrody Nike, oraz dr Katarzyna Kasia, filozofka, teoretyczka sztuki (Akademia Sztuk Pi\u0119knych) b\u0119d\u0105 naszymi go\u015b\u0107mi w TOK FM. Niedziela 31 pa\u017adziernika o godz. 10:05.<\/p>\n","protected":false},"excerpt":{"rendered":"<p>Dobra to wiadomo\u015b\u0107 czy z\u0142a? Polska Krajowa Rada S\u0105downictwa zosta\u0142a usuni\u0119ta z Europejskiej Sieci Rad S\u0105downictwa (ENCJ). Od 2018 r., kiedy ENCJ sformu\u0142owa\u0142a oczekiwania niezale\u017cno\u015bci polskiej Rady od polityk\u00f3w, \u201enie poczynione zosta\u0142y \u017cadne dzia\u0142ania, aby poprawi\u0107 jej funkcjonowanie\u201d \u2013 czytamy w o\u015bwiadczeniu Europejskiej Sieci. \u201eDlatego te\u017c zosta\u0142a podj\u0119ta decyzja, by usun\u0105\u0107 KRS ze Stowarzyszenia\u201d.<\/p>\n","protected":false},"author":4,"featured_media":6353,"comment_status":"open","ping_status":"closed","sticky":false,"template":"","format":"standard","meta":{"footnotes":""},"categories":[1],"tags":[],"_links":{"self":[{"href":"https:\/\/blog.polityka.pl\/passent\/wp-json\/wp\/v2\/posts\/7108"}],"collection":[{"href":"https:\/\/blog.polityka.pl\/passent\/wp-json\/wp\/v2\/posts"}],"about":[{"href":"https:\/\/blog.polityka.pl\/passent\/wp-json\/wp\/v2\/types\/post"}],"author":[{"embeddable":true,"href":"https:\/\/blog.polityka.pl\/passent\/wp-json\/wp\/v2\/users\/4"}],"replies":[{"embeddable":true,"href":"https:\/\/blog.polityka.pl\/passent\/wp-json\/wp\/v2\/comments?post=7108"}],"version-history":[{"count":3,"href":"https:\/\/blog.polityka.pl\/passent\/wp-json\/wp\/v2\/posts\/7108\/revisions"}],"predecessor-version":[{"id":7111,"href":"https:\/\/blog.polityka.pl\/passent\/wp-json\/wp\/v2\/posts\/7108\/revisions\/7111"}],"wp:featuredmedia":[{"embeddable":true,"href":"https:\/\/blog.polityka.pl\/passent\/wp-json\/wp\/v2\/media\/6353"}],"wp:attachment":[{"href":"https:\/\/blog.polityka.pl\/passent\/wp-json\/wp\/v2\/media?parent=7108"}],"wp:term":[{"taxonomy":"category","embeddable":true,"href":"https:\/\/blog.polityka.pl\/passent\/wp-json\/wp\/v2\/categories?post=7108"},{"taxonomy":"post_tag","embeddable":true,"href":"https:\/\/blog.polityka.pl\/passent\/wp-json\/wp\/v2\/tags?post=7108"}],"curies":[{"name":"wp","href":"https:\/\/api.w.org\/{rel}","templated":true}]}}