
{"id":712,"date":"2010-06-23T08:59:14","date_gmt":"2010-06-23T06:59:14","guid":{"rendered":"http:\/\/passent.blog.polityka.pl\/?p=712"},"modified":"2010-06-23T08:59:14","modified_gmt":"2010-06-23T06:59:14","slug":"widmo","status":"publish","type":"post","link":"https:\/\/blog.polityka.pl\/passent\/2010\/06\/23\/widmo\/","title":{"rendered":"Widmo"},"content":{"rendered":"<p>Po obejrzeniu ko\u0144c\u00f3wki meczu pi\u0142karskiego Argentyna \u2013 Grecja (zd\u0105\u017cy\u0142em zobaczy\u0107 drug\u0105 bramk\u0119), zerkn\u0105\u0142em na chwil\u0119 na \u201eSzk\u0142o kontaktowe\u201d w TVN 24, a tam zd\u0105\u017cy\u0142em zobaczy\u0107 dwa wpisy telewidz\u00f3w. Oba w zwi\u0105zku z kampani\u0105 u\u015bmiech\u00f3w PiS do SLD. Jeden stwierdza, \u017ce prezes (Kaczy\u0144ski) \u201eszuka punktu \u2018G\u2019 lewicy\u201d, a drugi pyta, czy prezes stoi \u201etam, gdzie sta\u0142o ZOMO\u201d.<\/p>\n<p>Rzeczywi\u015bcie, jeste\u015bmy \u015bwiadkami maskarady, jakiej dawno nie by\u0142o (i to jak skutecznej!!!). Prezes Kaczy\u0144ski najpierw z or\u0142a przeistoczy\u0142 si\u0119 w go\u0142\u0105bka, a teraz pokaza\u0142 now\u0105 twarz przyjaciela lewicy. Niewiarygodne, \u017ce polityk, kt\u00f3ry zaledwie kilka lat temu wzywa\u0142 do delegalizacji SLD jako \u201eorganizacji przest\u0119pczej\u201d, kr\u0119ci\u0142 bicz na Barbar\u0119 Blid\u0119, i utrzymywa\u0142, \u017ce najwi\u0119kszym zagro\u017ceniem dla Polski s\u0105 \u201epostkomuni\u015bci\u201d, dzisiaj porzuca to s\u0142owo, m\u00f3wi ju\u017c tylko o \u201elewicy\u201d, nie ma nic przeciwko temu, \u017ceby i jemu zarzucano lewicowo\u015b\u0107, a J\u00f3zefa Oleksego nazywa \u201epolskim\u201d (!) politykiem lewicowym starszo \u2013 \u015bredniej generacji. Oleksy politykiem polskim! Nies\u0142ychane! Ciekawe, co prezes Kaczy\u0144ski powie o Jaruzelskim? Mo\u017ce nawet dostrze\u017ce w nim patriot\u0119? Szybko, bardzo szybko, musz\u0105 by\u0107 przepisywane pisowskie podr\u0119czniki historii, \u201erozm\u00f3wki polsko &#8211; polskie\u201d i podr\u0119czne s\u0142owniczki wyraz\u00f3w politycznych. Bardzo ciekawe, czy r\u00f3wnie\u017c propisowscy uczeni, jak prof. Staniszkis, deputowani, jak dr Migalski, i dziennikarze \u201eGazety Polskiej\u201d i \u201eRz\u201d zapomn\u0105 tego s\u0142owa, kt\u00f3re by\u0142o kluczem do diagnozy sytuacji politycznej w IV RP, gdzie postkomuni\u015bci czaili si\u0119 za ka\u017cdym rogiem.<\/p>\n<p>Jedna sprawa to niebywale kr\u00f3tka pami\u0119\u0107 i zdolno\u015b\u0107 do zmiany swojego wizerunku, jak\u0105 wykazuje prezes Kaczy\u0144ski. Takiego cynizmu, drugiej takiej nachalnej operacji wizerunkowej, pr\u00f3\u017cno by szuka\u0107. I to w wykonaniu prezesa PiS, kt\u00f3ra to partia (i jej zwolennicy w mediach) ca\u0142y czas twierdzili, \u017ce Platforma i Tusk to jest czysty piar. Nie dalej jak wczoraj s\u0142ysza\u0142em na w\u0142asne uszy pos\u0142a Poncyliusza, wiceszefa kampanii J.K., jak m\u00f3wi\u0142, \u017ce prezes jest \u201eautentyczny, g\u0142\u0119boki\u201d, a Tusk jest \u201ep\u0142ytki\u201d. Mniejsza o Tuska, ale prezes \u2013 \u201eg\u0142\u0119boki\u201d? \u201eAutentyczny\u201d? Przecie\u017c ten cz\u0142owiek i jego doradcy traktuj\u0105 wyborc\u00f3w jak dzieci! Bezczelnie, w oczy, zmieniaj\u0105 kostium na oczach publiczno\u015bci. \u017beby si\u0119 przebra\u0107 nie id\u0105 nawet do garderoby, ba, nie fatyguj\u0105 si\u0119 za parawan. Co za lekcewa\u017cenie publiczno\u015bci!<\/p>\n<p>Ale bardziej przygn\u0119biaj\u0105ca ni\u017c te metody jest ich skuteczno\u015b\u0107. Znakomity wynik prezesa Kaczy\u0144skiego w I turze wybor\u00f3w \u015bwiadczy o tym, \u017ce racj\u0119 maj\u0105 ci, kt\u00f3rzy \u2013 jak Jacek Kurski \u2013 wierz\u0105, \u017ce g\u0142upi lud to kupi. Jak\u0105 pogard\u0119 trzeba mie\u0107 wobec ludzi, i jak dobrze trzeba ich zna\u0107, \u017ceby wciska\u0107 im taki kit, i to bezkarnie, ba, nawet zyskuj\u0105c sobie w ten spos\u00f3b ich poparcie. Smutne, bardzo smutne.<\/p>\n<p>Jedno jest tylko w tym wszystkim buduj\u0105ce, i to pisze ca\u0142kiem serio: \u017ce Jaros\u0142aw Kaczy\u0144ski poszed\u0142 po rozum do g\u0142owy, poczu\u0142 si\u0119 zmuszony odwo\u0142a\u0107 wojn\u0119 polsko \u2013 polsk\u0105, w kt\u00f3rej by\u0142 g\u0142\u00f3wnym pod\u017cegaczem, i odwo\u0142a\u0142 widmo postkomunizmu, kt\u00f3re ju\u017c nie kr\u0105\u017cy po Polsce. Warto by\u0142o tego doczeka\u0107. Teraz nad Polsk\u0105 inne kr\u0105\u017cy widmo.<\/p>\n","protected":false},"excerpt":{"rendered":"<p>Po obejrzeniu ko\u0144c\u00f3wki meczu pi\u0142karskiego Argentyna \u2013 Grecja (zd\u0105\u017cy\u0142em zobaczy\u0107 drug\u0105 bramk\u0119), zerkn\u0105\u0142em na chwil\u0119 na \u201eSzk\u0142o kontaktowe\u201d w TVN 24, a tam zd\u0105\u017cy\u0142em zobaczy\u0107 dwa wpisy telewidz\u00f3w. Oba w zwi\u0105zku z kampani\u0105 u\u015bmiech\u00f3w PiS do SLD. Jeden stwierdza, \u017ce prezes (Kaczy\u0144ski) \u201eszuka punktu \u2018G\u2019 lewicy\u201d, a drugi pyta, czy prezes stoi \u201etam, gdzie sta\u0142o [&hellip;]<\/p>\n","protected":false},"author":4,"featured_media":0,"comment_status":"open","ping_status":"open","sticky":false,"template":"","format":"standard","meta":{"footnotes":""},"categories":[1],"tags":[],"_links":{"self":[{"href":"https:\/\/blog.polityka.pl\/passent\/wp-json\/wp\/v2\/posts\/712"}],"collection":[{"href":"https:\/\/blog.polityka.pl\/passent\/wp-json\/wp\/v2\/posts"}],"about":[{"href":"https:\/\/blog.polityka.pl\/passent\/wp-json\/wp\/v2\/types\/post"}],"author":[{"embeddable":true,"href":"https:\/\/blog.polityka.pl\/passent\/wp-json\/wp\/v2\/users\/4"}],"replies":[{"embeddable":true,"href":"https:\/\/blog.polityka.pl\/passent\/wp-json\/wp\/v2\/comments?post=712"}],"version-history":[{"count":0,"href":"https:\/\/blog.polityka.pl\/passent\/wp-json\/wp\/v2\/posts\/712\/revisions"}],"wp:attachment":[{"href":"https:\/\/blog.polityka.pl\/passent\/wp-json\/wp\/v2\/media?parent=712"}],"wp:term":[{"taxonomy":"category","embeddable":true,"href":"https:\/\/blog.polityka.pl\/passent\/wp-json\/wp\/v2\/categories?post=712"},{"taxonomy":"post_tag","embeddable":true,"href":"https:\/\/blog.polityka.pl\/passent\/wp-json\/wp\/v2\/tags?post=712"}],"curies":[{"name":"wp","href":"https:\/\/api.w.org\/{rel}","templated":true}]}}