
{"id":713,"date":"2010-06-24T22:46:21","date_gmt":"2010-06-24T20:46:21","guid":{"rendered":"http:\/\/passent.blog.polityka.pl\/?p=713"},"modified":"2010-06-24T22:53:11","modified_gmt":"2010-06-24T20:53:11","slug":"buta-jacka-kurskiego","status":"publish","type":"post","link":"https:\/\/blog.polityka.pl\/passent\/2010\/06\/24\/buta-jacka-kurskiego\/","title":{"rendered":"Buta Jacka Kurskiego"},"content":{"rendered":"<p><strong>Niekt\u00f3rzy, zw\u0142aszcza starsi, czytelnicy, lubi\u0105 czyta\u0107 nekrologi. Ja nie lubi\u0119 by\u0107 ani autorem, ani czytelnikiem, ani tym bardziej bohaterem nekrolog\u00f3w. Moj\u0105 ulubion\u0105 lektur\u0119 w gazetach stanowi\u0105 wszelkie przeprosiny, odwo\u0142ania i wyrazy ubolewania publikowane na skutek przegranego procesu s\u0105dowego<\/strong>.<\/p>\n<p>Wiele takich notatek ukazuje si\u0119 w \u201eGazecie Wyborczej\u201d, kt\u00f3rej redaktor naczelny by\u0142 przedmiotem licznych obelg oraz insynuacji, kt\u00f3re przekazywa\u0142 swojemu adwokatowi, wysy\u0142aj\u0105c go do s\u0105du. Dziennikarze z kr\u0119gu nies\u0142awnej pami\u0119ci \u201eDziennika\u201d organizowali nawet ca\u0142a kampani\u0119 przeciwko Michnikowi, utrzymuj\u0105c, \u017ce redaktor powinien broni\u0107 si\u0119 w druku, polemizowa\u0107, odpiera\u0107 zarzuty, a nie biega\u0107 do s\u0105du i ogranicza\u0107 wolno\u015b\u0107 s\u0142owa (nie omieszkano przy tym doda\u0107 \u201eAgor\u0119\u201d sta\u0107 na adwokata). By\u0142em i jestem innego zdania. Uwa\u017cam, \u017ce ka\u017cdego obowi\u0105zuje odpowiedzialno\u015b\u0107 za s\u0142owo, nie podoba\u0142o mi si\u0119, kiedy znani dziennikarze demonstracyjnie zamykali si\u0119 w klatce przez Sejmem, w obronie pewnego redaktora \u2013 k\u0142amczucha, skazanego przez s\u0105d za \u015bwiadome opisanie k\u0142amstw i bagatelizowanie wyrok\u00f3w s\u0105dowych. Nie podoba\u0142y mi si\u0119 kr\u0119tactwa \u201e\u017bycia\u201d w sprawie rzekomych \u201ewakacji z A\u0142ganowem\u201d.<\/p>\n<p>Czytaj\u0105c, jak zwykle, wszelkie przeprosiny i odwo\u0142ania, trafi\u0142em kilka dni temu w \u201eGazecie\u201d na odwo\u0142anie szczeg\u00f3lne: Redakcja odwo\u0142a\u0142a swoj\u0105 nieprawdziw\u0105 informacj\u0119, jakoby Bronis\u0142aw Wildstein, kiedy by\u0142 prezesem TVP, sowicie p\u0142aci\u0142 z tytu\u0142u odpraw i zakazu pracy u konkurencji przez pewien czas po zwolnieniu z pracy. (Szczeg\u00f3\u0142\u00f3w \u201eodwo\u0142ania\u201d nie pami\u0119tam, ale o to mniej wi\u0119cej chodzi\u0142o). Dla konesera odwo\u0142a\u0144 i przeprosin, za jakiego si\u0119 uwa\u017cam, by\u0142 to smakowity k\u0105sek, poniewa\u017c Agora na og\u00f3\u0142 procesy prasowe wygrywa, a tym razem (nie wiem, czy w wyniku procesu czy te\u017c w trosce by go unikn\u0105\u0107) uderzy\u0142a si\u0119 w piersi i to wobec sztandarowego publicysty prawicy, z kt\u00f3r\u0105 ma na pie\u0144ku. Na pewno nie uczyni\u0142a tego z mi\u0142o\u015bci, ani z powodu wyrzut\u00f3w sumienia.<\/p>\n<p>Ale oto w \u201eGazecie\u201d z 24 czerwca ukaza\u0142o si\u0119 \u201eO\u015bwiadczenie Jacka Kurskiego\u201d, w kt\u00f3rym pose\u0142 przyznaje, \u017ce w wypowiedzi dla PAP z lipca 2008 roku (a wi\u0119c walka o prawd\u0119 trwa\u0142a dwa lata, trzeba mie\u0107 na to zdrowie i pieni\u0105dze!) przedstawi\u0142 \u201enieprawdziwe, znies\u0142awiaj\u0105ce dane\u201d dotycz\u0105ce sp\u00f3\u0142ki Agora. Jacek Kurski \u201eprzyznaje, \u017ce te zarzuty nie mia\u0142y \u017cadnego oparcia w faktach\u201d, i w wyniku przegranego procesu s\u0105dowego, przeprasza Agor\u0119 \u2013 wydawc\u0119 \u201eGazety\u201d.<\/p>\n<p>&#8211; Nie\u017ale musia\u0142 nabroi\u0107 i nie\u017ale \u201eGazeta\u201d musia\u0142a go docisn\u0105\u0107 w s\u0105dzie, skoro zmusi\u0142a butnego pos\u0142a Prawa i Sprawiedliwo\u015bci, do zamieszczenia takiego o\u015bwiadczenia \u2013 pomy\u015bla\u0142em. Ali\u015bci okaza\u0142o si\u0119, \u017ce to nie skruszony JK, ale zniecierpliwiona Agora (by\u0107 mo\u017ce chcia\u0142a zd\u0105\u017cy\u0107 przed wyborami, gdy\u017c JK by\u0142 jednym z ulubie\u0144c\u00f3w braci Kaczy\u0144skich), postanowi\u0142a wykona\u0107 wyrok s\u0105dowy. Jak informuje TVN, wykonuj\u0105c wyrok, komornik zaj\u0105\u0142 prywatny samoch\u00f3d BMW, b\u0119d\u0105cy w\u0142asno\u015bci\u0105 pos\u0142a. Okaza\u0142y ten samoch\u00f3d jest dobrze znany policji, gdy\u017c w\u0142a\u015bciciel przy jego pomocy ostentacyjnie \u0142ama\u0142 przepisy drogowe. Ali\u015bci na koniec informacji TVN pokazano zadowolonego z siebie pos\u0142a Kurskiego, kt\u00f3ry z dum\u0105 o\u015bwiadczy\u0142, \u017ce jego \u201emo\u017cna zlicytowa\u0107, ale nie mo\u017cna z\u0142ama\u0107\u201d. No, prosz\u0119, jaki to bohater!<\/p>\n<p>Wypowied\u017a ta budzi zdumienie i niesmak. Pose\u0142 Prawa (sic!) i Sprawiedliwo\u015bci (sic!) ma za nic prawomocny wyrok s\u0105dowy. To si\u0119 w g\u0142owie nie mie\u015bci. Po tym wszystkim, co PiS m\u00f3wi o potrzebie prawa, jeden z najbardziej znanych pos\u0142\u00f3w tej partii, do niedawna jedna z jej \u201etwarzy\u201d, ma za nic wyrok s\u0105du. Przecie\u017c ci ludzie z nas kpi\u0105 w \u017cywe oczy. Jeden codziennie przebiera si\u0119 w inny kostium, na szcz\u0119\u015bcie coraz \u0142adniejszy, a drugi w \u017cywe oczy kpi z prawa i sprawiedliwo\u015bci. Rzadki to pokaz cynizmu, bezkarno\u015bci i deprawacji, pogardy dla prawa i sprawiedliwo\u015bci. Chyba do pos\u0142a Kurskiego nie dotar\u0142a jeszcze obowi\u0105zuj\u0105ca od kilku tygodni zmiana wizerunku z partii niez\u0142omnej, na parti\u0119 solidn\u0105, umiarkowan\u0105, kompromisow\u0105 i godn\u0105 zaufania.<\/p>\n","protected":false},"excerpt":{"rendered":"<p>Niekt\u00f3rzy, zw\u0142aszcza starsi, czytelnicy, lubi\u0105 czyta\u0107 nekrologi. Ja nie lubi\u0119 by\u0107 ani autorem, ani czytelnikiem, ani tym bardziej bohaterem nekrolog\u00f3w. Moj\u0105 ulubion\u0105 lektur\u0119 w gazetach stanowi\u0105 wszelkie przeprosiny, odwo\u0142ania i wyrazy ubolewania publikowane na skutek przegranego procesu s\u0105dowego. Wiele takich notatek ukazuje si\u0119 w \u201eGazecie Wyborczej\u201d, kt\u00f3rej redaktor naczelny by\u0142 przedmiotem licznych obelg oraz insynuacji, [&hellip;]<\/p>\n","protected":false},"author":4,"featured_media":0,"comment_status":"open","ping_status":"open","sticky":false,"template":"","format":"standard","meta":{"footnotes":""},"categories":[1],"tags":[],"_links":{"self":[{"href":"https:\/\/blog.polityka.pl\/passent\/wp-json\/wp\/v2\/posts\/713"}],"collection":[{"href":"https:\/\/blog.polityka.pl\/passent\/wp-json\/wp\/v2\/posts"}],"about":[{"href":"https:\/\/blog.polityka.pl\/passent\/wp-json\/wp\/v2\/types\/post"}],"author":[{"embeddable":true,"href":"https:\/\/blog.polityka.pl\/passent\/wp-json\/wp\/v2\/users\/4"}],"replies":[{"embeddable":true,"href":"https:\/\/blog.polityka.pl\/passent\/wp-json\/wp\/v2\/comments?post=713"}],"version-history":[{"count":0,"href":"https:\/\/blog.polityka.pl\/passent\/wp-json\/wp\/v2\/posts\/713\/revisions"}],"wp:attachment":[{"href":"https:\/\/blog.polityka.pl\/passent\/wp-json\/wp\/v2\/media?parent=713"}],"wp:term":[{"taxonomy":"category","embeddable":true,"href":"https:\/\/blog.polityka.pl\/passent\/wp-json\/wp\/v2\/categories?post=713"},{"taxonomy":"post_tag","embeddable":true,"href":"https:\/\/blog.polityka.pl\/passent\/wp-json\/wp\/v2\/tags?post=713"}],"curies":[{"name":"wp","href":"https:\/\/api.w.org\/{rel}","templated":true}]}}