
{"id":718,"date":"2010-07-04T22:55:14","date_gmt":"2010-07-04T20:55:14","guid":{"rendered":"http:\/\/passent.blog.polityka.pl\/?p=718"},"modified":"2010-07-05T15:24:15","modified_gmt":"2010-07-05T13:24:15","slug":"wracam-do-polski","status":"publish","type":"post","link":"https:\/\/blog.polityka.pl\/passent\/2010\/07\/04\/wracam-do-polski\/","title":{"rendered":"Wracam do Polski"},"content":{"rendered":"<p><strong>Pisz\u0119 w Berlinie, dok\u0105d wyjecha\u0142em na weekend wyborczy. Mimo upa\u0142\u00f3w, na wszelki wypadek zabra\u0142em odzie\u017c zimow\u0105, ale pierwsze wie\u015bci z kraju (jest niedziela , godzina 22.) m\u00f3wi\u0105, \u017ce Komorowski jednak wygra\u0142, wi\u0119c jutro wracam<\/strong>.<\/p>\n<p>G\u0142osowa\u0142em w Instytucie Kultury Polskiej, ale tak w og\u00f3le to naszymi wyborami chyba ma\u0142o kto si\u0119 tutaj interesuje. Temat nr 1 to Mundial, w dzisiejszej \u2018Welt am Sontag\u2019 ponad 10 bitych stron zajmuje imponuj\u0105ce zwyci\u0119stwo pi\u0142karzy niemieckich nad Argentyn\u0105. Wczoraj Berlin szala\u0142, tylko na ulicy 17 Czerwca zebra\u0142o si\u0119 300 tysi\u0119cy ludzi, na Kurfurstendamm ruch by\u0142 zamkni\u0119ty i ludzie ta\u0144czyli na ulicach. Je\u015bli chodzi o wybory prezydenckie, to Niemcy kilka dni temu mieli w\u0142asne. Kandydata koalicji rz\u0105dz\u0105cej z trudem (jak u nas) uda\u0142o si\u0119 jako\u015b przepcha\u0107 (przez parlament), ale z du\u017c\u0105 strat\u0105 energii i presti\u017cu koalicji rz\u0105dz\u0105cej , z kanclerz Merkel na czele.<\/p>\n<p>W Polsce podobnie. Komorowskiego uda\u0142o si\u0119 jako\u015b przepcha\u0107, ale jego zwolennicy nie byli pewni wyniku do ko\u0144cowego gwizdka, Donald Tusk sam chyba mia\u0142 dusz\u0119 na ramieniu. Dziwne to by\u0142y wybory, kt\u00f3re przynios\u0142y istotne zmiany w polskiej polityce. Platforma ma dzisiaj wszystko o czym marz\u0105 politycy: rz\u0105d, wi\u0119kszo\u015b\u0107 (z PSL) w parlamencie, i prezydenta. <em>Mein Madchen, was willst du noch mehr?<\/em> \u2013 jak m\u00f3wi\u0105 Niemcy. Nie obawiam si\u0119, \u017ce Platforma nadu\u017cyje w\u0142adzy, raczej, \u017ce j\u0105 zmarnuje. PO ma wszystko, ale i du\u017co do stracenia. Za rok \u2013 p\u00f3\u0142tora, albo i wcze\u015bniej, w wyborach parlamentarnych, mo\u017ce zosta\u0107 pozbawiona w\u0142adzy, je\u015bli nie zda egzaminu, o kt\u00f3ry si\u0119 sama prosi\u0142a. Je\u017celi nie b\u0119dzie zapowiadanych reform, tylko dryfowanie z pr\u0105dem, to mozolnie budowany przez Tuska gmach w\u0142adzy mo\u017ce si\u0119 zawali\u0107. Media publiczne, KRUS, system emerytalny, ochrona zdrowia \u2013 potrzebne S\u0104 ogromne zmiany, a czasu ma\u0142o, obietnice z\u0142o\u017cone wyborcom b\u0119d\u0105 kr\u0119powa\u0107 ruchy rz\u0105du.<\/p>\n<p>Donald Tusk nie wyszed\u0142 z tych wybor\u00f3w wzmocniony, wyniki potwierdzaj\u0105 podzia\u0142 Polski, a jeszcze kilka miesi\u0119cy temu sytuacja Platformy i premiera wydawa\u0142a si\u0119 komfortowa. Wiele zepsu\u0142 los, katastrofa i pow\u00f3d\u017a, ale sw\u00f3j udzia\u0142 ma w tym tak\u017ce Bronis\u0142aw Komorowski i jego sztab. Marsza\u0142ek Sejmu, cz\u0142owiek bezsprzecznie zacny i z kwalifikacjami (co za ulga, \u017ce zosta\u0142 wybrany!), okaza\u0142 si\u0119 kandydatem marnym, nieciekawym, nudnym, bezbarwnym. Rozumiem, \u017ce b\u0119d\u0105c marsza\u0142kiem mi wykonuj\u0105cym obowi\u0105zki prezydenta, nie m\u00f3g\u0142 sobie pozwoli\u0107 na ekstrawagancje, ale sprawia\u0142 wra\u017cenie, jak gdyby nigdy nie by\u0142 w teatrze, w kinie, jak gdyby \u017cadna przeczytana ostatnio ksi\u0105\u017cka nie wywar\u0142a na nim wra\u017cenia, jak gdyby nie ogl\u0105da\u0142 Mundialu, by\u0142 niemrawy, niesw\u00f3j, trudno by\u0142o nawi\u0105za\u0107 z nim kontakt.<\/p>\n<p>Najwi\u0119kszym atutem Komorowskiego by\u0142 Jaros\u0142aw Kaczy\u0144ski. Cho\u0107 ostatnie \u0142ama\u0144ce i umizgi wobec lewicy chyba mu zaszkodzi\u0142y, to w sumie prezes PiS mo\u017ce by\u0107 zadowolony. Obok B.K. jest drugim zwyci\u0119zc\u0105 tych wybor\u00f3w. Uzyska\u0142 wynik dwa razy lepszy ni\u017c (wg wskaza\u0144 sonda\u017cy) mia\u0142 uzyska\u0107 jego brat, wynik znacznie lepszy ni\u017c poparcie dla PiS przed katastrof\u0105 10 kwietnia. Kaczy\u0144ski i jego partia wyszli z wybor\u00f3w (kt\u00f3re nieznacznie przegrali) znacznie wzmocnieni. Pozycja prezesa jest znowu mocna, a on sam ma przed sob\u0105 nawet szans\u0119 powrotu do w\u0142adzy. Nie wiadomo, czy powt\u00f3rzy si\u0119 scenariusz, jaki sugestywnie nakre\u015bli\u0142 w ostatniej \u201ePolityce\u201d Jacek \u017bakowski (skargi na domniemane \u2018fa\u0142szerstwo wyborcze\u2019, piknik Jana Pospieszalskiego przed gmachem S\u0105du Najwy\u017cszego, film &#8222;Solidarni 2010&#8221; itd.), ale jedno jest pewne: wym\u0119czone zwyci\u0119stwo Komorowskiego i widoczne wzmocnienie Kaczy\u0144skiego oznaczaj\u0105 dalszy wzrost napi\u0119cia. PiS nie musi zajmowa\u0107 si\u0119 sob\u0105 \u2013 mo\u017ce si\u0119 skupi\u0107 na rz\u0105dzie i na prezydencie.<\/p>\n<p>Przed Polsk\u0105 otworzy\u0142a si\u0119 szansa, ale drzwi do niej zosta\u0142y zaledwie uchylone. Ewentualne, nawet minimalne zwyci\u0119stwo Jaros\u0142awa Kaczy\u0144skiego (w kostiumie dobrodusznego ojca narodu albo natchnionego wojownika) oznacza\u0142oby nieustaj\u0105c\u0105 wojn\u0119 na g\u00f3rze. Wygrana Komorowskiego o zaledwie o kilka procent oznacza, \u017ce wybory prezydenckie nie przynios\u0142y trwa\u0142ego rozstrzygni\u0119cia, IV RP nie le\u017cy w gruzach, a III RP nie stoi na mocnym fundamencie. Od jutra zacznie si\u0119 nowy ods\u0142ona, tym razem z otwartym udzia\u0142em Donalda Tuska. Ma on w r\u0119ku wszystkie narz\u0119dzia. Oby zrobi\u0142 z nich u\u017cytek!<\/p>\n<p>***<\/p>\n<p><strong>M\u00d3J SERW \u2013 WASZ RETURN<\/strong><\/p>\n<p>STASIEKU i inni blogowicze zainteresowani tenisem, kolekcjonowaniem sztuki, zdobywaniem przyjaci\u00f3\u0142 i pieni\u0119dzy \u2013 zapraszam do ksi\u0105\u017cki \u201ePassent o Fibaku\u201d, kt\u00f3ra ukaza\u0142a si\u0119 w tych dniach nak\u0142adem Wydawnictwa Nowy \u015awiat. Ksi\u0105\u017cka ta ma swoich rodzic\u00f3w chrzestnych. Matk\u0105 chrzestn\u0105 jest Agnieszka Osiecka, kt\u00f3ra uprawia\u0142a sporty (by\u0142a p\u0142ywaczk\u0105 w CWKS Legia), i wsp\u00f3lnie ze mn\u0105 zach\u0119ca\u0142a do uprawiania sport\u00f3w nasz\u0105 c\u00f3rk\u0119. Pewnego dnia, w latach 70., Agnieszka pozna\u0142a w USA Wojtka Fibaka, odwiedzi\u0142a jego dom, by\u0142a pod wra\u017ceniem gospodarzy, Ewy i Wojtka, oraz ich kolekcji sztuki. Po powrocie zach\u0119ci\u0142a mnie do napisania tej ksi\u0105\u017cki.<\/p>\n<p>Ojcem chrzestnym jest Tadeusz Olsza\u0144ski, znany dziennikarz sportowy, publicysta, t\u0142umacz z j\u0119zyka w\u0119gierskiego, autor wielu ksi\u0105\u017cek, m.in. ksi\u0105\u017cki o Stanis\u0142awowie, z kt\u00f3rego obaj pochodzimy. Na Mundialu pi\u0142karskim w RFN, w latach 70, gdzie dzielili\u015bmy wsp\u00f3lny pok\u00f3j, pewnego dnia powiedzia\u0142: \u201eDaniel, ty powiniene\u015b napisa\u0107 ksi\u0105\u017ck\u0119 o Fibaku\u201d.<\/p>\n<p>I tak si\u0119 sta\u0142o. Pierwsz\u0105 wersj\u0119 tej ksi\u0105\u017cki napisa\u0142em pod koniec lat 80., kiedy Fibak by\u0142 idolem, jednym z bohater\u00f3w masowej wyobra\u017ani w Polsce: u schy\u0142ku PRL, polski junior z Poznania przebija si\u0119 do czo\u0142\u00f3wki \u015bwiatowej. Do triumf\u00f3w sportowych dochodz\u0105 powa\u017cne, prawdziwe pieni\u0105dze, a tak\u017ce nowa pasja: inwestowanie w nieruchomo\u015bci i kolekcjonowanie sztuki, z czasem powstanie najlepsza na \u015bwiecie kolekcja malarstwa polskiego tzw. Szko\u0142y Paryskiej.<\/p>\n<p>Nad t\u0105 ksi\u0105\u017ck\u0105 pracowa\u0142em dwa lata, rozmawia\u0142em z Rodzin\u0105 Fibaka, jego kolegami, pierwszymi trenerami, na turniejach US Open w Nowym Jorku i na kortach Rolanda Garrosa, a tak\u017ce w innych miejscach, rozmawia\u0142em z wieloma najwybitniejszymi tenisistami na \u015bwiecie, w\u0142\u0105cznie z Ivanem Lendlem i Borysem Beckerem, z przyjaci\u00f3\u0142mi Fibaka, m.in. z Jerzym Kosi\u0144skim, ze znawcami sztuki, m.in. a Pani\u0105 Profesor W\u0142adys\u0142aw\u0105 Jaworsk\u0105 \u2013 wielk\u0105 specjalistk\u0105 w dziedzinie Ecole de Paris, zw\u0142aszcza Tadeusza Makowskiego, z krytykami sztuki, m.in. z Pani\u0105 And\u0105 Rottenberg, ze specjalistami w dziedzinie przemys\u0142u tenisowego. Chwilami towarzyszy\u0142em Fibakowi na ka\u017cdym kroku.<\/p>\n<p>Pierwsze wydanie tej ksi\u0105\u017cki ukaza\u0142o si\u0119 w 1990 roku, rozesz\u0142o si\u0119 znakomicie, cho\u0107 Polska mia\u0142a w\u00f3wczas inne sprawy na g\u0142owie.. Dwadzie\u015bcia lat p\u00f3\u017aniej spotka\u0142em Fibaka na rowerze, na Nowym Mie\u015bcie. Jecha\u0142 akurat do swojej galerii w budynku ASP na Krakowskim Przedmie\u015bciu. W ci\u0105gu tych dwudziestu lat wiele si\u0119 w jego \u017cyciu zmieni\u0142o \u2013 powr\u00f3ci\u0142 do Polski, ma now\u0105 rodzin\u0119, now\u0105 galeri\u0119, nowe zainteresowanie. \u2013 Co z twoj\u0105 ksi\u0105\u017ck\u0105, mo\u017ce by\u015b j\u0105 wznowi\u0142? \u2013 zaproponowa\u0142. Wtedy przyst\u0105pi\u0142em do pracy. Musia\u0142em zbada\u0107, co Fibak robi\u0142 przez tych 20 lat \u2013 pozna\u0107 obecn\u0105 rodzin\u0119, kolekcj\u0119, przyjaci\u00f3\u0142. Przez 20 lat w \u017cyciu Fibaka zasz\u0142o bardzo wiele \u2013 rozpad\u0142o si\u0119 ma\u0142\u017ce\u0144stwo, ale za\u0142o\u017cy\u0142 now\u0105 rodzin\u0119 i jest szcz\u0119\u015bliwy, stopnia\u0142a fortuna, ale pracuje na now\u0105, rozpad\u0142a si\u0119 kolekcja, ale zbiera, kupuje i sprzedaje nowe malarstwo, pozosta\u0142a mu tak\u017ce s\u0142abo\u015b\u0107 do nieruchomo\u015bci, a przede wszystkim jego najlepsze cechy \u2013 inteligencja, szybko\u015b\u0107, bystro\u015b\u0107, nieprzeci\u0119tna g\u0142owa. No, i dystans, jaki niekt\u00f3rzy moi rozm\u00f3wcy maj\u0105 do Fibaka. Ksi\u0105\u017cka ukaza\u0142a si\u0119 po turnieju na kortach Rolanda Garrosa w Pary\u017cu i w trakcie Wimbledonu 2010.<\/p>\n<p>Wszystko to z\u0142o\u017cy\u0142o si\u0119 na ksi\u0105\u017ck\u0119 zmienion\u0105 i rozszerzon\u0105, o sporcie, sztuce i fortunie, pt. \u201eMOJA GRA, Passent o Fibaku\u201d, do kt\u00f3rej zapraszam. M\u00f3j serw \u2013 Wasz return!<\/p>\n<p><a href=\"\/wp-content\/uploads\/2010\/06\/passent-o-fibaku-okladka-ok.jpg\"><img loading=\"lazy\" decoding=\"async\" class=\"aligncenter size-full wp-image-715\" title=\"passent-o-fibaku-okladka-ok\" src=\"\/wp-content\/uploads\/2010\/06\/passent-o-fibaku-okladka-ok.jpg\" alt=\"\" width=\"349\" height=\"500\" srcset=\"\/passent\/wp-content\/uploads\/2010\/06\/passent-o-fibaku-okladka-ok.jpg 349w, \/passent\/wp-content\/uploads\/2010\/06\/passent-o-fibaku-okladka-ok-209x300.jpg 209w\" sizes=\"(max-width: 349px) 100vw, 349px\" \/><\/a><\/p>\n<p><a href=\"\/wp-content\/uploads\/2010\/06\/passent-o-fibaku-okladka-ty.jpg\"><img loading=\"lazy\" decoding=\"async\" class=\"aligncenter size-full wp-image-716\" title=\"passent-o-fibaku-okladka-ty\" src=\"\/wp-content\/uploads\/2010\/06\/passent-o-fibaku-okladka-ty.jpg\" alt=\"\" width=\"400\" height=\"576\" srcset=\"\/passent\/wp-content\/uploads\/2010\/06\/passent-o-fibaku-okladka-ty.jpg 400w, \/passent\/wp-content\/uploads\/2010\/06\/passent-o-fibaku-okladka-ty-208x300.jpg 208w\" sizes=\"(max-width: 400px) 100vw, 400px\" \/><\/a><\/p>\n","protected":false},"excerpt":{"rendered":"<p>Pisz\u0119 w Berlinie, dok\u0105d wyjecha\u0142em na weekend wyborczy. Mimo upa\u0142\u00f3w, na wszelki wypadek zabra\u0142em odzie\u017c zimow\u0105, ale pierwsze wie\u015bci z kraju (jest niedziela , godzina 22.) m\u00f3wi\u0105, \u017ce Komorowski jednak wygra\u0142, wi\u0119c jutro wracam. G\u0142osowa\u0142em w Instytucie Kultury Polskiej, ale tak w og\u00f3le to naszymi wyborami chyba ma\u0142o kto si\u0119 tutaj interesuje. Temat nr 1 [&hellip;]<\/p>\n","protected":false},"author":4,"featured_media":0,"comment_status":"open","ping_status":"open","sticky":false,"template":"","format":"standard","meta":{"footnotes":""},"categories":[1],"tags":[],"_links":{"self":[{"href":"https:\/\/blog.polityka.pl\/passent\/wp-json\/wp\/v2\/posts\/718"}],"collection":[{"href":"https:\/\/blog.polityka.pl\/passent\/wp-json\/wp\/v2\/posts"}],"about":[{"href":"https:\/\/blog.polityka.pl\/passent\/wp-json\/wp\/v2\/types\/post"}],"author":[{"embeddable":true,"href":"https:\/\/blog.polityka.pl\/passent\/wp-json\/wp\/v2\/users\/4"}],"replies":[{"embeddable":true,"href":"https:\/\/blog.polityka.pl\/passent\/wp-json\/wp\/v2\/comments?post=718"}],"version-history":[{"count":0,"href":"https:\/\/blog.polityka.pl\/passent\/wp-json\/wp\/v2\/posts\/718\/revisions"}],"wp:attachment":[{"href":"https:\/\/blog.polityka.pl\/passent\/wp-json\/wp\/v2\/media?parent=718"}],"wp:term":[{"taxonomy":"category","embeddable":true,"href":"https:\/\/blog.polityka.pl\/passent\/wp-json\/wp\/v2\/categories?post=718"},{"taxonomy":"post_tag","embeddable":true,"href":"https:\/\/blog.polityka.pl\/passent\/wp-json\/wp\/v2\/tags?post=718"}],"curies":[{"name":"wp","href":"https:\/\/api.w.org\/{rel}","templated":true}]}}