
{"id":723,"date":"2010-07-09T12:52:35","date_gmt":"2010-07-09T10:52:35","guid":{"rendered":"http:\/\/passent.blog.polityka.pl\/?p=723"},"modified":"2010-07-09T12:58:23","modified_gmt":"2010-07-09T10:58:23","slug":"z-duchem-czasu","status":"publish","type":"post","link":"https:\/\/blog.polityka.pl\/passent\/2010\/07\/09\/z-duchem-czasu\/","title":{"rendered":"Z duchem czasu"},"content":{"rendered":"<p><strong>Chocia\u017c w II turze mieli\u015bmy do wyboru katolika albo katolika, nie wszyscy s\u0105 z tego zadowoleni<\/strong>.<\/p>\n<p>Profesor Maria Szyszkowska o\u015bmiela si\u0119 twierdzi\u0107 (\u201eRz.\u201d), \u017ce \u201eKo\u015bci\u00f3\u0142 katolicki w og\u00f3le nie powinien si\u0119 anga\u017cowa\u0107 w polityk\u0119.&#8221; (Chyba nie tylko katolicki \u2013 Pass). I dalej: W pa\u0144stwie demokratycznym istnieje pluralizm \u015bwiatopogl\u0105dowy. \u201eW Polsce tymczasem zar\u00f3wno instytucje ko\u015bcielne, jak i media pope\u0142niaj\u0105 ten sam b\u0142\u0105d \u2013 wywieraj\u0105 na Polak\u00f3w presj\u0119, by g\u0142osowali w okre\u015blony, dogodny dla nich spos\u00f3b. (\u2026) Niepokoi mnie tak\u017ce ostatnia decyzja Watykanu w sprawie beatyfikacji ksi\u0119dza Jerzego Popie\u0142uszki. W rzeczywisto\u015bci nie umar\u0142 on bowiem jako krzewiciel wiary, lecz jako dzia\u0142acz polityczny. Je\u017celi jednak traktuje si\u0119 ksi\u0119dza Popie\u0142uszk\u0119 jako \u015bwi\u0119tego, to aprobuje si\u0119 zarazem jego \u015bmier\u0107 m\u0119cze\u0144sk\u0105 jako kap\u0142ana i dzia\u0142acza politycznego\u201d, co stanowi zach\u0119t\u0119 \u201edla pozosta\u0142ych ksi\u0119\u017cy do anga\u017cowania si\u0119 w polityk\u0119\u201d.<\/p>\n<p>Zgadzam si\u0119 z pani\u0105 Profesor, z jednym zastrze\u017ceniem: nie mo\u017cna jednym tchem wymienia\u0107 ko\u015bcio\u0142a i medi\u00f3w. Media w\u0142a\u015bnie od tego s\u0105, \u017ceby toczy\u0142y dialog polityczny i namawia\u0142y obywateli do r\u00f3\u017cnych zachowa\u0144, tak\u017ce w wyborach. Tymczasem p. Profesor uwa\u017ca, \u017ce \u201ezarzuty co do zachowania w kampanii prezydenckiej nale\u017cy te\u017c postawi\u0107 mediom publicznym.(\u2026) Media te nieustannie namawia\u0142y do tego, by g\u0142osowa\u0107 na PO (?! \u2013 Pass). Najbardziej oburza\u0142o mnie twierdzenie, \u017ce g\u0142os oddany na kogo\u015b innego (\u0142\u0105cznie z PiS) b\u0119dzie g\u0142osem straconym\u201d. Czytam ten fragment kilka razy i nie mog\u0119 zrozumie\u0107 o jakim kraju, o jakich mediach publicznych, kt\u00f3re namawia\u0142y do g\u0142osowania na Platform\u0119, Pani Profesor pisze? Czy ja \u015bni\u0119, czy po prostu chodzi o pomy\u0142k\u0119?<\/p>\n<p>Tak czy owak, jestem za rozdzia\u0142em ko\u015bcio\u0142\u00f3w od pa\u0144stwa, i za pa\u0144stwem \u015bwieckim, neutralnym, a nie proko\u015bcielnym, jakie mamy w Polsce. Dlatego, kiedy czytam dra Tomasza Terlikowskiego, to si\u0119 fundamentalnie z nim nie zgadzam. W artykule pod znamiennym tytu\u0142em \u201eKatolikiem jest si\u0119 tak\u017ce przy urnie wyborczej\u201d, T.T. pisze, \u017ce \u201ereligia powinna wp\u0142ywa\u0107 na dokonywane przez nas wybory\u201d, \u201eG\u0142os Ko\u015bcio\u0142a ma by\u0107 g\u0142osem sprzeciwu wobec z\u0142ych lub b\u0142\u0119dnych pogl\u0105d\u00f3w, a nie g\u0142osem poparcia dla kandydata\u201d, je\u015bli ju\u017c kogo\u015b trzeba \u201eprzywo\u0142a\u0107 do porz\u0105dku\u201d, to raczej prezydenta-elekta, kt\u00f3ry \u201enachalnie wykorzystywa\u0142 autorytet Ko\u015bcio\u0142a\u201d, a tak\u017ce tych duchownych, kt\u00f3rzy wybrali obron\u0119 swojego kandydata za cen\u0119 jasnego nauczanie Ko\u015bcio\u0142a\u201d.<\/p>\n<p>I zn\u00f3w zastanawiam si\u0119, czy mnie wzrok i s\u0142uch nie myli. Czy my \u017cyjemy w kraju, w kt\u00f3rym kandydat Platformy nachalnie wykorzystywa\u0142 autorytet Ko\u015bcio\u0142a, czy te\u017c by\u0142o inaczej \u2013 obaj umizgiwali si\u0119 do Ko\u015bcio\u0142a, ale cz\u0119\u015b\u0107 duchowie\u0144stwa i hierarch\u00f3w bez zahamowa\u0144 agitowa\u0142a za Jaros\u0142awem Kaczy\u0144skim? \u017baden z obu kandydat\u00f3w nie jest zwolennikiem pa\u0144stwa \u015bwieckiego, neutralnego \u015bwiatopogl\u0105dowo, podobnie jako Ko\u015bci\u00f3\u0142 nie jest neutralny politycznie. Gdyby mia\u0142 by\u0107 spe\u0142niony postulat T.T., by politycy kierowali si\u0119 wiar\u0105, to \u017cyliby\u015bmy jeszcze w czasach przed Reformacj\u0105, nadal obowi\u0105zywa\u0142aby kara \u015bmierci, nie istnia\u0142yby rozwody, nawet cywilne, bicie dzieci by\u0142oby norm\u0105, a geje \u017cyliby w podziemiu. Pa\u0144stwo wyznaniowe, teokracj\u0119, uwa\u017cam za nieszcz\u0119\u015bcie, wszystko jedno gdzie \u2013 w Izraelu, w Iranie, czy w Polsce.<\/p>\n<p>Ma racj\u0119 Tomasz Wo\u0142ek, kt\u00f3ry w tej\u017ce \u201eRz\u201d (Redakcji nale\u017cy si\u0119 uznanie za dopuszczenie r\u00f3\u017cnych pogl\u0105d\u00f3w), pisze o \u201enachalnej, prymitywnej agitacji, pe\u0142nych jadu i nienawi\u015bci homiliach, straszeniu grzechem ci\u0119\u017ckim, nazywania niechcianego kandydata \u2013 szatanem\u2026\u201d Zgadzam si\u0119 z autorem, \u017ce ko\u015bci\u00f3\u0142 instytucjonalny za to zap\u0142aci, w tych wyborach wykona\u0142 krok ku samozatraceniu, stan\u0105\u0142 po z\u0142ej stronie, nie dlatego, \u017ce popar\u0142 Kaczy\u0144skiego, ale dlatego, \u017ce zaanga\u017cowa\u0142 si\u0119 tak dalece w polityk\u0119, co by\u0142o zrozumia\u0142e w czasach PRL, kiedy nie by\u0142o demokracji, wolnych medi\u00f3w, partii politycznych, instytucji spo\u0142ecze\u0144stwa obywatelskiego, ale dzisiaj jest anachronizmem i uzurpacj\u0105. Ju\u017c i tak mamy opini\u0119 najbardziej konserwatywnego kraju w Europie.<\/p>\n<p>Chcia\u0142bym dorzuci\u0107 swoje trzy grosze tak\u017ce do sporu o performance (?) przygotowywany przez Rafa\u0142a Betlejewskiego, kt\u00f3ry w rocznic\u0119 zbrodni w Jedwabnem zamierza (z dala od tamtego miejsca) spali\u0107 stodo\u0142\u0119 (\u201eGW\u201d, 9 lipca). To dalszy ci\u0105g akcji \u201eT\u0119sknie za tob\u0105, \u017bydzie\u201d. Podpalenie stodo\u0142y budzi rozmaite opory, jako potworna dysproporcja w stosunku do \u015bmierci kilkuset os\u00f3b zamordowanych w okrutny spos\u00f3b, w Jedwabnem nie spalono stodo\u0142y, tylko ludzi, nie mo\u017cna podpala\u0107 symbolicznych stos\u00f3w i czyni\u0107 z tego widowiska.<\/p>\n<p>Rozumiem i te podzielam zastrze\u017cenia, ale mimo wszystko nie zakaza\u0142bym tego performance\u2019u. Artysta, tym razem Betlejewski, na r\u00f3\u017cne sposoby przypomina o Zag\u0142adzie, o tragedii \u017byd\u00f3w polskich, takie jest prawo sztuki od niepami\u0119tnych czas\u00f3w, \u017ce przypomn\u0119 \u201eGuernik\u0119\u201d Picassa i obrazy Andrzeja Wr\u00f3blewskiego. Bardziej przemawia do mnie stanowisko Zofii i Tadeusza Merkiel\u00f3w: \u201eJe\u015bli my, chrze\u015bcijanie, nie p\u0142oniemy ze wstydu za spalenia naszych S\u0105siad\u00f3w, niech przynajmniej w ka\u017cd\u0105 rocznic\u0119 tej ha\u0144by p\u0142onie za nas stodo\u0142a!\u201d W sztuce nadszed\u0142 teraz okres performance&#8217;u, naruszania \u015bwi\u0119to\u015bci, a tak\u017ce inscenizacji scen historycznych, g\u0142\u00f3wnie tych chwalebnych i ku pokrzepieniu serc. W tym kontek\u015bcie widz\u0119 akcj\u0119 Betlejewskiego i j\u0105 popieram. Niech ta stodo\u0142a zap\u0142onie, jak znicz na Grobie Nieznanego \u017byda.<\/p>\n<p>***<\/p>\n<p><strong>M\u00d3J SERW \u2013 WASZ RETURN<\/strong><\/p>\n<p>STASIEKU i inni blogowicze zainteresowani tenisem, kolekcjonowaniem sztuki, zdobywaniem przyjaci\u00f3\u0142 i pieni\u0119dzy \u2013 zapraszam do ksi\u0105\u017cki \u201ePassent o Fibaku\u201d, kt\u00f3ra ukaza\u0142a si\u0119 w tych dniach nak\u0142adem Wydawnictwa Nowy \u015awiat. Ksi\u0105\u017cka ta ma swoich rodzic\u00f3w chrzestnych. Matk\u0105 chrzestn\u0105 jest Agnieszka Osiecka, kt\u00f3ra uprawia\u0142a sporty (by\u0142a p\u0142ywaczk\u0105 w CWKS Legia), i wsp\u00f3lnie ze mn\u0105 zach\u0119ca\u0142a do uprawiania sport\u00f3w nasz\u0105 c\u00f3rk\u0119. Pewnego dnia, w latach 70., Agnieszka pozna\u0142a w USA Wojtka Fibaka, odwiedzi\u0142a jego dom, by\u0142a pod wra\u017ceniem gospodarzy, Ewy i Wojtka, oraz ich kolekcji sztuki. Po powrocie zach\u0119ci\u0142a mnie do napisania tej ksi\u0105\u017cki.<\/p>\n<p>Ojcem chrzestnym jest Tadeusz Olsza\u0144ski, znany dziennikarz sportowy, publicysta, t\u0142umacz z j\u0119zyka w\u0119gierskiego, autor wielu ksi\u0105\u017cek, m.in. ksi\u0105\u017cki o Stanis\u0142awowie, z kt\u00f3rego obaj pochodzimy. Na Mundialu pi\u0142karskim w RFN, w latach 70, gdzie dzielili\u015bmy wsp\u00f3lny pok\u00f3j, pewnego dnia powiedzia\u0142: \u201eDaniel, ty powiniene\u015b napisa\u0107 ksi\u0105\u017ck\u0119 o Fibaku\u201d.<\/p>\n<p>I tak si\u0119 sta\u0142o. Pierwsz\u0105 wersj\u0119 tej ksi\u0105\u017cki napisa\u0142em pod koniec lat 80., kiedy Fibak by\u0142 idolem, jednym z bohater\u00f3w masowej wyobra\u017ani w Polsce: u schy\u0142ku PRL, polski junior z Poznania przebija si\u0119 do czo\u0142\u00f3wki \u015bwiatowej. Do triumf\u00f3w sportowych dochodz\u0105 powa\u017cne, prawdziwe pieni\u0105dze, a tak\u017ce nowa pasja: inwestowanie w nieruchomo\u015bci i kolekcjonowanie sztuki, z czasem powstanie najlepsza na \u015bwiecie kolekcja malarstwa polskiego tzw. Szko\u0142y Paryskiej.<\/p>\n<p>Nad t\u0105 ksi\u0105\u017ck\u0105 pracowa\u0142em dwa lata, rozmawia\u0142em z Rodzin\u0105 Fibaka, jego kolegami, pierwszymi trenerami, na turniejach US Open w Nowym Jorku i na kortach Rolanda Garrosa, a tak\u017ce w innych miejscach, rozmawia\u0142em z wieloma najwybitniejszymi tenisistami na \u015bwiecie, w\u0142\u0105cznie z Ivanem Lendlem i Borysem Beckerem, z przyjaci\u00f3\u0142mi Fibaka, m.in. z Jerzym Kosi\u0144skim, ze znawcami sztuki, m.in. a Pani\u0105 Profesor W\u0142adys\u0142aw\u0105 Jaworsk\u0105 \u2013 wielk\u0105 specjalistk\u0105 w dziedzinie Ecole de Paris, zw\u0142aszcza Tadeusza Makowskiego, z krytykami sztuki, m.in. z Pani\u0105 And\u0105 Rottenberg, ze specjalistami w dziedzinie przemys\u0142u tenisowego. Chwilami towarzyszy\u0142em Fibakowi na ka\u017cdym kroku.<\/p>\n<p>Pierwsze wydanie tej ksi\u0105\u017cki ukaza\u0142o si\u0119 w 1990 roku, rozesz\u0142o si\u0119 znakomicie, cho\u0107 Polska mia\u0142a w\u00f3wczas inne sprawy na g\u0142owie.. Dwadzie\u015bcia lat p\u00f3\u017aniej spotka\u0142em Fibaka na rowerze, na Nowym Mie\u015bcie. Jecha\u0142 akurat do swojej galerii w budynku ASP na Krakowskim Przedmie\u015bciu. W ci\u0105gu tych dwudziestu lat wiele si\u0119 w jego \u017cyciu zmieni\u0142o \u2013 powr\u00f3ci\u0142 do Polski, ma now\u0105 rodzin\u0119, now\u0105 galeri\u0119, nowe zainteresowanie. \u2013 Co z twoj\u0105 ksi\u0105\u017ck\u0105, mo\u017ce by\u015b j\u0105 wznowi\u0142? \u2013 zaproponowa\u0142. Wtedy przyst\u0105pi\u0142em do pracy. Musia\u0142em zbada\u0107, co Fibak robi\u0142 przez tych 20 lat \u2013 pozna\u0107 obecn\u0105 rodzin\u0119, kolekcj\u0119, przyjaci\u00f3\u0142. Przez 20 lat w \u017cyciu Fibaka zasz\u0142o bardzo wiele \u2013 rozpad\u0142o si\u0119 ma\u0142\u017ce\u0144stwo, ale za\u0142o\u017cy\u0142 now\u0105 rodzin\u0119 i jest szcz\u0119\u015bliwy, stopnia\u0142a fortuna, ale pracuje na now\u0105, rozpad\u0142a si\u0119 kolekcja, ale zbiera, kupuje i sprzedaje nowe malarstwo, pozosta\u0142a mu tak\u017ce s\u0142abo\u015b\u0107 do nieruchomo\u015bci, a przede wszystkim jego najlepsze cechy \u2013 inteligencja, szybko\u015b\u0107, bystro\u015b\u0107, nieprzeci\u0119tna g\u0142owa. No, i dystans, jaki niekt\u00f3rzy moi rozm\u00f3wcy maj\u0105 do Fibaka. Ksi\u0105\u017cka ukaza\u0142a si\u0119 po turnieju na kortach Rolanda Garrosa w Pary\u017cu i w trakcie Wimbledonu 2010.<\/p>\n<p>Wszystko to z\u0142o\u017cy\u0142o si\u0119 na ksi\u0105\u017ck\u0119 zmienion\u0105 i rozszerzon\u0105, o sporcie, sztuce i fortunie, pt. \u201eMOJA GRA, Passent o Fibaku\u201d, do kt\u00f3rej zapraszam. M\u00f3j serw \u2013 Wasz return!<\/p>\n<p><a href=\"\/wp-content\/uploads\/2010\/06\/passent-o-fibaku-okladka-ok.jpg\"><img loading=\"lazy\" decoding=\"async\" class=\"aligncenter size-full wp-image-715\" title=\"passent-o-fibaku-okladka-ok\" src=\"\/wp-content\/uploads\/2010\/06\/passent-o-fibaku-okladka-ok.jpg\" alt=\"\" width=\"349\" height=\"500\" srcset=\"\/passent\/wp-content\/uploads\/2010\/06\/passent-o-fibaku-okladka-ok.jpg 349w, \/passent\/wp-content\/uploads\/2010\/06\/passent-o-fibaku-okladka-ok-209x300.jpg 209w\" sizes=\"(max-width: 349px) 100vw, 349px\" \/><\/a><\/p>\n<p><a href=\"\/wp-content\/uploads\/2010\/06\/passent-o-fibaku-okladka-ty.jpg\"><img loading=\"lazy\" decoding=\"async\" class=\"aligncenter size-full wp-image-716\" title=\"passent-o-fibaku-okladka-ty\" src=\"\/wp-content\/uploads\/2010\/06\/passent-o-fibaku-okladka-ty.jpg\" alt=\"\" width=\"400\" height=\"576\" srcset=\"\/passent\/wp-content\/uploads\/2010\/06\/passent-o-fibaku-okladka-ty.jpg 400w, \/passent\/wp-content\/uploads\/2010\/06\/passent-o-fibaku-okladka-ty-208x300.jpg 208w\" sizes=\"(max-width: 400px) 100vw, 400px\" \/><\/a><\/p>\n","protected":false},"excerpt":{"rendered":"<p>Chocia\u017c w II turze mieli\u015bmy do wyboru katolika albo katolika, nie wszyscy s\u0105 z tego zadowoleni. Profesor Maria Szyszkowska o\u015bmiela si\u0119 twierdzi\u0107 (\u201eRz.\u201d), \u017ce \u201eKo\u015bci\u00f3\u0142 katolicki w og\u00f3le nie powinien si\u0119 anga\u017cowa\u0107 w polityk\u0119.&#8221; (Chyba nie tylko katolicki \u2013 Pass). I dalej: W pa\u0144stwie demokratycznym istnieje pluralizm \u015bwiatopogl\u0105dowy. \u201eW Polsce tymczasem zar\u00f3wno instytucje ko\u015bcielne, jak [&hellip;]<\/p>\n","protected":false},"author":4,"featured_media":0,"comment_status":"open","ping_status":"open","sticky":false,"template":"","format":"standard","meta":{"footnotes":""},"categories":[1],"tags":[],"_links":{"self":[{"href":"https:\/\/blog.polityka.pl\/passent\/wp-json\/wp\/v2\/posts\/723"}],"collection":[{"href":"https:\/\/blog.polityka.pl\/passent\/wp-json\/wp\/v2\/posts"}],"about":[{"href":"https:\/\/blog.polityka.pl\/passent\/wp-json\/wp\/v2\/types\/post"}],"author":[{"embeddable":true,"href":"https:\/\/blog.polityka.pl\/passent\/wp-json\/wp\/v2\/users\/4"}],"replies":[{"embeddable":true,"href":"https:\/\/blog.polityka.pl\/passent\/wp-json\/wp\/v2\/comments?post=723"}],"version-history":[{"count":0,"href":"https:\/\/blog.polityka.pl\/passent\/wp-json\/wp\/v2\/posts\/723\/revisions"}],"wp:attachment":[{"href":"https:\/\/blog.polityka.pl\/passent\/wp-json\/wp\/v2\/media?parent=723"}],"wp:term":[{"taxonomy":"category","embeddable":true,"href":"https:\/\/blog.polityka.pl\/passent\/wp-json\/wp\/v2\/categories?post=723"},{"taxonomy":"post_tag","embeddable":true,"href":"https:\/\/blog.polityka.pl\/passent\/wp-json\/wp\/v2\/tags?post=723"}],"curies":[{"name":"wp","href":"https:\/\/api.w.org\/{rel}","templated":true}]}}