
{"id":727,"date":"2010-07-21T15:35:19","date_gmt":"2010-07-21T13:35:19","guid":{"rendered":"http:\/\/passent.blog.polityka.pl\/?p=727"},"modified":"2010-07-21T16:50:53","modified_gmt":"2010-07-21T14:50:53","slug":"zawieszenie-broni-pod-krzyzem","status":"publish","type":"post","link":"https:\/\/blog.polityka.pl\/passent\/2010\/07\/21\/zawieszenie-broni-pod-krzyzem\/","title":{"rendered":"Zawieszenie broni pod krzy\u017cem"},"content":{"rendered":"<p><strong>Nareszcie dobra wiadomo\u015b\u0107: jest porozumienie w sprawie krzy\u017ca, ustawionego spontanicznie, acz samowolnie, przed pa\u0142acem prezydenckim. Porozumienie zawarte przez organizacje harcerskie oraz Kancelari\u0119 Prezydenta, w obecno\u015bci przedstawiciela Kurii, k\u0142adzie kres gorsz\u0105cemu konfliktowi, kt\u00f3ry chyba nie m\u00f3g\u0142 mie\u0107 miejsca w \u017cadnym kraju europejskim, z Watykanem w\u0142\u0105cznie<\/strong>.<\/p>\n<p>W czasie tego konfliktu symbol religijny sta\u0142 si\u0119 symbolem politycznym, narz\u0119dziem do walki z prezydentem &#8211; elektem i z urz\u0119duj\u0105cymi w\u0142adzami. Politycy PiS, z prezesem na czele, konsekwentnie wykorzystuj\u0105 emocje zwi\u0105zane z katastrof\u0105 smole\u0144sk\u0105 oraz przywi\u0105zanie do krzy\u017ca celem podsycania konfliktu z prezydentem &#8211; elektem i Platforma Obywatelsk\u0105. Pogr\u00f3\u017cki prezesa Kaczy\u0144skiego pod adresem Bronis\u0142awa Komorowskiego, \u017ce je\u015bli usunie krzy\u017c, to b\u0119dzie jak Napieralski lub Zapatero, \u015bwiadcz\u0105, i\u017c nawet pod krzy\u017cem lider PiS nie liczy si\u0119 ze s\u0142owami. Po odrzuceniu zapowiadanej przez siebie polityki mi\u0142o\u015bci, zgody i pojednania, prezes PiS wykorzystuje ka\u017cd\u0105 okazj\u0119 do ataku, do zaostrzenia konfliktu, do zag\u0119szczenia atmosfery, w czym pomocne s\u0105 media publiczne i gorliwi zwolennicy w mediach prywatnych. Specjalno\u015bci\u0105 prezesa Kaczy\u0144skiego, jak i wszystkich demagog\u00f3w, jest gra na emocjach \u2013 na uczuciach patriotycznych, religijnych, na emocjach ludzkich zwi\u0105zanych z tragiczn\u0105 \u015bmierci\u0105 pasa\u017cer\u00f3w samolotu prezydenckiego. Nie waha si\u0119 wykorzystywa\u0107 szlachetnych uczu\u0107 do niskich cel\u00f3w.<\/p>\n<p>Konflikt o krzy\u017c potwierdzi\u0142, \u017ce Polska jest najbardziej konserwatywnym krajem w Europie, w kt\u00f3rym pa\u0144stwo jest trzymane w szachu przez Ko\u015bci\u00f3\u0142 instytucjonalny, jego pot\u0119\u017cny aparat, media i miliony wiernych. W sprawach konfliktowych, takich jak nauczanie religii w szkole, komisja maj\u0105tkowa, zap\u0142odnienie in vitro czy wreszcie krzy\u017c niezgody przed pa\u0142acem prezydenckim, pa\u0144stwo polskie jest s\u0142abe, niezdecydowane, cofni\u0119te do defensywy. Ten sam Jaros\u0142aw Kaczy\u0144ski, kt\u00f3ry ma usta pe\u0142ne \u201esilnego pa\u0144stwa\u201d, tym razem ostrzega\u0142 w\u0142adze pa\u0144stwowe przed podniesieniem r\u0119ki na krzy\u017c na Krakowskim Przedmie\u015bciu, mimo \u017ce symbolu tego w pobli\u017cu nie brak \u2013 jest to ulica i dzielnica pi\u0119knych ko\u015bcio\u0142\u00f3w. W sprawie krzy\u017ca przed pa\u0142acem prezydenckim cynicznie zamilk\u0142y w\u0142adze Ko\u015bcio\u0142a (t\u0142umacz\u0105c si\u0119, \u017ce nie one go stawia\u0142y i nie jest to teren ko\u015bcielny), milcza\u0142a prezydent Warszawy, Hanna Gronkiewicz &#8211; Waltz, milcza\u0142 rz\u0105d RP, chc\u0105c, \u017ceby za \u017cadn\u0105 cen\u0119 nie zak\u0142\u00f3ci\u0107 obj\u0119cia urz\u0119du przez prezydenta &#8211; elekta oraz by Tusk nie zosta\u0142 por\u00f3wnany z Gomu\u0142k\u0105, a Platforma &#8211; z komunistami.<\/p>\n<p>Awantura o krzy\u017c potwierdzi\u0142a podzia\u0142 naszego spo\u0142ecze\u0144stwa na Polsk\u0119 A i na Polsk\u0119 B. Jedna to Polska tradycyjna, zachowawcza, religijna, zazdro\u015bnie strzeg\u0105ca swojej w\u0142adzy \u2013 od chrztu po poch\u00f3wek, pe\u0142na obaw przed miazmatami Zachodu, przekonana, \u017ce tylko pod znakiem krzy\u017ca Polska jest polska, a Polak \u2013 Polakiem. Druga to Polska mniej na symbole wyczulona, otwarta, kosmopolityczna, pragmatyczna, praktykuj\u0105ca od \u015bwi\u0119ta i dla \u015bwi\u0119tego spokoju, pozbawiona energii, by zebra\u0107 podpisy rodzic\u00f3w niezb\u0119dne do wprowadzenia nauki etyki w szkole lub by opowiedzie\u0107 si\u0119 przeciwko szanta\u017cowi ze strony prawicy katolickiej. Przebieg konfliktu o krzy\u017c potwierdza wyniki wybor\u00f3w prezydenckich \u2013 podzia\u0142 Polski jest faktem, a si\u0142y s\u0105 wyr\u00f3wnane. Na nast\u0119pny konflikt nie trzeba b\u0119dzie d\u0142ugo czeka\u0107. Ledwo Polska przegra\u0142a w Europejskim Trybunale Praw Cz\u0142owieka spraw\u0119 o ocen\u0119 z religii na \u015bwiadectwie, a ju\u017c wisi w powietrzu konflikt o zap\u0142odnienie in vitro i jego finansowanie, przynajmniej ograniczone, z bud\u017cetu Pa\u0144stwa.<\/p>\n<p>Cieszmy si\u0119 wi\u0119c z porozumienia, pami\u0119taj\u0105c, \u017ce jest to tylko zawieszenia broni.<\/p>\n","protected":false},"excerpt":{"rendered":"<p>Nareszcie dobra wiadomo\u015b\u0107: jest porozumienie w sprawie krzy\u017ca, ustawionego spontanicznie, acz samowolnie, przed pa\u0142acem prezydenckim. Porozumienie zawarte przez organizacje harcerskie oraz Kancelari\u0119 Prezydenta, w obecno\u015bci przedstawiciela Kurii, k\u0142adzie kres gorsz\u0105cemu konfliktowi, kt\u00f3ry chyba nie m\u00f3g\u0142 mie\u0107 miejsca w \u017cadnym kraju europejskim, z Watykanem w\u0142\u0105cznie. W czasie tego konfliktu symbol religijny sta\u0142 si\u0119 symbolem politycznym, narz\u0119dziem [&hellip;]<\/p>\n","protected":false},"author":4,"featured_media":0,"comment_status":"open","ping_status":"open","sticky":false,"template":"","format":"standard","meta":{"footnotes":""},"categories":[1],"tags":[],"_links":{"self":[{"href":"https:\/\/blog.polityka.pl\/passent\/wp-json\/wp\/v2\/posts\/727"}],"collection":[{"href":"https:\/\/blog.polityka.pl\/passent\/wp-json\/wp\/v2\/posts"}],"about":[{"href":"https:\/\/blog.polityka.pl\/passent\/wp-json\/wp\/v2\/types\/post"}],"author":[{"embeddable":true,"href":"https:\/\/blog.polityka.pl\/passent\/wp-json\/wp\/v2\/users\/4"}],"replies":[{"embeddable":true,"href":"https:\/\/blog.polityka.pl\/passent\/wp-json\/wp\/v2\/comments?post=727"}],"version-history":[{"count":0,"href":"https:\/\/blog.polityka.pl\/passent\/wp-json\/wp\/v2\/posts\/727\/revisions"}],"wp:attachment":[{"href":"https:\/\/blog.polityka.pl\/passent\/wp-json\/wp\/v2\/media?parent=727"}],"wp:term":[{"taxonomy":"category","embeddable":true,"href":"https:\/\/blog.polityka.pl\/passent\/wp-json\/wp\/v2\/categories?post=727"},{"taxonomy":"post_tag","embeddable":true,"href":"https:\/\/blog.polityka.pl\/passent\/wp-json\/wp\/v2\/tags?post=727"}],"curies":[{"name":"wp","href":"https:\/\/api.w.org\/{rel}","templated":true}]}}