
{"id":731,"date":"2010-07-27T21:04:17","date_gmt":"2010-07-27T19:04:17","guid":{"rendered":"http:\/\/passent.blog.polityka.pl\/?p=731"},"modified":"2010-07-27T21:22:35","modified_gmt":"2010-07-27T19:22:35","slug":"jak-nie-krzyzem-to-katastrofa","status":"publish","type":"post","link":"https:\/\/blog.polityka.pl\/passent\/2010\/07\/27\/jak-nie-krzyzem-to-katastrofa\/","title":{"rendered":"Jak nie krzy\u017cem, to katastrof\u0105"},"content":{"rendered":"<p><strong>\u201eTo gorzej ni\u017c b\u0142\u0105d, to zbrodnia\u201d \u2013 chcia\u0142oby si\u0119 napisa\u0107 o tym, \u017ce PiS wci\u0105gn\u0105\u0142 rodziny ofiar katastrofy smole\u0144skiej do swojej gry politycznej<\/strong>.<\/p>\n<p>Zamiast zapewni\u0107 tym rodzinom maksymaln\u0105 pomoc i spok\u00f3j, zamiast pozwoli\u0107 rodzinom ofiar odnale\u017a\u0107 si\u0119 w \u017cyciu, Prawo i Sprawiedliwo\u015b\u0107 czyni z katastrofy smole\u0144skiej g\u0142\u00f3wn\u0105 o\u015b konfliktu politycznego, kt\u00f3ry tym samym nie mo\u017ce omin\u0105\u0107 prawie stu rodzin, ich przyjaci\u00f3\u0142 i znajomych. To dewastacja polskiego \u017cycia politycznego, kt\u00f3re nie powinno si\u0119 ogniskowa\u0107 wok\u00f3\u0142 najbardziej nawet bolesnej katastrofy. Zamiast stara\u0107 si\u0119 ukoi\u0107  b\u00f3l rodzin, PiS i jego akolici podsycaj\u0105 ka\u017cd\u0105 w\u0105tpliwo\u015b\u0107, ka\u017cd\u0105 spekulacj\u0119, wszelkie napi\u0119cie.<\/p>\n<p>W okresie pomi\u0119dzy katastrof\u0105 a wyborami prezydenckimi, rodziny smole\u0144skie by\u0142y pozostawione w spokoju. Jedna czy druga osoba mog\u0142a da\u0107 wyraz swojemu zaniepokojeniu przebiegiem \u015bledztwa, mog\u0142a ulec sugestiom, \u017ce nie by\u0142a to katastrofa, tylko zamach, mog\u0142a by\u0107 roz\u017calona na organizator\u00f3w wyjazdu, na traktowanie w Moskwie czy w Smole\u0144sku, ale to wszystko nie mia\u0142o charakteru politycznego, nie by\u0142o kampani\u0105.<\/p>\n<p>Dopiero gdy Jaros\u0142aw Kaczy\u0144ski i powolne mu w\u0142adze PiS wskaza\u0142y cel \u2013 udowodnienie, \u017ce nie by\u0142a to katastrofa tylko zbrodnia, i wskaza\u0142y winnego, kt\u00f3rym jest Donald Tusk oraz jego rz\u0105d \u2013 rodziny smole\u0144skie okaza\u0142y si\u0119 potrzebne. Przypomnia\u0142 sobie o nich znany z mi\u0142osierdzia Antoni Macierewicz oraz jego zesp\u00f3\u0142 pos\u0142\u00f3w PiS, mo\u017cna  by\u0142o rodziny wykorzysta\u0107, by na forum zrzeszaj\u0105cym ponad 120 pos\u0142\u00f3w zainteresowanych awantur\u0105 wok\u00f3\u0142 katastrofy, podzieli\u0142y si\u0119 swoimi obawami, podejrzeniami, oskar\u017ceniami.<\/p>\n<p>Specjalno\u015bci\u0105 Jaros\u0142awa Kaczy\u0144skiego jest konflikt, jest podzia\u0142, i uda\u0142o mu si\u0119 podzieli\u0107 \u015brodowisko rodzin smole\u0144skich. By\u0107 mo\u017ce uda\u0142o si\u0119 nawet zarazi\u0107 kilka rodzin pragnieniem zemsty,  agresj\u0105 w stosunku do w\u0142adz polskich, m\u00f3wieniem o \u201ezbrodni\u201d (oczywi\u015bcie w sensie \u201epotocznym\u201d), nieufno\u015bci\u0105 w stosunku do Rosji i do wszystkich os\u00f3b oraz instytucji zaj\u0119tych badaniem przyczyn katastrofy. To zrozumia\u0142e, ka\u017cdy prze\u017cywa po swojemu. Ale z kolei inne osoby zachowa\u0142y zimn\u0105 krew i rozwag\u0119. Z wielk\u0105 klas\u0105 wypowiada\u0142a si\u0119 w telewizji Pani Ewa Komorowska, wdowa po ministrze Stanis\u0142awie Komorowskim. Z charakterem opar\u0142a si\u0119 naciskom Pani Izabella Sariusz-Sk\u0105pska, c\u00f3rka by\u0142ego prezesa zarz\u0105du Federacji Rodzin Katy\u0144skich, kt\u00f3ry zgin\u0105\u0142 pod Smole\u0144skiem. Pani Sk\u0105pska powiedzia\u0142a, \u017ce \u201eSmole\u0144sk zaw\u0142aszczy\u0142a jedna opcja polityczna. (\u2026) Nie mo\u017cemy ju\u017c w spokoju prze\u017cywa\u0107 \u017ca\u0142oby i czeka\u0107 na wynik prokuratorskiego \u015bledztwa\u201d. Tak\u017ce Pani Magdalena Merta, wdowa po wiceministrze Kultury, pracownica IPN, kt\u00f3ra \u201ena zespole Macierewicza\u201d wypowiada\u0142a si\u0119 bardzo ostro pod adresem prokuratury i w\u0142adz, nazajutrz zmieni\u0142a ton, i w telewizji kilkakrotnie podkre\u015bla\u0142a zadowolenie z jakim przyjmuje zmian\u0119 na lepsze w podej\u015bciu prokuratury do rodzin smole\u0144skich.<\/p>\n<p>W sumie jednak jeste\u015bmy  \u015bwiadkami smutnego, gorsz\u0105cego widowiska, namawiania do ekshumacji, do poddawania w w\u0105tpliwo\u015b\u0107 sekcji zw\u0142ok, do dyskwalifikowania polskich i rosyjskich instytucji oraz specjalist\u00f3w, a wszystko w jednym celu. Zrozpaczone, zagubione osoby wykorzystywane s\u0105 do wojny politycznej. Politycy PiS i media nie wahaj\u0105 si\u0119, by uczyni\u0107 z tego gorsz\u0105c\u0105 hec\u0119, kt\u00f3ra ma odwr\u00f3ci\u0107 uwag\u0119 od prawdziwych przyczyn katastrofy,  politykom PiS ma nap\u0119dzi\u0107 wyborc\u00f3w zgorszonych \u201ezbrodnicz\u0105 polityk\u0105\u201d Platformy, a mediom \u2013 jak najwi\u0119cej klient\u00f3w. Pisa\u0142em ju\u017c w tym miejscu nie raz, \u017ce ta katastrofa wydaje si\u0119 mie\u0107 szereg przyczyn \u2013 od \u201ewojny na g\u00f3rze\u201d po powszechne ba\u0142aganiarstwo, zapewne tak\u017ce po stronie rosyjskiej. Ale nie ka\u017cdy jest zainteresowany ujawnieniem wszystkich przyczyn. Wygl\u0105da na to, \u017ce wr\u0119cz przeciwnie &#8211; im wi\u0119ksza demoralizacja, im mniej zaufania, im wi\u0119cej znak\u00f3w zapytania, im mniej odpowiedzi, im mniej autorytet\u00f3w \u2013 tym lepiej. Jak nie krzy\u017cem go, to katastrof\u0105.<\/p>\n","protected":false},"excerpt":{"rendered":"<p>\u201eTo gorzej ni\u017c b\u0142\u0105d, to zbrodnia\u201d \u2013 chcia\u0142oby si\u0119 napisa\u0107 o tym, \u017ce PiS wci\u0105gn\u0105\u0142 rodziny ofiar katastrofy smole\u0144skiej do swojej gry politycznej. Zamiast zapewni\u0107 tym rodzinom maksymaln\u0105 pomoc i spok\u00f3j, zamiast pozwoli\u0107 rodzinom ofiar odnale\u017a\u0107 si\u0119 w \u017cyciu, Prawo i Sprawiedliwo\u015b\u0107 czyni z katastrofy smole\u0144skiej g\u0142\u00f3wn\u0105 o\u015b konfliktu politycznego, kt\u00f3ry tym samym nie mo\u017ce [&hellip;]<\/p>\n","protected":false},"author":4,"featured_media":0,"comment_status":"open","ping_status":"open","sticky":false,"template":"","format":"standard","meta":{"footnotes":""},"categories":[1],"tags":[],"_links":{"self":[{"href":"https:\/\/blog.polityka.pl\/passent\/wp-json\/wp\/v2\/posts\/731"}],"collection":[{"href":"https:\/\/blog.polityka.pl\/passent\/wp-json\/wp\/v2\/posts"}],"about":[{"href":"https:\/\/blog.polityka.pl\/passent\/wp-json\/wp\/v2\/types\/post"}],"author":[{"embeddable":true,"href":"https:\/\/blog.polityka.pl\/passent\/wp-json\/wp\/v2\/users\/4"}],"replies":[{"embeddable":true,"href":"https:\/\/blog.polityka.pl\/passent\/wp-json\/wp\/v2\/comments?post=731"}],"version-history":[{"count":0,"href":"https:\/\/blog.polityka.pl\/passent\/wp-json\/wp\/v2\/posts\/731\/revisions"}],"wp:attachment":[{"href":"https:\/\/blog.polityka.pl\/passent\/wp-json\/wp\/v2\/media?parent=731"}],"wp:term":[{"taxonomy":"category","embeddable":true,"href":"https:\/\/blog.polityka.pl\/passent\/wp-json\/wp\/v2\/categories?post=731"},{"taxonomy":"post_tag","embeddable":true,"href":"https:\/\/blog.polityka.pl\/passent\/wp-json\/wp\/v2\/tags?post=731"}],"curies":[{"name":"wp","href":"https:\/\/api.w.org\/{rel}","templated":true}]}}