
{"id":732,"date":"2010-07-29T21:37:39","date_gmt":"2010-07-29T19:37:39","guid":{"rendered":"http:\/\/passent.blog.polityka.pl\/?p=732"},"modified":"2010-07-30T11:36:25","modified_gmt":"2010-07-30T09:36:25","slug":"jk-dezerterzy","status":"publish","type":"post","link":"https:\/\/blog.polityka.pl\/passent\/2010\/07\/29\/jk-dezerterzy\/","title":{"rendered":"J.K. Dezerterzy"},"content":{"rendered":"<p>Polska to faktycznie kraj cud\u00f3w. Jednego dnia, nazajutrz po wyborach prezydenckich, nast\u0105pi\u0142a cudowna przemiana wizerunku prezesa Kaczy\u0144skiego. Z go\u0142\u0105bka pokoju, z ga\u0142\u0105zk\u0105 oliwn\u0105 w dzi\u00f3bku, kt\u00f3ry zapowiada\u0142 koniec wojny polsko-polskiej, pozdrawia\u0142 \u201eprzyjaci\u00f3\u0142 Rosjan\u201d, mia\u0142 nawet dobre s\u0142owo dla Gierka, z dnia na dzie\u0144  przekszta\u0142ci\u0142 si\u0119 ponownie  w gro\u017anego wilka, kt\u00f3ry spu\u015bci\u0142 z uwi\u0119zi swoich najwierniejszych rycerzy, Joachima Brudzi\u0144skiego and Co. , a milutkie baranki,  PP. Poncyliusza i Kluzik-Rostkowsk\u0105, pozostawi\u0142 bez \u017cadnego \u0142upu, czyli bez nagrody za bardzo udan\u0105 kampani\u0119 prezesa. Rzuci\u0142 si\u0119 za to do walki przy pomocy krzy\u017ca i katastrofy. Oszustwo, kt\u00f3re wiele os\u00f3b wietrzy\u0142o w metamorfozie prezesa, sta\u0142o si\u0119 oczywiste nawet dla mi\u0142o\u015bnik\u00f3w J.K..<\/p>\n<p>Obecnie jeste\u015bmy \u015bwiadkami kolejnego cudu: zazwyczaj przekonani do PiS politycy, komentatorzy i publicy\u015bci zaczynaj\u0105 dystansowa\u0107 si\u0119 od Jaros\u0142awa Kaczy\u0144skiego. Wschodz\u0105ca gwiazda PiS, dr Marek MIGALSKI, eurodeputowany z \u0142aski prezesa (oraz tysi\u0119cy wyborc\u00f3w), na swoim blogu i w wywiadzie dla \u201eRzeczpospolitej\u201d, przejecha\u0142 si\u0119 ostro po prezesie, m\u00f3wi\u0105c m.in., \u017ce skrzywdzi\u0142 autor\u00f3w swojej kampanii, wr\u00f3ci\u0142 do taktyki konfrontacyjnej, a w og\u00f3le to ta\u0144czy tak, jak mu zagra Tusk z  Michnikiem. Trudno o wi\u0119ksz\u0105 zniewag\u0119.<\/p>\n<p>RZECZPOSPOLITA \u2013 medium, kt\u00f3re przez ostatnich kilka lat zas\u0142u\u017cy\u0142o na zaufanie prezesa, zaczyna si\u0119 od niego wyra\u017anie dystansowa\u0107. Redaktor naczelny, Pawe\u0142 LISICKI pisa\u0142 (13.07): \u201eCzy naprawd\u0119 wolno jednym tchem wymienia\u0107 przypadkow\u0105 tragedi\u0119 (!!-Pass) \u2013 katastrof\u0119 pod Smole\u0144skiem- ze \u015bwiadom\u0105 ofiar\u0105 \u017cycia, co sta\u0142o si\u0119 udzia\u0142em oficer\u00f3w zamordowanych w Katyniu?\u201d A w sprawie  krzy\u017ca przed pa\u0142acem, w obron\u0119 kt\u00f3rego zaanga\u017cowa\u0142 si\u0119 prezes (ostrzegaj\u0105c Komorowskiego, \u017ceby nie szed\u0142 \u015bladem Napieralskiego i Zapatero), red. naczelny \u201eRz\u201d pisa\u0142: \u201eObrona krzy\u017ca zamyka ponownie parti\u0119 Jaros\u0142awa Kaczy\u0144skiego w zau\u0142ku, z kt\u00f3rego wydosta\u0142a si\u0119 w czasie kampanii prezydenckiej\u201d. Przypomina o dawnym wizerunku PiS jako ugrupowania \u201enie rozumiej\u0105cego wsp\u00f3\u0142czesno\u015bci, o ciasnych  horyzontach, blisko zwi\u0105zanego z radiem Maryja. Wszystko to skutecznie odpycha umiarkowanych wyborc\u00f3w z centrum (\u2026)\u201d<\/p>\n<p>Gdyby to by\u0142  g\u0142os  na \u0142amach \u201eRz\u201d odosobniony, komisja do spraw cud\u00f3w mog\u0142aby go nie uzna\u0107, ale oto dwa dni p\u00f3\u017aniej, zast\u0119pca Lisickiego, red. Marek MAGIEROWSKI (w mojej ocenie \u2013 twarda prawica), w komentarzu \u201eRz\u201d pisa\u0142, \u017ce PiS \u201e\u015bci\u0105ga w\u0142a\u015bnie na siebie nieszcz\u0119\u015bcie\u201d  utraty wiarygodno\u015bci. Dosta\u0142o si\u0119 Brudzi\u0144skiemu za \u201erusk\u0105 trumn\u0119\u201d, B\u0142aszczakowi, za por\u00f3wnanie  intencji (Komorowskiego) przesuni\u0119cia krzy\u017ca do PRL, kt\u00f3ra likwidowa\u0142a symbole religijne, Kurskiemu, za \u201ecenzur\u0119\u201d jaka rzekomo panowa\u0142a w PiS przed wyborami.<\/p>\n<p>Magierowski nie zostawia na J.K. suchej nitki za to, \u017ce porzuci\u0142 taktyk\u0119 otwarcia i umiaru, przypomnia\u0142 mediom dawn\u0105 twarz PiS, a po \u201ePrzes\u0142aniu do Rosjan\u201d wprowadzono do debaty \u201eruskie trumny\u201d. \u201eNiekt\u00f3rym politykom nie chodzi o prawd\u0119 (smole\u0144sk\u0105 \u2013 Pass). Chodzi o ostateczne wdeptanie wroga w ziemi\u0119\u201d. Gdyby to pisa\u0142 Baczy\u0144ski, Michnik czy \u017bakowski \u2013 to bym si\u0119 nie dziwi\u0142, ale redaktor \u201eRz\u201d, jeden z najbardziej niezale\u017cnych redaktor\u00f3w najbardziej niezale\u017cnego (od \u2018uk\u0142adu\u2019) dziennika? Czy to nie cud?<\/p>\n<p>Na tym nie koniec, bo oto polityk\u0105 J.K. poczu\u0142 si\u0119 dotkni\u0119ty Igor JANKE (17.07):, kt\u00f3ry  w \u201eKomentarzu Rz.\u201d pisa\u0142: \u201eSugerowanie, \u017ce je\u015bli kto\u015b ma na temat krzy\u017ca inne zdanie, to stoi po drugiej stronie \u2018w r\u00f3\u017cnego rodzaju sporach dotycz\u0105cych polskiej historii i polskich POWI\u0104ZA\u0143\u2019 (podkr. Pass), a \u2018ka\u017cdy, kto twierdzi co\u015b innego, dopuszcza si\u0119 ci\u0119\u017ckiego moralnego nadu\u017cycia\u2019 jest po prostu OBURZAJ\u0104CE. Czuj\u0119 si\u0119 OSOBI\u015aCIE URA\u017bONY s\u0142owami prezesa PiS. A wykluczenie tych, kt\u00f3rzy inaczej my\u015bl\u0105 o sprawach krzy\u017ca przed pa\u0142acem, jest w\u0142a\u015bnie moralnym nadu\u017cyciem\u201d \u2013 ko\u0144czy Janke.<\/p>\n<p>Inny gor\u0105cy sympatyk, Piotr Gursztyn (Rz. 28.07) pisze o \u201etrwonieniu dorobku z czas\u00f3w kampanii\u201d PiS, o \u201equasi-publicystycznym temperamencie\u201d  prezesa, od kt\u00f3rego \u201eus\u0142yszymy jeszcze nie raz s\u0142owa szkodliwe dla niego samego\u201d.<\/p>\n<p>Gangrena zw\u0105tpienia toczy nie tylko \u201eRzeczpospolit\u0105\u201d, kt\u00f3r\u0105 Tusk ju\u017c odwojowa\u0142 bez oddania jednego wystrza\u0142u oraz dra Marka Migalskiego, (kt\u00f3ry jest jeszcze do odwojowania). Nawet Jadwiga Staniszkis, uczona bia\u0142og\u0142owa, kt\u00f3ra przed wyborami tuli\u0142a prezesa, teraz dopuszcza my\u015bl, \u017ce ofensywa J.K. w sprawie katastrofy mo\u017ce mie\u0107 na celu zag\u0142uszenie s\u0142\u00f3w prezydenta Lecha Kaczy\u0144skiego na pok\u0142adzie samolotu.  \u0141ukasz WARZECHA, inny zdecydowany sympatyk prawicy, w artykule pod znamiennym tytu\u0142em \u201ePiS si\u0119 stacza. Na dno?\u201d (\u201eFakt\u201d, 26.07) pisze, \u017ce w\u015br\u00f3d umiarkowanych zwolennik\u00f3w PiS narasta \u201ezniech\u0119cenie\u201d, \u201e\u017cal\u201d, \u201erozpacz\u201d. Prezes Kaczy\u0144ski \u201ewraca do najgorszej tradycji wizerunkowej swojej partii\u201d, \u201ewydaje si\u0119 z perwersyjnym upodobaniem gra\u0107 pod batut\u0105 Palikota\u201d.<\/p>\n<p>Tu i \u00f3wdzie odezwie si\u0119 jeszcze jaki\u015b mi\u0142o\u015bnik prezesa (Stanis\u0142aw Janecki jest wierny do ko\u0144ca),  ale ch\u00f3r \u015bpiewa ju\u017c na inn\u0105 nut\u0119. Nawet przekonani zwolennicy prezesa Kaczy\u0144skiego odsuwaj\u0105 si\u0119 od niego, o\u015bmielaj\u0105 si\u0119 go krytykowa\u0107. Jeszcze troch\u0119, a \u201eRzeczpospolita\u201d, w kt\u00f3rej tyle razy pisano o \u201ehisterycznej nagonce\u201d na PiS i na Jaros\u0142awa Kaczy\u0144skiego, sama znajdzie si\u0119 w\u015br\u00f3d autor\u00f3w ob\u0142\u0119dnej nagonki.<\/p>\n<p>Nie dziwnego,  kto\u015b, kto obdarza\u0142 prezesa takim zaufaniem, teraz czuje si\u0119 ura\u017cony, nie dziwi\u0119 si\u0119 rozczarowaniu politologa, kt\u00f3ry z nominacji prezesa trafi\u0142 na list\u0119 wyborcz\u0105 PiS i dzi\u015b pobiera sowite diety (co mu wymawia Janecki). Ludzie, kt\u00f3rzy zaanga\u017cowali si\u0119 po stronie prezesa i PIS maj\u0105 prawo czu\u0107 si\u0119 zawiedzeni. Mog\u0105 te\u017c mie\u0107 pretensje do siebie samych, \u017ce \u017ale ulokowali swoje sympatie, ryzykuj\u0105c wiarygodno\u015b\u0107 swoj\u0105 i swoich medi\u00f3w. Kto jest bez winy \u2013 niech pierwszy rzuci kamieniem. Sam prezes Kaczy\u0144ski te\u017c ma prawo by\u0107 roz\u017calony. Straci\u0142 \u201eWprost\u201d, nie mo\u017ce ufa\u0107 \u201eRzepie\u201d, nad \u201eniezale\u017cn\u0105 TVP\u201d gromadz\u0105 si\u0119 chmury, imperium medialne PiS (kt\u00f3re, oczywi\u015bcie nie istnia\u0142o, gdy\u017c media by\u0142y w r\u0119kach \u2018uk\u0142adu\u2019) zaczyna si\u0119 kruszy\u0107. Ciekawe, czy w samej partii r\u00f3wnie\u017c pojawi\u0105 si\u0119 J.K. dezerterzy. Oberleutnant von Nogay z pami\u0119tnego filmu Janusza Majewskiego mo\u017ce mie\u0107 du\u017co roboty z maruderami i z dysydentami.<\/p>\n<p>PS. HELENA I RYBA maj\u0105 \u017cal z powodu \u0142obuzerii na blogu. Mnie si\u0119 to te\u017c nie podoba, ale istniej\u0105 granice selekcji. Mamy dylemat gospodarzy stadion\u00f3w pi\u0142karskich: Je\u017celi b\u0119dziemy odcina\u0107 wszystkich chuligan\u00f3w, to w ko\u0144cu zostaniemy sami. Lepiej wi\u0119c zaci\u0105\u0107 z\u0119by i ich przewija\u0107. A Szanownych Moderator\u00f3w uprzejmie prosz\u0119, \u017ceby nie byli zbyt \u0142askawi i nie tolerowali chamstwa.<\/p>\n<p>JOANNA, WODNIK \u2013 Podzielam pogl\u0105d pa\u0144stwa na polityk\u0119 historyczn\u0105 w wydaniu Muzeum Powstania Warszawskiego, tak\u017ce przerabiania Powstania na \u015bpiewogr\u0119 i przebierank\u0119, ale nie zamierzam co roku do tego powraca\u0107.<\/p>\n","protected":false},"excerpt":{"rendered":"<p>Polska to faktycznie kraj cud\u00f3w. Jednego dnia, nazajutrz po wyborach prezydenckich, nast\u0105pi\u0142a cudowna przemiana wizerunku prezesa Kaczy\u0144skiego. Z go\u0142\u0105bka pokoju, z ga\u0142\u0105zk\u0105 oliwn\u0105 w dzi\u00f3bku, kt\u00f3ry zapowiada\u0142 koniec wojny polsko-polskiej, pozdrawia\u0142 \u201eprzyjaci\u00f3\u0142 Rosjan\u201d, mia\u0142 nawet dobre s\u0142owo dla Gierka, z dnia na dzie\u0144 przekszta\u0142ci\u0142 si\u0119 ponownie w gro\u017anego wilka, kt\u00f3ry spu\u015bci\u0142 z uwi\u0119zi swoich najwierniejszych [&hellip;]<\/p>\n","protected":false},"author":4,"featured_media":0,"comment_status":"open","ping_status":"open","sticky":false,"template":"","format":"standard","meta":{"footnotes":""},"categories":[1],"tags":[],"_links":{"self":[{"href":"https:\/\/blog.polityka.pl\/passent\/wp-json\/wp\/v2\/posts\/732"}],"collection":[{"href":"https:\/\/blog.polityka.pl\/passent\/wp-json\/wp\/v2\/posts"}],"about":[{"href":"https:\/\/blog.polityka.pl\/passent\/wp-json\/wp\/v2\/types\/post"}],"author":[{"embeddable":true,"href":"https:\/\/blog.polityka.pl\/passent\/wp-json\/wp\/v2\/users\/4"}],"replies":[{"embeddable":true,"href":"https:\/\/blog.polityka.pl\/passent\/wp-json\/wp\/v2\/comments?post=732"}],"version-history":[{"count":0,"href":"https:\/\/blog.polityka.pl\/passent\/wp-json\/wp\/v2\/posts\/732\/revisions"}],"wp:attachment":[{"href":"https:\/\/blog.polityka.pl\/passent\/wp-json\/wp\/v2\/media?parent=732"}],"wp:term":[{"taxonomy":"category","embeddable":true,"href":"https:\/\/blog.polityka.pl\/passent\/wp-json\/wp\/v2\/categories?post=732"},{"taxonomy":"post_tag","embeddable":true,"href":"https:\/\/blog.polityka.pl\/passent\/wp-json\/wp\/v2\/tags?post=732"}],"curies":[{"name":"wp","href":"https:\/\/api.w.org\/{rel}","templated":true}]}}