
{"id":733,"date":"2010-08-02T14:04:13","date_gmt":"2010-08-02T12:04:13","guid":{"rendered":"http:\/\/passent.blog.polityka.pl\/?p=733"},"modified":"2010-08-02T14:04:13","modified_gmt":"2010-08-02T12:04:13","slug":"odwagi-czy-pokory","status":"publish","type":"post","link":"https:\/\/blog.polityka.pl\/passent\/2010\/08\/02\/odwagi-czy-pokory\/","title":{"rendered":"Odwagi czy pokory?"},"content":{"rendered":"<p><strong>LEWICA<\/strong> \u2013 wi\u0119cej pokory. Niekt\u00f3re osoby na lewicy, m.in. Kinga Dunin, pewni ludzie z &#8222;Krytyki Politycznej&#8221;, m\u00f3wi\u0105, \u017ce g\u0142osowali na Kaczy\u0144skiego. A ju\u017c w najwi\u0119ksze zdumienie wprawi\u0142 mnie Grzegorz Napieralski, kt\u00f3ry w II turze zostawi\u0142 woln\u0105 r\u0119k\u0119 swoim zwolennikom. Dla SLD by\u0142o to mo\u017ce wygodne, \u017ceby nie sprzedawa\u0107 si\u0119 \u017cadnej partii prawicowej, ale gdyby (odpuka\u0107\u2026) wygra\u0142 Jaros\u0142aw Kaczy\u0144ski, to wsp\u00f3\u0142autorem tego sukcesu by\u0142by Napieralski. Lider SLD, upojony swoim sukcesem w I turze, postawi\u0142 siebie i SLD ponad wszystkim, ponad Komorowskim, ponad starszymi dzia\u0142aczami lewicy (Kwa\u015bniewski, Cimoszewicz, Kalisz), kt\u00f3rzy ju\u017c przedtem poparli kandydata Platformy. To by\u0142 b\u0142\u0105d Napieralskiego. Powinien by\u0142 powiedzie\u0107 \u2018STOP IV RP!, a potem b\u0119dziemy si\u0119 rachowa\u0107 z Platform\u0105\u2019.<\/p>\n<p>Zgodnie z zasad\u0105 \u201efirst things first!\u201d, nale\u017ca\u0142o blokowa\u0107 Kaczy\u0144skiego za wszelka cen\u0119, bo to najwi\u0119ksze dla Polski zagro\u017cenie. By\u0107 mo\u017ce tym ludziom lewicy, kt\u00f3rzy g\u0142osowali na J.K. chodzi\u0142o o jasno\u015b\u0107 sytuacji (\u201eJe\u015bli ma rz\u0105dzi\u0107 prawica, to niech to b\u0119dzie prawica pe\u0142n\u0105 g\u0119b\u0105\u201d), by\u0107 mo\u017ce by\u0142 to strach przed monopolem Platformy, ale by\u0142y to obawy mniej wa\u017cne ni\u017c \u201eSTOP IV RP\u201d. Zdolno\u015bci koalicyjnej SLD by i tak nie straci\u0142. Dzi\u015b nawet bojowy pose\u0142 PiS, Adam Hofman, m\u00f3wi (w \u201eGW\u201d), \u017ce w wielu sprawach \u201elewica mo\u017ce zawrze\u0107 kontrakt tylko z nami\u201d. Ludzie, m\u00f3wi Hofman, \u201enie przywi\u0105zuj\u0105 wagi do r\u00f3\u017cnic ideologicznych\u201d. Straszenie komun\u0105 si\u0119 zu\u017cy\u0142o. Dlatego Grzegorz Napieralski \u017ale czyni, odsuwaj\u0105c polityk\u00f3w lewicy umiarkowanej, otwartej, \u201elibera\u0142\u00f3w\u201d, na rzecz \u201eprawdziwych\u201d lewicowc\u00f3w. Napieralski powinien ho\u0142ubi\u0107 jednych i drugich. I pami\u0119ta\u0107, \u017ce s\u0105 ludzie, kt\u00f3rzy g\u0142osowali na niego na zasadzie mniejszego z\u0142a, poniewa\u017c nie mogli znie\u015b\u0107 J.K. ani wybaczy\u0107 Platformie jej zaniedba\u0144, np. dopuszczenia do upadku finansowego, merytorycznego i politycznego medi\u00f3w publicznych. Rada dla lewicy: Napieralski, otw\u00f3rz si\u0119, zapomnij o urazach,<\/p>\n<p>Cimoszewicz, Kwa\u015bniewski i inni \u201ezdrajcy\u201d mieli racj\u0119, to nie ca\u0142a lewica, ale Platforma powstrzyma\u0142a powr\u00f3t IV RP. Jak s\u0142usznie m\u00f3wi Tomasz Na\u0142\u0119cz, lewicy nie powinno by\u0107 oboj\u0119tne, czy dzia\u0142a w pa\u0144stwie autorytarnym, czy demokratycznym. Osobisty sukces Napieralskiego zaprawiony jest gorycz\u0105 \u2013 b\u0142\u0119dem przed II tur\u0105. Napieralski, uznaj\u0105c, \u017ce wart Pac (J.K.) pa\u0142aca (Komorowski), pope\u0142ni\u0142 b\u0142\u0105d. \u017bycz\u0119 wi\u0119cej pokory.<\/p>\n<p><strong>PRAWICA<\/strong>. Nie zgadzam si\u0119 z tymi, kt\u00f3rzy uwa\u017caj\u0105, \u017ce prezes PiS oszala\u0142 i &#8211; koncentruj\u0105c si\u0119 na katastrofie &#8211; pope\u0142nia samob\u00f3jstwo. Rozmaite p\u0142aczki zanosz\u0105 si\u0119 \u0142zami, \u017ce J. Kaczy\u0144ski marnuje sukces z wybor\u00f3w prezydenckich, \u017ce rozmija si\u0119 w zainteresowaniach z wyborcami, \u017ce efekt katastrofy minie, \u017ce PiS pozostawia otwart\u0105 przestrze\u0144 Platformie, zamiast n\u0119ka\u0107 rz\u0105d w sprawach wa\u017cnyc \u2013 finanse, obronno\u015b\u0107, emerytury, autostrady itd. Prezes wyra\u017anie m\u00f3wi, \u017ce aby wyja\u015bni\u0107 katastrof\u0119 \u2013 musi najpierw doj\u015b\u0107 do w\u0142adzy (czytaj: obecny rz\u0105d nie jest zainteresowany dotarciem do prawdy).<\/p>\n<p>Wyb\u00f3r w\u0105tku katastrofy przez prezesa nie jest taki g\u0142upi i nie nale\u017cy go lekcewa\u017cy\u0107. Emocji nie wolno lekcewa\u017cy\u0107. W wielu krajach utorowa\u0142y one populistom drog\u0119 do w\u0142adzy. Dzi\u0119ki emocjom przeprowadzono precyzyjny plan pochowania tragicznie zmar\u0142ej pary prezydenckiej na Wawelu, buduje si\u0119 bohaterski mit Lecha Kaczy\u0144skiego, wkr\u00f3tce ma on szans\u0119 zosta\u0107 patronem Muzeum Powstania Warszawskiego, a st\u0105d ju\u017c niedaleko do uznania go za dow\u00f3dc\u0119 zwyci\u0119skiego zrywu narodowego z 1944 roku. Gdy do tego dodamy Ko\u015bci\u00f3\u0142, kt\u00f3ry si\u0119 zaanga\u017cowa\u0142 po stronie Kaczy\u0144skich \u2013 od Wawelu po Toru\u0144, gdy do tego dodamy naturalne zm\u0119czenie rz\u0105dz\u0105c\u0105 Platform\u0105, jej \u201emonopolem\u201d, a wreszcie &#8211; wyborc\u00f3w rozgoryczonych wstrzemi\u0119\u017aliwo\u015bci\u0105 PO w reformach (trudno roznieci\u0107 entuzjazm wok\u00f3\u0142 systemu rentowo &#8211; emerytalnego czy naprawy s\u0142u\u017cby zdrowia), to z tego mo\u017cna uciu\u0142a\u0107 ponad 1\/3 g\u0142os\u00f3w i wr\u00f3ci\u0107 do w\u0142adzy \u2013 tym razem z parti\u0105 Napieralskiego. Dlatego ja nie ubolewam nad tym, \u017ce prezes chce wspi\u0105\u0107 si\u0119 po katastrofie do w\u0142adzy. To nie jest plan \u015bmieszny \u2013 to plan gro\u017any.<\/p>\n<p><strong>CENTRUM<\/strong> \u2013 wi\u0119cej odwagi. Platforma, jak to centrum \u2013 jest pomi\u0119dzy m\u0142otem, a kowad\u0142em. W sprawie katastrofy musi egzekwowa\u0107 od Rosjan, ale nie mo\u017ce wali\u0107 pi\u0119\u015bci\u0105 w st\u00f3\u0142, \u017ceby nie pogorszy\u0107 stosunk\u00f3w z Kremlem, (kt\u00f3ry jest zainteresowany lepszym klimatem z Warszaw\u0105). Wcze\u015bniej czy p\u00f3\u017aniej PO b\u0119dzie musia\u0142a uzna\u0107, \u017ce nie tylko Lech Kaczy\u0144ski i jego kancelaria ponosz\u0105 odpowiedzialno\u015b\u0107 za tragedi\u0119, wina le\u017cy tak\u017ce po stronie tego, co dzia\u0142o si\u0119 w kontaktach rz\u0105d \u2013 prezydent, Polska \u2013 Rosja, co dzia\u0142o si\u0119 w lotnictwie, a wi\u0119c w sferze odpowiedzialno\u015bci rz\u0105du. Czyli rz\u0105d i Platforma musz\u0105 traktowa\u0107 katastrof\u0119 z najwi\u0119ksza powag\u0105 i uczciwo\u015bci\u0105, nie wykorzystywa\u0107 jej jak PiS, ale i nie bagatelizowa\u0107 swojego w niej udzia\u0142u. Nie wolno traktowa\u0107 katastrofy jako obsesji PiS, bo to nie jest obsesja, tylko zimne wyrachowanie.<\/p>\n<p>W sprawach najwa\u017cniejszych (finanse pa\u0144stwa, podniesienie VAT) Platforma pozostaje wierna sobie \u2013 \u017cadnych gwa\u0142townych ruch\u00f3w, \u0142atanie dziur, administrowanie, zmiany cz\u0105stkowe i jak najmniej kosztowne politycznie. Kryje si\u0119 w tym obawa przed utrat\u0105 poparcia wyborc\u00f3w (np. w sprawie przed\u0142u\u017cenia granicy wieku emerytalnego) i koalicjanta (KRUS). Tusk, Boni i Rostowski balansuj\u0105 na linie albo st\u0105paj\u0105 po minach. Wszystko im wskazuje, \u017ceby rusza\u0107 jak najmniej, nie dra\u017cni\u0107 wyborc\u00f3w, nie rusza\u0107 Ko\u015bcio\u0142a, nawet w sprawie in vitro czy demonstracji Europride, od czego trzymaj\u0105 si\u0119 jak najdalej. Co\u015b si\u0119 jednak si\u0119 dzieje, jak cho\u0107by w sprawie porozumienia z lewic\u0105 w sprawie medi\u00f3w publicznych, lecz za ma\u0142o. Podwy\u017cka VAT o 1 pkt procentowy, sprzeda\u017c ziemi pa\u0144stwowej, szybsza prywatyzacja, to \u2013 jak przyznaje sam Tusk \u2013 \u201ekupowanie czasu\u201d. Nie jest to takie efektowne, jak bycie na lewicy (postulat \u015bwieckiego pa\u0144stwa, in vitro, egalitaryzm), ani na prawicy pod krzy\u017cem i pod Wawelem, ale taki ju\u017c jest los centrum w czasach pragmatyzmu i ko\u0144ca wielu ideologii.<\/p>\n<p>\u017bycz\u0119 wi\u0119cej odwagi.<\/p>\n","protected":false},"excerpt":{"rendered":"<p>LEWICA \u2013 wi\u0119cej pokory. Niekt\u00f3re osoby na lewicy, m.in. Kinga Dunin, pewni ludzie z &#8222;Krytyki Politycznej&#8221;, m\u00f3wi\u0105, \u017ce g\u0142osowali na Kaczy\u0144skiego. A ju\u017c w najwi\u0119ksze zdumienie wprawi\u0142 mnie Grzegorz Napieralski, kt\u00f3ry w II turze zostawi\u0142 woln\u0105 r\u0119k\u0119 swoim zwolennikom. Dla SLD by\u0142o to mo\u017ce wygodne, \u017ceby nie sprzedawa\u0107 si\u0119 \u017cadnej partii prawicowej, ale gdyby (odpuka\u0107\u2026) [&hellip;]<\/p>\n","protected":false},"author":4,"featured_media":0,"comment_status":"open","ping_status":"open","sticky":false,"template":"","format":"standard","meta":{"footnotes":""},"categories":[1],"tags":[],"_links":{"self":[{"href":"https:\/\/blog.polityka.pl\/passent\/wp-json\/wp\/v2\/posts\/733"}],"collection":[{"href":"https:\/\/blog.polityka.pl\/passent\/wp-json\/wp\/v2\/posts"}],"about":[{"href":"https:\/\/blog.polityka.pl\/passent\/wp-json\/wp\/v2\/types\/post"}],"author":[{"embeddable":true,"href":"https:\/\/blog.polityka.pl\/passent\/wp-json\/wp\/v2\/users\/4"}],"replies":[{"embeddable":true,"href":"https:\/\/blog.polityka.pl\/passent\/wp-json\/wp\/v2\/comments?post=733"}],"version-history":[{"count":0,"href":"https:\/\/blog.polityka.pl\/passent\/wp-json\/wp\/v2\/posts\/733\/revisions"}],"wp:attachment":[{"href":"https:\/\/blog.polityka.pl\/passent\/wp-json\/wp\/v2\/media?parent=733"}],"wp:term":[{"taxonomy":"category","embeddable":true,"href":"https:\/\/blog.polityka.pl\/passent\/wp-json\/wp\/v2\/categories?post=733"},{"taxonomy":"post_tag","embeddable":true,"href":"https:\/\/blog.polityka.pl\/passent\/wp-json\/wp\/v2\/tags?post=733"}],"curies":[{"name":"wp","href":"https:\/\/api.w.org\/{rel}","templated":true}]}}