
{"id":734,"date":"2010-08-03T19:06:03","date_gmt":"2010-08-03T17:06:03","guid":{"rendered":"http:\/\/passent.blog.polityka.pl\/?p=734"},"modified":"2010-08-03T19:08:20","modified_gmt":"2010-08-03T17:08:20","slug":"smutny-dzien","status":"publish","type":"post","link":"https:\/\/blog.polityka.pl\/passent\/2010\/08\/03\/smutny-dzien\/","title":{"rendered":"Smutny dzie\u0144"},"content":{"rendered":"<p><strong>3 sierpnia 2010 to smutny dzie\u0144 dla Polski. Tego dnia Polska ugi\u0119\u0142a si\u0119 przed mieszanin\u0105 religijnego fanatyzmu i politycznego cynizmu, kt\u00f3ry \u0142\u0105czy garstk\u0119 nawiedzonych na ulicy z grup\u0105 cwanych polityk\u00f3w w ich gabinetach, a wszystkiemu przygl\u0105daj\u0105 si\u0119 podekscytowane media<\/strong>.<\/p>\n<p>Krzy\u017c przed pa\u0142acem prezydenckim nie wzi\u0105\u0142 si\u0119 znik\u0105d. Nie by\u0142 te\u017c pomys\u0142em kilkunastoletnich harcerzy. Jest kontynuacj\u0105 tego nurtu polskiego dziedzictwa, kt\u00f3re uciele\u015bnia pomnik dziecka \u2013 powsta\u0144ca. Walka o ka\u017cdy krzy\u017c, traktowana jako walka o jedyn\u0105 prawd\u0119, o godno\u015b\u0107, o honor, o warto\u015bci, kt\u00f3rych uosobieniem by\u0142 prezydent Lech Kaczy\u0144ski. U\u017cywanie symbolu religijnego jako emblematu politycznego, kt\u00f3ry nakazuje kwestionowa\u0107 wynik wybor\u00f3w prezydenckich, degradowa\u0107 demokratycznie wybranego prezydenta Komorowskiego do roli intruza, namiestnika okupacyjnych w\u0142adz Platformy Obywatelskiej. Popis anarchii i rokosz, przy ca\u0142kowitym lekcewa\u017ceniu prawa i legalnego rz\u0105du, na rzecz naczelnego dow\u00f3dztwa z ulicy Nowogrodzkiej. Wywa\u017canie drzwi na Wawel, wymuszanie pomnika na Krakowskim Przedmie\u015bciu, wyb\u00f3r katastrofy smole\u0144skiej jako areny do walki o w\u0142adz\u0119 \u2013 to wszystko ogniwa jednego \u0142a\u0144cucha.<\/p>\n<p>D\u0105\u017cenie do wzmocnienia tendencji ku utworzeniu katolickiego pa\u0144stwa z narodu polskiego, w kt\u00f3rym tron jest w cieniu o\u0142tarza. Osobliwa synteza religijno\u015bci jednych z wyrachowaniem drugich, a wszystko oparte na poczuciu bezkarno\u015bci, bo \u2013 w odr\u00f3\u017cnieniu od wielu pa\u0144stw Europy \u2013 w Polsce nie ma takiej si\u0142y, kt\u00f3ra zmobilizuje obro\u0144c\u00f3w pa\u0144stwa prawa do wyj\u015bcia na ulic\u0119. Premier ma racj\u0119, \u017ce Polsce nie jest potrzebna wojna o krzy\u017c, ale je\u015bli taka wojna zosta\u0142a rz\u0105dowi wypowiedziana, je\u015bli ministr\u00f3w i premiera bezkarnie nazywa si\u0119 zbrodniarzami, je\u015bli lider PiS wyra\u017ca si\u0119 o prezydencie \u2013 elekcie per \u201eten pan\u201d, je\u015bli kwestionuje si\u0119 ka\u017cdy krok prokuratury i innych legalnych urz\u0119d\u00f3w, je\u015bli oskar\u017ca si\u0119 rz\u0105d o spiskowanie z obcym mocarstwem, je\u015bli osi\u0105 polskiego \u017cycia publicznego ma sta\u0107 si\u0119 krzy\u017c i katastrofa, to znaczy, \u017ce szale\u0144stwo jednych i cynizm drugich przewa\u017caj\u0105 ju\u017c nad rozs\u0105dkiem i przyzwoito\u015bci\u0105 pozosta\u0142ych. Nie czas przygl\u0105da\u0107 si\u0119 temu bezczynnie i czeka\u0107, a\u017c spadnie \u015bnieg i buntownikom zrobi si\u0119 zimno.<\/p>\n<p>To, co si\u0119 sta\u0142o &#8211; rezygnacja z przeniesienia krzy\u017ca, umycie r\u0105k przez Metropolit\u0119 Warszawskiego, kt\u00f3ry stwierdzi\u0142, \u017ce Ko\u015bci\u00f3\u0142 nie jest stron\u0105 w tym sporze, chwa\u0142y Ko\u015bcio\u0142owi hierarchicznemu nie przynosi. Przegrany jest Ko\u015bci\u00f3\u0142, przegrane jest pa\u0144stwo polskie, przegrany jest rz\u0105d, przegrany jest zdrowy rozs\u0105dek, przegrani s\u0105 wszyscy, ci, kt\u00f3rzy \u0142udzili si\u0119, \u017ce \u017cyjemy w normalnym europejskim kraju, ba, w kraju, kt\u00f3ry ro\u015bci sobie prawo do pouczania innych na czym polega demokracja. Wygra\u0142 PiS, prezes Kaczy\u0144ski, ojciec Rydzyk, Gazeta Polska \u2013 teraz oni b\u0119d\u0105 dyktowa\u0107 warunki. Cieszy\u0107 mo\u017ce si\u0119 lewica \u2013 dosta\u0142a prezent, ciekawe, co z nim pocznie. Ciekawe, co zrobi Platforma, co zrobi\u0105 partia i rz\u0105d, bo dobrego wyj\u015bcia ju\u017c nie ma. Pozostaje mniejsze z\u0142o.<\/p>\n","protected":false},"excerpt":{"rendered":"<p>3 sierpnia 2010 to smutny dzie\u0144 dla Polski. Tego dnia Polska ugi\u0119\u0142a si\u0119 przed mieszanin\u0105 religijnego fanatyzmu i politycznego cynizmu, kt\u00f3ry \u0142\u0105czy garstk\u0119 nawiedzonych na ulicy z grup\u0105 cwanych polityk\u00f3w w ich gabinetach, a wszystkiemu przygl\u0105daj\u0105 si\u0119 podekscytowane media. Krzy\u017c przed pa\u0142acem prezydenckim nie wzi\u0105\u0142 si\u0119 znik\u0105d. Nie by\u0142 te\u017c pomys\u0142em kilkunastoletnich harcerzy. Jest kontynuacj\u0105 [&hellip;]<\/p>\n","protected":false},"author":4,"featured_media":0,"comment_status":"open","ping_status":"open","sticky":false,"template":"","format":"standard","meta":{"footnotes":""},"categories":[1],"tags":[],"_links":{"self":[{"href":"https:\/\/blog.polityka.pl\/passent\/wp-json\/wp\/v2\/posts\/734"}],"collection":[{"href":"https:\/\/blog.polityka.pl\/passent\/wp-json\/wp\/v2\/posts"}],"about":[{"href":"https:\/\/blog.polityka.pl\/passent\/wp-json\/wp\/v2\/types\/post"}],"author":[{"embeddable":true,"href":"https:\/\/blog.polityka.pl\/passent\/wp-json\/wp\/v2\/users\/4"}],"replies":[{"embeddable":true,"href":"https:\/\/blog.polityka.pl\/passent\/wp-json\/wp\/v2\/comments?post=734"}],"version-history":[{"count":0,"href":"https:\/\/blog.polityka.pl\/passent\/wp-json\/wp\/v2\/posts\/734\/revisions"}],"wp:attachment":[{"href":"https:\/\/blog.polityka.pl\/passent\/wp-json\/wp\/v2\/media?parent=734"}],"wp:term":[{"taxonomy":"category","embeddable":true,"href":"https:\/\/blog.polityka.pl\/passent\/wp-json\/wp\/v2\/categories?post=734"},{"taxonomy":"post_tag","embeddable":true,"href":"https:\/\/blog.polityka.pl\/passent\/wp-json\/wp\/v2\/tags?post=734"}],"curies":[{"name":"wp","href":"https:\/\/api.w.org\/{rel}","templated":true}]}}