
{"id":737,"date":"2010-08-10T17:20:53","date_gmt":"2010-08-10T15:20:53","guid":{"rendered":"http:\/\/passent.blog.polityka.pl\/?p=737"},"modified":"2010-08-10T17:20:53","modified_gmt":"2010-08-10T15:20:53","slug":"szla-dzieweczka-do-jareczka","status":"publish","type":"post","link":"https:\/\/blog.polityka.pl\/passent\/2010\/08\/10\/szla-dzieweczka-do-jareczka\/","title":{"rendered":"Sz\u0142a dzieweczka do Jareczka"},"content":{"rendered":"<p>Wczorajsze, wieczorne zgromadzenie przed pa\u0142acem prezydenckim, zainicjowane przez Dominika Tarasa, kucharza z ASP, by\u0142o wydarzeniem ze wszech miar po\u017c\u0105danym i znacz\u0105cym.  Tysi\u0105ce zwolennik\u00f3w przeniesienia krzy\u017ca z przed pa\u0142acu do ko\u015bcio\u0142a (plus gapie, przechodnie, tury\u015bci, a tak\u017ce obro\u0144cy stanu obecnego)  zachowali si\u0119 wzorowo. Wbrew panikarskim obawom z kr\u0119g\u00f3w \u201eobro\u0144c\u00f3w krzy\u017ca\u201d (A. Macierewicz, \u201eGazeta Polska\u201d i inni), nie dosz\u0142o do \u017cadnych eksces\u00f3w. By\u0142a to manifestacja znacz\u0105ca, poniewa\u017c by\u0142a SPONTANICZNA, nie by\u0142 to \u017caden poch\u00f3d partyjny, procesja ko\u015bcielna, sp\u0119d rz\u0105dowy ani opozycyjny. <\/p>\n<p>Nareszcie tysi\u0105ce ludzi wyst\u0105pi\u0142y w obronie pa\u0144stwa \u015bwieckiego i \u0142adu demokratycznego, przeciwko bezradno\u015bci w\u0142adz. Dotychczas przestrze\u0144 publiczna przed pa\u0142acem by\u0142a zdominowana przez zwolennik\u00f3w utrzymania krzy\u017ca w tym miejscu przynajmniej do czasu godnego (?) uczczenia ofiar katastrofy, przede wszystkim Lecha i Marii Kaczy\u0144skich. Druga strona ulicy by\u0142a pusta \u2013 zar\u00f3wno faktycznie, jak i symbolicznie. Wczoraj na Krakowskim pojawi\u0142o si\u0119 kilka tysi\u0119cy os\u00f3b, przede wszystkim m\u0142odych, weso\u0142ych, pogodnych, niezorganizowanych, spontanicznych, kt\u00f3rzy pokazali, \u017ce istnieje  Polska inna ni\u017c moherowa i ponura \u2013 nie tylko zas\u0119piona, obl\u0119\u017cona, roz\u017calona, chwilami wroga wobec rz\u0105du, Platformy, medi\u00f3w, \u017byd\u00f3w i innych nieszcz\u0119\u015b\u0107. Polska, kt\u00f3ra potrafi nie tylko zaciska\u0107 z\u0119by, ale i pokaza\u0107 je w szerokim u\u015bmiechu. Tysi\u0105ce ludzi, z kt\u00f3rych cz\u0119\u015b\u0107 skandowa\u0142a \u201eDo ko\u015b-cio-\u0142a! Do ko\u015b-cio-\u0142a!\u201d, inna mia\u0142a \u017cartobliwe koszulki czy napisy, w rodzaju \u201eP\u0142aci mi Moskwa\u201d, \u201e\u017bydokomuna pozdrawia\u201d, czy \u201eSz\u0142a dzieweczka do Jareczka\u201d. Okaza\u0142o si\u0119, \u017ce obok Polski Jana Pospieszalskiego (Solidarni 2010), istnieje inna Polska \u2013 tak\u017ce solidarna, ale z pa\u0144stwem \u015bwieckim,  z poszanowaniem prawa, z mniejszo\u015bciami religijnymi, z tolerancj\u0105.<\/p>\n<p>Byli wreszcie tacy, mo\u017ce nawet wi\u0119kszo\u015b\u0107, kt\u00f3rzy krzy\u017c po prostu ignorowali. Nie podnosili na niego r\u0119ki, nie ciskali kamieni ani obelg, \u015bmiali si\u0119 i bawili, nie podtrzymywali ducha wojny religijnej, politycznej, czy domowej \u2013 czuli si\u0119 u siebie w domu, przyszli odwojowa\u0107 Krakowskie Przedmie\u015bcie, policzy\u0107 si\u0119, pokaza\u0107 inn\u0105 Polsk\u0119. Przyszli doda\u0107 animuszu pa\u0144stwu polskiemu, w\u0142adzom, kt\u00f3re poczu\u0142y si\u0119 bezradne wobec inicjatywy przekszta\u0142cenia pa\u0142acu w sanktuarium i blokowania prezydentury Komorowskiego. S\u0142abo\u015b\u0107 w\u0142adz spowodowa\u0142a luk\u0119, kt\u00f3r\u0105 m\u0142odzie\u017c spontanicznie wype\u0142ni\u0142a. To by\u0142 rzadki i dobry sygna\u0142 ze strony spo\u0142ecze\u0144stwa obywatelskiego.<\/p>\n","protected":false},"excerpt":{"rendered":"<p>Wczorajsze, wieczorne zgromadzenie przed pa\u0142acem prezydenckim, zainicjowane przez Dominika Tarasa, kucharza z ASP, by\u0142o wydarzeniem ze wszech miar po\u017c\u0105danym i znacz\u0105cym. Tysi\u0105ce zwolennik\u00f3w przeniesienia krzy\u017ca z przed pa\u0142acu do ko\u015bcio\u0142a (plus gapie, przechodnie, tury\u015bci, a tak\u017ce obro\u0144cy stanu obecnego) zachowali si\u0119 wzorowo. Wbrew panikarskim obawom z kr\u0119g\u00f3w \u201eobro\u0144c\u00f3w krzy\u017ca\u201d (A. Macierewicz, \u201eGazeta Polska\u201d i inni), [&hellip;]<\/p>\n","protected":false},"author":4,"featured_media":0,"comment_status":"open","ping_status":"open","sticky":false,"template":"","format":"standard","meta":{"footnotes":""},"categories":[1],"tags":[],"_links":{"self":[{"href":"https:\/\/blog.polityka.pl\/passent\/wp-json\/wp\/v2\/posts\/737"}],"collection":[{"href":"https:\/\/blog.polityka.pl\/passent\/wp-json\/wp\/v2\/posts"}],"about":[{"href":"https:\/\/blog.polityka.pl\/passent\/wp-json\/wp\/v2\/types\/post"}],"author":[{"embeddable":true,"href":"https:\/\/blog.polityka.pl\/passent\/wp-json\/wp\/v2\/users\/4"}],"replies":[{"embeddable":true,"href":"https:\/\/blog.polityka.pl\/passent\/wp-json\/wp\/v2\/comments?post=737"}],"version-history":[{"count":0,"href":"https:\/\/blog.polityka.pl\/passent\/wp-json\/wp\/v2\/posts\/737\/revisions"}],"wp:attachment":[{"href":"https:\/\/blog.polityka.pl\/passent\/wp-json\/wp\/v2\/media?parent=737"}],"wp:term":[{"taxonomy":"category","embeddable":true,"href":"https:\/\/blog.polityka.pl\/passent\/wp-json\/wp\/v2\/categories?post=737"},{"taxonomy":"post_tag","embeddable":true,"href":"https:\/\/blog.polityka.pl\/passent\/wp-json\/wp\/v2\/tags?post=737"}],"curies":[{"name":"wp","href":"https:\/\/api.w.org\/{rel}","templated":true}]}}