
{"id":74,"date":"2006-06-28T09:16:38","date_gmt":"2006-06-28T07:16:38","guid":{"rendered":"http:\/\/passent.blog.polityka.pl\/?p=74"},"modified":"2006-06-28T15:41:41","modified_gmt":"2006-06-28T13:41:41","slug":"lze-debata","status":"publish","type":"post","link":"https:\/\/blog.polityka.pl\/passent\/2006\/06\/28\/lze-debata\/","title":{"rendered":"\u0141\u017ce-debata"},"content":{"rendered":"<p>Micha\u0142 Radgowski \u2013 wiele lat temu zast\u0119pca redaktora naczelnego \u201ePolityki\u201d, obdarzony wielk\u0105 kultur\u0105 (z wykszta\u0142cenia filozof) i doskona\u0142ym poczuciem humoru\u00a0 &#8211;\u00a0 m\u00f3wi\u0142, \u017ce najbardziej \u015bmiesz\u0105 go nast\u0119puj\u0105ce zbitki poj\u0119ciowe: \u201ePARLAMENTARZY\u015aCI RADZIECCY\u201d, \u201eTRABANT LIMUZYNA\u201d\u00a0oraz \u201eWODOGRZMOTY MICKIEWICZA\u201d. Rzeczywi\u015bcie, nazywanie \u201eparlamentarzystami\u201d deputowanych do Rady Najwy\u017cszej ZSRR, kt\u00f3ra by\u0142a cia\u0142em wy\u0142\u0105cznie dekoracyjnym, brzmia\u0142o jak kpina, ale tak si\u0119 w j\u0119zyku oficjalnym m\u00f3wi\u0142o. Podobnie okre\u015blenie plastykowego\u00a0w du\u017cym stopniu bieda-samochodu, jakim by\u0142 Trabant, \u201elimuzyna\u201d, brzmia\u0142o jak ponury \u017cart, ale taka by\u0142a nazwa, poniewa\u017c istnia\u0142 r\u00f3wnie\u017c Trabant-Kombi. By\u0142o to po\u015bmiewisko, ale je\u017adzi\u0142o. Troch\u0119 jak ca\u0142y PRL \u2013 sztuczny, ale si\u0119 toczy\u0142. Wreszcie nazwa \u201eWodogrzmoty\u201d tak nie pasuje do\u00a0 wieszcza, \u017ce trudno na d\u017awi\u0119k tej nazwy si\u0119 nie u\u015bmiechn\u0105\u0107.<\/p>\n<p>Od pewnego czasu dopisa\u0142bym do tej kuriozalnej listy \u201eDEBAT\u0118 POLITYCZN\u0104\u201d, \u201eSCEN\u0118 POLITYCZN\u0104\u201d albo \u201eDYSKURS POLITYCZNY\u201d. Rzeczywi\u015bcie, trwa w Polsce\u00a0o\u017cywiona wymiana my\u015bli, oskar\u017ce\u0144 i inwektyw (te ostatnie na szcz\u0119\u015bcie nie na tym blogu), ale nazywanie tego \u201edebat\u0105\u201d czy \u201edyskursem\u201d jest tak samo przesadzone i \u015bmieszne, jak nazywanie Trabanta \u2013 limuzyn\u0105, a Rady Najwy\u017cszej ZSRR &#8211; parlamentem. Raczej jeste\u015bmy \u015bwiadkami wojny s\u0142\u00f3w, k\u0142amstw i oskar\u017ce\u0144, z kt\u00f3rej wynika, \u017ce wiceprezes TVP Farfa\u0142 jest O.K., tylko w m\u0142odo\u015bci by\u0142 antysemit\u0105, ale mu przesz\u0142o; premier Marcinkiewicz, kt\u00f3ry przyj\u0105\u0142 dymisj\u0119 Zyty Gilowskiej, jest O.K., ale teraz okazuje si\u0119, \u017ce to nie Zyta powinna odej\u015b\u0107, bo jest O.K., tylko Rzecznik Interesu Publicznego, kt\u00f3ry jest nie z tego rozdania i w podejrzanych okoliczno\u015bciach skierowa\u0142 spraw\u0119 pani Gilowskiej do s\u0105du lustracyjnego, powinien odej\u015b\u0107. Panuje wi\u0119c takie pomieszanie prawdy i k\u0142amstwa, \u017ce trudno nie obserwowa\u0107 naszej \u201eSCENY POLITYCZNEJ\u201d\u00a0 z za\u017cenowaniem.<\/p>\n<p>A oto kolejny przyk\u0142ad po\u017cal si\u0119 Bo\u017ce\u00a0 DYSKURSU. W artykule pt. \u201eBomba Wojty\u0142y\u201d Micha\u0142 \u0141uczewski pisze\u00a0w najnowszym numerze tygodnika \u201eWprost\u201d (2.07.06), podkre\u015blenia moje:<\/p>\n<p>\u201eAby os\u0142abi\u0107 si\u0142\u0119 papieskiego nauczania, LEWICOWI KOMBINATORZY dokonali odkrycia, \u017ce niezast\u0105pionym sposobem na Jana Paw\u0142a jest \u2018R\u017bNI\u0118CIE G\u0141UPA\u2019. Czo\u0142owa polska FEMINAZISTKA Kinga Dunin osi\u0105gn\u0119\u0142a w tej technice godne uwagi rezultaty&#8230;\u201d<\/p>\n<p>Tak oto wygl\u0105da nasza \u0142\u017ce-debata, pardon, dyskurs polityczny, na takim poziomie argumentuj\u0105 niekt\u00f3rzy, niestety \u2013 do\u015b\u0107 liczni, uczestnicy \u017cycia publicznego. Czy mo\u017cna King\u0119 Dunin okre\u015bla\u0107 jako \u201efeminazistk\u0119\u201d tylko dlatego, \u017ce nie jest prawicowa? Jedyne, co mo\u017cna zrobi\u0107, to nie da\u0107 si\u0119 wci\u0105gn\u0105\u0107 i trzyma\u0107 si\u0119 z daleka od takiego, hm, hm, dyskursu, aczkolwiek na jego okre\u015blenie cisn\u0105 si\u0119 s\u0142owa bardziej dosadne.<\/p>\n","protected":false},"excerpt":{"rendered":"<p>Micha\u0142 Radgowski \u2013 wiele lat temu zast\u0119pca redaktora naczelnego \u201ePolityki\u201d, obdarzony wielk\u0105 kultur\u0105 (z wykszta\u0142cenia filozof) i doskona\u0142ym poczuciem humoru\u00a0 &#8211;\u00a0 m\u00f3wi\u0142, \u017ce najbardziej \u015bmiesz\u0105 go nast\u0119puj\u0105ce zbitki poj\u0119ciowe: \u201ePARLAMENTARZY\u015aCI RADZIECCY\u201d, \u201eTRABANT LIMUZYNA\u201d\u00a0oraz \u201eWODOGRZMOTY MICKIEWICZA\u201d. Rzeczywi\u015bcie, nazywanie \u201eparlamentarzystami\u201d deputowanych do Rady Najwy\u017cszej ZSRR, kt\u00f3ra by\u0142a cia\u0142em wy\u0142\u0105cznie dekoracyjnym, brzmia\u0142o jak kpina, ale tak si\u0119 w [&hellip;]<\/p>\n","protected":false},"author":4,"featured_media":0,"comment_status":"open","ping_status":"open","sticky":false,"template":"","format":"standard","meta":{"footnotes":""},"categories":[1],"tags":[],"_links":{"self":[{"href":"https:\/\/blog.polityka.pl\/passent\/wp-json\/wp\/v2\/posts\/74"}],"collection":[{"href":"https:\/\/blog.polityka.pl\/passent\/wp-json\/wp\/v2\/posts"}],"about":[{"href":"https:\/\/blog.polityka.pl\/passent\/wp-json\/wp\/v2\/types\/post"}],"author":[{"embeddable":true,"href":"https:\/\/blog.polityka.pl\/passent\/wp-json\/wp\/v2\/users\/4"}],"replies":[{"embeddable":true,"href":"https:\/\/blog.polityka.pl\/passent\/wp-json\/wp\/v2\/comments?post=74"}],"version-history":[{"count":0,"href":"https:\/\/blog.polityka.pl\/passent\/wp-json\/wp\/v2\/posts\/74\/revisions"}],"wp:attachment":[{"href":"https:\/\/blog.polityka.pl\/passent\/wp-json\/wp\/v2\/media?parent=74"}],"wp:term":[{"taxonomy":"category","embeddable":true,"href":"https:\/\/blog.polityka.pl\/passent\/wp-json\/wp\/v2\/categories?post=74"},{"taxonomy":"post_tag","embeddable":true,"href":"https:\/\/blog.polityka.pl\/passent\/wp-json\/wp\/v2\/tags?post=74"}],"curies":[{"name":"wp","href":"https:\/\/api.w.org\/{rel}","templated":true}]}}