
{"id":740,"date":"2010-08-18T11:36:48","date_gmt":"2010-08-18T09:36:48","guid":{"rendered":"http:\/\/passent.blog.polityka.pl\/?p=740"},"modified":"2010-08-18T11:43:38","modified_gmt":"2010-08-18T09:43:38","slug":"chamstwo-wszedzie-co-to-bedzie-2","status":"publish","type":"post","link":"https:\/\/blog.polityka.pl\/passent\/2010\/08\/18\/chamstwo-wszedzie-co-to-bedzie-2\/","title":{"rendered":"Chamstwo wsz\u0119dzie, co to b\u0119dzie?"},"content":{"rendered":"<p><strong>Mniej wi\u0119cej dziesi\u0119\u0107 lat temu, kiedy Jaros\u0142aw Kaczy\u0144ski nie by\u0142 jeszcze tak wa\u017cnym politykiem, og\u0142osi\u0142em w moich felietonach ankiet\u0119 na najbardziej brutalnego polityka w Polsce. Ankieta ta nie mia\u0142a \u017cadnej warto\u015bci merytorycznej, nie by\u0142a reprezentatywna, ale wygra\u0142 j\u0105 bezapelacyjnie J.K<\/strong>.<\/p>\n<p>Od tamtego czasu brutalizacja \u017cycia politycznego (i medialnego) znacz\u0105co wzros\u0142a. Trwa nieustaj\u0105ca wojna polska \u2013 polska (z kr\u00f3tk\u0105 przerw\u0105 na kampani\u0119 prezydenck\u0105, kiedy J.K. wymachiwa\u0142 ga\u0142\u0105zk\u0105 oliwn\u0105).<\/p>\n<p>Lekcewa\u017cenie wymiaru sprawiedliwo\u015bci jest na porz\u0105dku dziennym. Mia\u0142 je na sumieniu nawet zmar\u0142y prezydent, o kt\u00f3rym z kolei pose\u0142 Janusz Palikot m\u00f3wi\u0142, \u017ce jest \u201echamem\u201d. Kilka dni temu europose\u0142 Jacek Kurski podczas wykonywania prawomocnego wyroku (odszkodowanie dla Agory), urz\u0105dzi\u0142 sobie kpiny, \u017cycz\u0105c Agorze, \u017ceby si\u0119 \u201eud\u0142awi\u0142a\u201d. Co wi\u0119cej, grono publicyst\u00f3w i polityk\u00f3w uj\u0119\u0142o si\u0119 za Kurskim, uwa\u017caj\u0105c, \u017ce zbyt wysoka grzywna oznacza ograniczenie wolno\u015bci s\u0142owa. Swojego czasu, w imi\u0119 fa\u0142szywie poj\u0119tej wolno\u015bci s\u0142owa, znane dziennikarki i dziennikarze zamykali si\u0119 w klatce przed gmachem Sejmu, daj\u0105c tym samym sygna\u0142 o lekcewa\u017ceniu prawomocnego wyroku wydanego w imieniu Rzeczpospolitej.<\/p>\n<p>Co prawda w pysk\u00f3wkach, zwanych bezpodstawnie \u201edebat\u0105\u201d, udzia\u0142 bior\u0105 politycy r\u00f3\u017cnych partii, to jednak prym wiod\u0105 politycy PiS. Wa\u017cn\u0105 rol\u0119 w miotaniu oskar\u017ce\u0144 i oszczerstw odegra\u0142a lustracja, podczas kt\u00f3rej nie oszcz\u0119dzono hurtowo nawet by\u0142ych ministr\u00f3w spraw zagranicznych. Autor tego oskar\u017cenia, pose\u0142 Macierewicz, do\u0142o\u017cy\u0142 swoje w raporcie dotycz\u0105cym WSI, nara\u017caj\u0105c wiele os\u00f3b na utrat\u0119 dobrego imienia, a Skarb Pa\u0144stwa &#8211; na wielotysi\u0119czne koszty procesowe i odszkodowania.<\/p>\n<p>Do upadku obyczaj\u00f3w walnie przyczyni\u0142a si\u0119 pierwsza druga \u201ewojna g\u00f3rze\u201d, wojna o histori\u0119 \u201eS\u201d, konflikt Kaczy\u0144scy &#8211; Wa\u0142\u0119sa &#8211; Wyszkowski, brak poszanowania dla najwy\u017cszych urz\u0119d\u00f3w, kt\u00f3ry przejawia\u0142 si\u0119 m.in. w atakach PiS na Trybuna\u0142 Konstytucyjny, czy te\u017c \u2013 wcze\u015bniej \u2013 decyzje radnych np. Krakowa, o tym, \u017ce urz\u0119duj\u0105cy (w\u00f3wczas) prezydent Kwa\u015bniewski jest w tym mie\u015bcie <em>persona non grata<\/em>.<\/p>\n<p>Ostatnimi czasy jeste\u015bmy \u015bwiadkami dalszej brutalizacji i braku kultury. Politycy PiS o urz\u0119duj\u0105cym prezydencie m\u00f3wi\u0105 per \u201epan Komorowski\u201d, a o premierze per \u201eTusk\u201d, co na pewno nie jest przypadkowe. Przegrany w wyborach lider PiS faktycznie nie uzna\u0142 wyniku wybor\u00f3w, nie by\u0142 obecny na zaprzysi\u0119\u017ceniu nowego prezydenta. Do dalszych przejaw\u00f3w chamstwa dochodzi z powodu wojny o krzy\u017c (kt\u00f3rego obro\u0144cy skanduj\u0105 \u201eJa-rek! Ja-rek!\u201d, nie ukrywaj\u0105c swoich intencji politycznych). Krzy\u017c jest bezczeszczony zar\u00f3wno przez niekt\u00f3rych obro\u0144c\u00f3w, jak i przez przeciwnik\u00f3w, chocia\u017c w sumie zgromadzenie 3 sierpnia by\u0142o pow\u015bci\u0105gliwe i nie dosz\u0142o na znacz\u0105cych star\u0107. Toczy\u0142a si\u0119 gra o ulic\u0119 \u2013 czy ma by\u0107 przed\u0142u\u017ceniem ko\u015bcio\u0142a, czy agor\u0105 \u2013 miejscem spotka\u0144, dyskusji i zabawy. Tak\u017ce niekt\u00f3rzy przedstawiciele Episkopatu nie uznali wyniku wybor\u00f3w (<em>vide<\/em> wypowied\u017a abpa Michalika).<\/p>\n<p>Najnowszym rozdzia\u0142em w historii chamstwa politycznego b\u0119d\u0105 obchody rocznicy Solidarno\u015bci. Fakt, \u017ce w niekt\u00f3rych obchodach na Wybrze\u017cu nie b\u0119dzie uczestniczy\u0142 Lech Wa\u0142\u0119sa, a do Jastrz\u0119bia nie zosta\u0142 zaproszony prezydent Komorowski, Lech Wa\u0142\u0119sa ani Donald Tusk, \u015bwiadczy jak najgorzej o organizatorach z \u201eSolidarno\u015bci\u201d. Od Gda\u0144ska po Jastrz\u0119bie weterani Sierpnia tocz\u0105 swoj\u0105 wojenk\u0119, nie umiej\u0105c stan\u0105\u0107 ponad podzia\u0142ami. Ta m\u015bciwo\u015b\u0107 i nienawi\u015b\u0107 jest obecna nie tylko w ko\u0142ach postsolidarno\u015bciowych, na jej tle tym bardziej ob\u0142udnie brzmi\u0105 niekt\u00f3re kazania, rozmaite \u201eznaki pokoju\u201d, frazesy o demokracji, godno\u015bci (w tym o \u201egodnym\u201d uczczeniu), nie m\u00f3wi\u0105c ju\u017c o dekalogu. Cho\u0107 nikt nie jest bez winy, to jednak g\u0142\u00f3wne \u017ar\u00f3d\u0142o upatruj\u0119 we frustracji przegranej prawicy.<\/p>\n<p>Nie maj\u0105 racji ci, kt\u00f3rzy twierdz\u0105, \u017ce wojna o krzy\u017c zacz\u0119\u0142a si\u0119 od kilku s\u0142\u00f3w Bronis\u0142awa Komorowskiego o tym, \u017ce krzy\u017c trzeba przenie\u015b\u0107 w bardziej odpowiednie czy godne miejsce. Moim zdaniem pocz\u0105tkiem konfliktu by\u0142 Wawel. A zbeszczeszczenie tablicy fekaliami pozostanie symbolem wojny polsko-polskiej. Oby nie by\u0142o gorszych, bo ju\u017c coraz wi\u0119cej os\u00f3b przywo\u0142uje czasy Gabriela Narutowicza.<\/p>\n","protected":false},"excerpt":{"rendered":"<p>Mniej wi\u0119cej dziesi\u0119\u0107 lat temu, kiedy Jaros\u0142aw Kaczy\u0144ski nie by\u0142 jeszcze tak wa\u017cnym politykiem, og\u0142osi\u0142em w moich felietonach ankiet\u0119 na najbardziej brutalnego polityka w Polsce. Ankieta ta nie mia\u0142a \u017cadnej warto\u015bci merytorycznej, nie by\u0142a reprezentatywna, ale wygra\u0142 j\u0105 bezapelacyjnie J.K. Od tamtego czasu brutalizacja \u017cycia politycznego (i medialnego) znacz\u0105co wzros\u0142a. Trwa nieustaj\u0105ca wojna polska \u2013 [&hellip;]<\/p>\n","protected":false},"author":4,"featured_media":0,"comment_status":"open","ping_status":"open","sticky":false,"template":"","format":"standard","meta":{"footnotes":""},"categories":[1],"tags":[],"_links":{"self":[{"href":"https:\/\/blog.polityka.pl\/passent\/wp-json\/wp\/v2\/posts\/740"}],"collection":[{"href":"https:\/\/blog.polityka.pl\/passent\/wp-json\/wp\/v2\/posts"}],"about":[{"href":"https:\/\/blog.polityka.pl\/passent\/wp-json\/wp\/v2\/types\/post"}],"author":[{"embeddable":true,"href":"https:\/\/blog.polityka.pl\/passent\/wp-json\/wp\/v2\/users\/4"}],"replies":[{"embeddable":true,"href":"https:\/\/blog.polityka.pl\/passent\/wp-json\/wp\/v2\/comments?post=740"}],"version-history":[{"count":0,"href":"https:\/\/blog.polityka.pl\/passent\/wp-json\/wp\/v2\/posts\/740\/revisions"}],"wp:attachment":[{"href":"https:\/\/blog.polityka.pl\/passent\/wp-json\/wp\/v2\/media?parent=740"}],"wp:term":[{"taxonomy":"category","embeddable":true,"href":"https:\/\/blog.polityka.pl\/passent\/wp-json\/wp\/v2\/categories?post=740"},{"taxonomy":"post_tag","embeddable":true,"href":"https:\/\/blog.polityka.pl\/passent\/wp-json\/wp\/v2\/tags?post=740"}],"curies":[{"name":"wp","href":"https:\/\/api.w.org\/{rel}","templated":true}]}}