
{"id":741,"date":"2010-08-19T23:18:21","date_gmt":"2010-08-19T21:18:21","guid":{"rendered":"http:\/\/passent.blog.polityka.pl\/?p=741"},"modified":"2010-08-19T23:18:21","modified_gmt":"2010-08-19T21:18:21","slug":"nie-do-wiary","status":"publish","type":"post","link":"https:\/\/blog.polityka.pl\/passent\/2010\/08\/19\/nie-do-wiary\/","title":{"rendered":"Nie do wiary"},"content":{"rendered":"<p>Uwag\u0119 moj\u0105 zwr\u00f3ci\u0142  fragment artyku\u0142u Aleksandra Halla, szanowanego  polityka, historyka oraz publicysty, pt  \u201eSekta kontra nihili\u015bci\u201d (GW 18.VIII). \u201eW III RP dopracowali\u015bmy si\u0119 w\u0142asnego modelu relacji pomi\u0119dzy pa\u0144stwem a Ko\u015bcio\u0142ami,. Jest on oparty na naszej tradycji i polskich do\u015bwiadczeniach historycznych. Warto si\u0119 go trzyma\u0107, chyba \u017ce PRAGNIE SI\u0118 WZBUDZI\u0106 KLIMAT ZIMNEJ WOJNY RELIGIJNEJ, co bezskutecznie pr\u00f3bowano kilkakrotnie podejmowa\u0107 na pocz\u0105tku lat 90.\u201d (podkr. Pass).<\/p>\n<p>Powy\u017csza my\u015bl, cz\u0119sto zreszt\u0105 powtarzana przez zwolennik\u00f3w status quo w dziedzinie stosunk\u00f3w pa\u0144stwo-Ko\u015bci\u00f3\u0142, jest form\u0105 szanta\u017cu: \u201eAlbo b\u0119dziecie milcze\u0107 \u2013 albo chcecie wojny\u201d.  Wydarzenia 9 sierpnia na Krakowskim Przedmie\u015bciu pokazuj\u0105, \u017ce przynajmniej niekt\u00f3rzy m\u0142odzi ludzie w wielkim mie\u015bcie,  nie chc\u0105 wojny, ale przestali si\u0119 ba\u0107. Nie mam na my\u015bli kilku rozrabiak\u00f3w czy pijaczk\u00f3w, ale kilkutysi\u0119czny t\u0142um, kt\u00f3ry powsta\u0142 z kl\u0119czek i na r\u00f3\u017cny spos\u00f3b wyrazi\u0142 sw\u00f3j stosunek do wymachiwania krzy\u017cem. <\/p>\n<p>W wyniku naszej tradycji i historii, Ko\u015bci\u00f3\u0142 Katolicki w Polsce nie jest traktowany  jak normalna instytucja, kt\u00f3ra podlega prawu, kontroli spo\u0142ecznej, prawnej i innej, lecz zajmuje pozycj\u0119 wyj\u0105tkow\u0105 (s\u0142usznie), ale uprzywilejowan\u0105 (nies\u0142usznie), tak\u017ce w stosunku do Pa\u0144stwa. Sam tylko wymiar finansowy  uprzywilejowania jest godny uwagi. Jak szacuje dr Pawe\u0142 Borecki z Wydzia\u0142u Prawa UW, roczne \u015bwiadczenia pa\u0144stwa na rzecz Ko\u015bcio\u0142a wynosz\u0105 oko\u0142o 4-5 mld PLN. Niekt\u00f3re z tych \u015bwiadcze\u0144 s\u0105 w pe\u0142ni zrozumia\u0142e, np konserwacja i utrzymanie obiekt\u00f3w sakralnych b\u0119d\u0105cych dziedzictwem kultury lub dzia\u0142alno\u015b\u0107 charytatywna, ale inne mog\u0142yby by\u0107 przedmiotem dyskusji. Mog\u0142yby, gdyby Ko\u015bci\u00f3\u0142 by\u0142 traktowany jak ka\u017cda inna instytucja, kt\u00f3ra musi spowiada\u0107 si\u0119 przed fiskusem ze swych dochod\u00f3w i wydatk\u00f3w, p\u0142aci\u0107 podatki, etc. Zw\u0142aszcza, \u017ce hierarchowie notorycznie gwa\u0142c\u0105 rozdzia\u0142 Ko\u015bcio\u0142a od pa\u0144stwa, co i rusz ingeruj\u0105c w nie swoje sprawy, jak cho\u0107by w bie\u017c\u0105ce wydarzenia polityczne, projekty ustaw (np. medialnej) itp.<\/p>\n<p>Katecheza na koszt pa\u0144stwa, wprowadzona bocznymi drzwiami (nie przez Sejm) do szk\u00f3\u0142 publicznych, Komisja Maj\u0105tkowa kt\u00f3ra (zdaniem wybitnego prawnika, prof. Zolla) jest niezgodna z Konstytucj\u0105, poniewa\u017c nie przys\u0142uguje odwo\u0142anie od jej decyzji, hojne przekazywanie mienia publicznego Ko\u015bcio\u0142owi w ramach odszkodowa\u0144 za mienie zagarni\u0119te przez PRL, 40 mln z\u0142otych na \u015awi\u0105tyni\u0119 Opatrzno\u015bci, kt\u00f3ra jeszcze nie stan\u0119\u0142a, a ju\u017c jest uznana za muzeum, finansowanie uczelni ko\u015bcielnych nie uwzgl\u0119dnionych przez konkordat, restrykcyjna ustawa aborcyjna, udzia\u0142 dostojnik\u00f3w ko\u015bcielnych w praktycznie wszystkich uroczysto\u015bciach pa\u0144stwowych, pokrapianie wszystkiego, co nie ma z wiar\u0105 nic wsp\u00f3lnego, symbole religijne w gmachach i instytucjach pa\u0144stwowych, pob\u0142a\u017cliwo\u015b\u0107 prawa i sprawiedliwo\u015bci dla przypadk\u00f3w pedofilii w obr\u0119bie Ko\u015bcio\u0142a, instytucja kapelan\u00f3w w si\u0142ach zbrojnych (na koszt podatnika), \u201eTak mi dopom\u00f3\u017c B\u00f3g\u201d w ustach prezydenta i marsza\u0142ka Sejmu \u2013 to tylko niekt\u00f3re przyk\u0142ady specjalnych stosunk\u00f3w pa\u0144stwo \u2013 Ko\u015bci\u00f3\u0142.<\/p>\n<p>W latach 60. Gomu\u0142ka Ko\u015bci\u00f3\u0142 zwalcza\u0142, w latach 70. Gierek Ko\u015bci\u00f3\u0142 kokietowa\u0142 i n\u0119ka\u0142, w latach 80. Jaruzelski Ko\u015bcio\u0142a potrzebowa\u0142, w latach 90. Ko\u015bci\u00f3\u0142 obr\u00f3s\u0142 w przywileje. Obecnie, z r\u00f3\u017cnych wzgl\u0119d\u00f3w, pojawiaj\u0105 si\u0119 rysy na murach twierdzy, jak\u0105 stanowi Ko\u015bci\u00f3\u0142. Cz\u0119\u015b\u0107 z nich spowodowana  jest przez wstrz\u0105sy, jakie dochodz\u0105 z Zachodu. Artur Domos\u0142awski (znakomity publicysta), w artykule \u201eSekrety ko\u015bcielnej monarchii\u201d (GW 7.VIII), pisze o specjalnym traktowaniu przez Watykan (za czas\u00f3w JP II) jakim cieszy\u0142 si\u0119 charyzmatyczny i konserwatywny ksi\u0105dz meksyka\u0144ski, Marcia Maciel, sk\u0105din\u0105d pedofil i bigamista. Z powa\u017cnych publikacji ameryka\u0144skich wynika, \u017ce bp Stanis\u0142aw Dziwisz, jako sekretarz Jana Paw\u0142a, oraz jego najwy\u017cszy prze\u0142o\u017cony, nie mogli nie wiedzie\u0107 o skandalicznych praktykach Maciela, kt\u00f3ry mimo wszystko pojawia\u0142 si\u0119 przy najwy\u017cszym tronie. Jedna z przyczyn by\u0142a banalna: \u201eWys\u0142annicy Maciela regularnie dostarczali koperty z tysi\u0105cami dolar\u00f3w w got\u00f3wce kluczowym hierarchiom Ko\u015bcio\u0142a. Prywatne audiencje z papie\u017cem kosztowa\u0142y nawet 50 tys. dolar\u00f3w za spotkanie, a pieni\u0105dze przechodzi\u0142y przez Stanis\u0142awa Dziwisza\u2026\u201d Jest to wprost nie do wiary, ale tak wynika z ksi\u0105\u017cki Jasona Barry\u2019ego i Gerarda Rennera, \u201eNadu\u017cycia w\u0142adzy w pontyfikacie Jana Paw\u0142a II\u201d.    <\/p>\n<p>Zdumiewaj\u0105ce, \u017ce artyku\u0142 Domos\u0142awskiego, opublikowany w najwi\u0119kszym dzienniku w ojczy\u017anie JP II, min\u0105\u0142 bez echa. W Polsce, \u017ceby zwr\u00f3ci\u0107 na co\u015b uwag\u0119, trzeba chyba rzeczywi\u015bcie mie\u0107 w r\u0119ku granat. <\/p>\n","protected":false},"excerpt":{"rendered":"<p>Uwag\u0119 moj\u0105 zwr\u00f3ci\u0142 fragment artyku\u0142u Aleksandra Halla, szanowanego polityka, historyka oraz publicysty, pt \u201eSekta kontra nihili\u015bci\u201d (GW 18.VIII). \u201eW III RP dopracowali\u015bmy si\u0119 w\u0142asnego modelu relacji pomi\u0119dzy pa\u0144stwem a Ko\u015bcio\u0142ami,. Jest on oparty na naszej tradycji i polskich do\u015bwiadczeniach historycznych. Warto si\u0119 go trzyma\u0107, chyba \u017ce PRAGNIE SI\u0118 WZBUDZI\u0106 KLIMAT ZIMNEJ WOJNY RELIGIJNEJ, co bezskutecznie [&hellip;]<\/p>\n","protected":false},"author":4,"featured_media":0,"comment_status":"open","ping_status":"open","sticky":false,"template":"","format":"standard","meta":{"footnotes":""},"categories":[1],"tags":[],"_links":{"self":[{"href":"https:\/\/blog.polityka.pl\/passent\/wp-json\/wp\/v2\/posts\/741"}],"collection":[{"href":"https:\/\/blog.polityka.pl\/passent\/wp-json\/wp\/v2\/posts"}],"about":[{"href":"https:\/\/blog.polityka.pl\/passent\/wp-json\/wp\/v2\/types\/post"}],"author":[{"embeddable":true,"href":"https:\/\/blog.polityka.pl\/passent\/wp-json\/wp\/v2\/users\/4"}],"replies":[{"embeddable":true,"href":"https:\/\/blog.polityka.pl\/passent\/wp-json\/wp\/v2\/comments?post=741"}],"version-history":[{"count":0,"href":"https:\/\/blog.polityka.pl\/passent\/wp-json\/wp\/v2\/posts\/741\/revisions"}],"wp:attachment":[{"href":"https:\/\/blog.polityka.pl\/passent\/wp-json\/wp\/v2\/media?parent=741"}],"wp:term":[{"taxonomy":"category","embeddable":true,"href":"https:\/\/blog.polityka.pl\/passent\/wp-json\/wp\/v2\/categories?post=741"},{"taxonomy":"post_tag","embeddable":true,"href":"https:\/\/blog.polityka.pl\/passent\/wp-json\/wp\/v2\/tags?post=741"}],"curies":[{"name":"wp","href":"https:\/\/api.w.org\/{rel}","templated":true}]}}