
{"id":746,"date":"2010-09-01T21:29:16","date_gmt":"2010-09-01T19:29:16","guid":{"rendered":"http:\/\/passent.blog.polityka.pl\/?p=746"},"modified":"2010-09-01T21:29:16","modified_gmt":"2010-09-01T19:29:16","slug":"chcemy-wiecej","status":"publish","type":"post","link":"https:\/\/blog.polityka.pl\/passent\/2010\/09\/01\/chcemy-wiecej\/","title":{"rendered":"Chcemy wi\u0119cej!"},"content":{"rendered":"<p>Podczas wczorajszej rozmowy telewizyjnej (31 VIII, Superstacja) Kazimiera Szczuka stwierdzi\u0142a, \u017ce lewicowy dyskurs polityczny w Polsce zaczyna si\u0119 odradza\u0107, a nawet dominowa\u0107. \u2013 Przez ostatnie lata ton nadawa\u0142a prawica, ale to zaczyna si\u0119 zmienia\u0107 \u2013 powiedzia\u0142a znana feministka i dzia\u0142aczka lewicowa. W podobny tonie utrzymany by\u0142 tego samego dnia artyku\u0142 Jacka Kucharczyka, socjologa, w \u201eRz.\u201d  <\/p>\n<p>Jak do tego dosz\u0142o? <\/p>\n<p>Wiadomo\u015b\u0107 o tym, \u017ce ofiary tragicznej katastrofy, Prezydent Lech Kaczy\u0144ski i jego Ma\u0142\u017conka, maj\u0105 by\u0107 pochowani na Wawelu, zasta\u0142a mnie w drodze do TVN 24. Gdy prowadz\u0105cy program zapyta\u0142, co o tym s\u0105dz\u0119, odpowiedzia\u0142em: \u201eKardyna\u0142 Dziwisz wzywa do jedno\u015bci, ale podj\u0105\u0142 decyzj\u0119, kt\u00f3ra dzieli\u201d. Powinienem by\u0142 doda\u0107: Kto sieje wiatr, ten zbiera burz\u0119. Przedtem byli\u015bmy \u015bwiadkami ogromnej solidarno\u015bci i \u017ca\u0142oby setek tysi\u0119cy ludzi przed Pa\u0142acem Prezydenckim, a potem \u2013 kr\u00f3lewskiego pogrzebu na Wawelu. Ale Wawel doprowadzi\u0142 do nie pierwszych ju\u017c przejaw\u00f3w niesubordynacji wobec dominuj\u0105cego my\u015blenia prawicowo-martyrologiczno-ko\u015bcielnego.<\/p>\n<p>Kolejnym wydarzeniem jest krzy\u017c przed pa\u0142acem. Pocz\u0105tkowo mog\u0142o si\u0119 wydawa\u0107, \u017ce tysi\u0105ce ludzi na krakowskim rynku i na Krakowskim Przedmie\u015bciu \u2013 oddaj\u0105 nastr\u00f3j ca\u0142ego spo\u0142ecze\u0144stwa, ale wkr\u00f3tce okaza\u0142o si\u0119, \u017ce tak nie jest. Na ulice wyszli inni. Podobnie by\u0142o po pogrzebie Jana Paw\u0142a II, kiedy nieco na wyrost i z patosem zacz\u0119to m\u00f3wi\u0107 o Pokoleniu JP II, a wkr\u00f3tce okaza\u0142o si\u0119, \u017ce nie wiadomo, czy to pokolenie  w og\u00f3le istnieje.<\/p>\n<p>W nocy z 9\/10 sierpnia 2010 na Krakowskim Przedmie\u015bciu pojawi\u0142o si\u0119 inne zgromadzenie \u2013 zwo\u0142ane przez Internet, pokolenie Facebooka, kt\u00f3re nie jest jednorodne, ale kt\u00f3re chce si\u0119 weseli\u0107, bawi\u0107, ta\u0144czy\u0107, \u017cartowa\u0107 (nie zawsze smacznie), chce broni\u0107 ulicy przed jej zamian\u0105 w Ko\u015bci\u00f3\u0142. Jeszcze kilka lat temu, w dniach pogrzebu Jana Paw\u0142a takie \u201epokolenie\u201d zdystansowane wobec praktyk religijnych, wierz\u0105ce, \u017ce miejsce krzy\u017ca jest w ko\u015bciele, w sercu, w domu, ale nie przed pa\u0142acem, nosz\u0105ce koszulki z napisem \u201e\u017bydokomuna pozdrawia\u201d i \u201eP\u0142aci mi Moskwa\u201d, nie mog\u0142oby si\u0119 pojawi\u0107.<\/p>\n<p>Co\u015b si\u0119 w Polsce zmienia. Dzisiaj nie jest ju\u017c wstyd kwestionowa\u0107 \u201ekompromis\u201d aborcyjny, symbioz\u0119 Ko\u015bcio\u0142a i Pa\u0144stwa, dzia\u0142alno\u015b\u0107 Komisji Maj\u0105tkowej \u2013 nie tylko zwracaj\u0105cej, ale i suto wynagradzaj\u0105cej Ko\u015bci\u00f3\u0142 za dobra skonfiskowane przez PRL, nie jest ju\u017c wstyd uczestniczy\u0107 w manifie, a  rysownicy i publicy\u015bci zaczynaj\u0105 sobie dworowa\u0107 z tego co wczoraj stanowi\u0142o tabu . Coraz wi\u0119cej jest ludzi, kt\u00f3rzy nie boj\u0105 si\u0119 szanta\u017cu, \u017ce jakakolwiek dyskusja o stosunkach Pa\u0144stwo-Ko\u015bci\u00f3\u0142 oznacza wojn\u0119 z Ko\u015bcio\u0142em.  O ile Lech Wa\u0142\u0119sa i Lech Kaczy\u0144ski, jako prezydenci, w pierwsz\u0105 swoj\u0105 podr\u00f3\u017c wybrali si\u0119 do Watykanu, to Bronis\u0142aw Komorowski pojecha\u0142 do Brukseli. Co\u015b si\u0119 w Polsce zmienia\u2026 (Kto inny te\u017c zasiada na tronie papieskim\u2026). Zmiany przenikaj\u0105 do Polski z Europy, ale czynnikiem, kt\u00f3ry je przyspieszy\u0142  by\u0142 sojusz PiS \u2013 LPR, by\u0142a IV RP i jest strach przed jej recydyw\u0105. Ten strach pom\u00f3g\u0142 wygra\u0107 wybory Platformie i Komorowskiemu. Gdyby nie IV RP \u2013 kandydat tak ma\u0142o charyzmatyczny jak B.K. nie m\u00f3g\u0142by wygra\u0107 wybor\u00f3w. Wszystko to zbieg\u0142o si\u0119 z Wawelem i z krzy\u017cem na Krakowskim. Coraz wi\u0119cej ludzi m\u00f3wi \u201edo\u015b\u0107\u201d.<\/p>\n<p>\u201eJu\u017c emisja filmu \u2018Solidarni 2010\u2019, pokazuj\u0105cego bez os\u0142onek spos\u00f3b widzenia \u015bwiata przez niekt\u00f3rych aktywnych zwolennik\u00f3w zmar\u0142ego prezydenta i jego brata, by\u0142a dzwonkiem alarmowym dla wszystkich, kt\u00f3rym niemi\u0142a by\u0142a my\u015bl o recydywie IV RP w jakiej\u015b nowej postsmole\u0144skiej wariacji. Potem przysz\u0142a kontrowersyjna decyzja o pochowaniu pary prezydenckiej na Wawelu, w podj\u0119ciu kt\u00f3rej decyduj\u0105ca rol\u0119 odegra\u0142y nie konstytucyjne w\u0142adz RP, ale hierarchia Ko\u015bcio\u0142a katolickiego. Wreszcie kampania prezydencka, prowadzona w cieniu katastrofy i narodowej martyrologii, z bezprecedensowym \u2013 nawet jak na polskie obyczaje \u2013 zaanga\u017cowaniem kleru katolickiego po stronie jednego z kandydat\u00f3w\u201d \u2013 pisze dr Jacek Kucharczyk, socjolog, prezes Instytutu Spraw Publicznych. <\/p>\n<p>Zgadzam si\u0119 z autorem, kt\u00f3ry twierdzi, \u017ce 9\/10 sierpnia na Krakowskim Przedmie\u015bciu  zebrali si\u0119 obro\u0144cy \u0142adu konstytucyjnego, bezskutecznie dotychczas marginalizowani przez narodowo-katolicka prawic\u0119, i \u015brodowiska konserwatywno-liberalne (czytaj: PiS i Platform\u0119). Coraz cz\u0119\u015bciej kwestionowany jest \u201ekompromis\u201d aborcyjny i uto\u017csamianie warto\u015bci z warto\u015bciami katolickimi.  J\u0119zyk polskiego dyskursu publicznego \u201ezmienia si\u0119 powoli, ale chyba nieodwracalnie\u201d. Ogromn\u0105 rol\u0119 odegra\u0142y w tym feministki, obro\u0144cy praw kobiet i mniejszo\u015bci seksualnych. Coraz bardziej otwarcie  dyskutuje si\u0119 o obecno\u015bci religii katolickiej w \u017cyciu publicznym, czy o wp\u0142ywie Ko\u015bcio\u0142a na polityk\u0119. \u201eLudzi zadaj\u0105cych takie pytania nie da si\u0119 ju\u017c sprowadzi\u0107 \u2013 jak jeszcze niedawno \u2013 do pozycji \u2018lewackich oszo\u0142om\u00f3w\u2019\u201d \u2013 pisze Kucharczyk. Ju\u017c sam fakt, \u017ce takie g\u0142osy coraz cz\u0119\u015bciej si\u0119 rozlegaj\u0105 (i to na \u0142amach \u201eRz.\u201d), \u015bwiadczy, \u017ce co\u015b si\u0119 zmienia. Przyczyn jest wiele \u2013 \u201eszkodliwy\u201d wp\u0142yw Europy, rozw\u00f3j gospodarki i o\u015bwiaty, Internet, ale tak\u017ce IV RP, TVP, film \u201eSolidarni 2010\u201d, Wawel, no i  walka krzy\u017cem z wynikami wybor\u00f3w 2007 i 2010.  By\u0107 mo\u017ce nied\u0142ugo, \u017ceby \u017cy\u0107 w normalnym kraju, nie trzeba b\u0119dzie wyje\u017cd\u017ca\u0107.<\/p>\n<p>LEWY POLAK: Dzi\u0119ki za pomys\u0142owy list do Pana Boga w sprawie Gorbaczowa.<br \/>\nRYBA 25: Dzi\u0119ki za przypomnienie moich reporta\u017cy z Hiszpanii w czasach Franco i aluzji do kultu I sekretarza KC w Polsce.<br \/>\nJASNY GWINT: Sk\u0105d wiadomo, \u017ce p. \u015aniadek zarabia 16 tys. PLN? Je\u017celi to prawda, to przynajmniej tego mo\u017cna mu pozazdro\u015bci\u0107.<br \/>\nET I INNI \u2013 Bardzo \u017ca\u0142uj\u0119, ale nigdy nie by\u0142em stypendyst\u0105 Fullbrighta. Lista stypendyst\u00f3w zapewne jest do odnalezienia na odpowiedniej stronie w Internecie.<br \/>\nWODNIK 53, JASNY GWINT, TJ \u2013 Zgoda, artyku\u0142 Karaganowa (\u201eGW\u201d 28.VIII) \u2013 interesuj\u0105cy, je\u017celi do tego doda\u0107 artyku\u0142 \u0141awrowa (1.IX) to wida\u0107, \u017ce co\u015b si\u0119 w rosyjskiej polityce zmienia. Z tego co wiem, ani jeden ani drugi nie pisz\u0105 na w\u0142asn\u0105 r\u0119k\u0119.  <\/p>\n<p>1 000 000 !!!<\/p>\n<p>Drogie Blogowisko, Blogowiczki i Blogowicze!<\/p>\n<p>Od pocz\u0105tku roku przekroczyli\u015bmy ju\u017c na tym blogu milion ods\u0142on !!! (W ca\u0142ym ubieg\u0142ym roku by\u0142o ich 850 tys.). Serdecznie wszystkim dzi\u0119kuj\u0119 i gratuluj\u0119 \u2013 Blogowiczom w Polsce  i rozsianym po ca\u0142ym \u015bwiecie (z wyj\u0105tkiem Grenlandii, Mongolii i KRLD),  Moderatorom, \u201ePolityce\u201d \u2013 zw\u0142aszcza Dzia\u0142owi Internetowemu i wszystkim Przyjacio\u0142om  naszego bloga. Dzi\u0119kuj\u0119 za ju\u017c i prosz\u0119 o jeszcze. Podejmijcie has\u0142o Jaros\u0142awa Kaczy\u0144skiego: \u201eChcemy wi\u0119cej!\u201d <\/p>\n","protected":false},"excerpt":{"rendered":"<p>Podczas wczorajszej rozmowy telewizyjnej (31 VIII, Superstacja) Kazimiera Szczuka stwierdzi\u0142a, \u017ce lewicowy dyskurs polityczny w Polsce zaczyna si\u0119 odradza\u0107, a nawet dominowa\u0107. \u2013 Przez ostatnie lata ton nadawa\u0142a prawica, ale to zaczyna si\u0119 zmienia\u0107 \u2013 powiedzia\u0142a znana feministka i dzia\u0142aczka lewicowa. W podobny tonie utrzymany by\u0142 tego samego dnia artyku\u0142 Jacka Kucharczyka, socjologa, w \u201eRz.\u201d [&hellip;]<\/p>\n","protected":false},"author":4,"featured_media":0,"comment_status":"open","ping_status":"open","sticky":false,"template":"","format":"standard","meta":{"footnotes":""},"categories":[1],"tags":[],"_links":{"self":[{"href":"https:\/\/blog.polityka.pl\/passent\/wp-json\/wp\/v2\/posts\/746"}],"collection":[{"href":"https:\/\/blog.polityka.pl\/passent\/wp-json\/wp\/v2\/posts"}],"about":[{"href":"https:\/\/blog.polityka.pl\/passent\/wp-json\/wp\/v2\/types\/post"}],"author":[{"embeddable":true,"href":"https:\/\/blog.polityka.pl\/passent\/wp-json\/wp\/v2\/users\/4"}],"replies":[{"embeddable":true,"href":"https:\/\/blog.polityka.pl\/passent\/wp-json\/wp\/v2\/comments?post=746"}],"version-history":[{"count":0,"href":"https:\/\/blog.polityka.pl\/passent\/wp-json\/wp\/v2\/posts\/746\/revisions"}],"wp:attachment":[{"href":"https:\/\/blog.polityka.pl\/passent\/wp-json\/wp\/v2\/media?parent=746"}],"wp:term":[{"taxonomy":"category","embeddable":true,"href":"https:\/\/blog.polityka.pl\/passent\/wp-json\/wp\/v2\/categories?post=746"},{"taxonomy":"post_tag","embeddable":true,"href":"https:\/\/blog.polityka.pl\/passent\/wp-json\/wp\/v2\/tags?post=746"}],"curies":[{"name":"wp","href":"https:\/\/api.w.org\/{rel}","templated":true}]}}