
{"id":747,"date":"2010-09-05T18:34:17","date_gmt":"2010-09-05T16:34:17","guid":{"rendered":"http:\/\/passent.blog.polityka.pl\/?p=747"},"modified":"2010-09-05T18:34:17","modified_gmt":"2010-09-05T16:34:17","slug":"ani-mru-mru","status":"publish","type":"post","link":"https:\/\/blog.polityka.pl\/passent\/2010\/09\/05\/ani-mru-mru\/","title":{"rendered":"Ani mru mru"},"content":{"rendered":"<p>Wyrzucili Witolda Waszczykowskiego, by\u0142ego wiceministra Spraw Zagranicznych (p\u00f3\u017aniej w Kancelarii prezydenta Kaczy\u0144skiego)  z MSZ i Marka Migalskiego z klubu europos\u0142\u00f3w PiS.  Obaj dadz\u0105 sobie rad\u0119. Pierwszy jako ekspert polityczny w okolicach PiS, drugi jako komentator. Warto zobaczy\u0107 za co i sk\u0105d si\u0119 dzi\u015b wylatuje.<\/p>\n<p>WASZCZYKOWSKI, jako do\u015bwiadczony (od 1992 r.) dyplomata, powinien wiedzie\u0107, \u017ce dyplomacja ka\u017cdego pa\u0144stwa musi przemawia\u0107 jednym g\u0142osem. Zamiast tego uprawia\u0142 w\u0142asn\u0105 polityk\u0119, by\u0142 w otwartej wojnie z ministerstwem Sikorskiego, za co w nagrod\u0119 przeszed\u0142 do Kancelarii Prezydenta Kaczy\u0144skiego. <\/p>\n<p>Polityka zagraniczna, jak wszystko, mo\u017ce by\u0107,  powinna by\u0107 i jest przedmiotem dyskusji, patrz np. rozmaite publikacje na temat stosunk\u00f3w z Rosj\u0105 (np. ostry artyku\u0142  M. Czecha o fatalnej polityce wschodniej, GW 5.IX), stosunk\u00f3w z Uni\u0105 Europejsk\u0105, czy naszej misji w Afganistanie. Je\u017celi Waszczykowski lubi debaty publiczne i prac\u0119 naukow\u0105, to powinien odej\u015b\u0107 ze s\u0142u\u017cby i krytykowa\u0107 jak inni. Nie mo\u017ce by\u0107 jednak tak, \u017ce b\u0119d\u0105c negocjatorem w sprawie systemu antyrakietowego, jednocze\u015bnie krytykuje polskie stanowisko,  b\u0119d\u0105c czynnym dyplomat\u0105 jednocze\u015bnie recenzuje polsk\u0105 dyplomacj\u0119 i nie cieszy si\u0119 zaufaniem centrali. Dyplomata musi by\u0107 wiarygodny, nie mo\u017ce by\u0107 tak, \u017ce negocjator drugiej strony nie wie, czyje pogl\u0105dy wyra\u017ca jego polski rozm\u00f3wca \u2013 oficjalne? prywatne? opozycyjne?<\/p>\n<p>Po wyborach prezydenckich,  W.W., polityk (a nie tylko dyplomata) zbli\u017cony do PiS, odszed\u0142 z Kancelarii Prezydenta i chcia\u0142 wr\u00f3ci\u0107 do MSZ, gdzie by\u0142 wiceministrem (ostatnio przebywa\u0142 na urlopie bezp\u0142atnym). Zamiast serdecznego powitania otrzyma\u0142 na Szucha zwolnienie. W rozmowie z \u201eRz.\u201d W.W. jest roz\u017calony, zdziwiony, \u017ce w ten spos\u00f3b podzi\u0119kowano mu za prac\u0119, \u201enie widzia\u0142em, \u017ceby by\u0142ego wiceministra wyrzucano z pracy w ten spos\u00f3b\u201d \u2013 m\u00f3wi. Ale chyba nie pami\u0119ta, w jaki spos\u00f3b (i to w dodatku nies\u0142usznie) wylecia\u0142 z pracy u Tuska  np. minister Sprawiedliwo\u015bci, znany i ceniony prof. \u0106wi\u0105kalski, jak wylecia\u0142 pewien wiceminister Zdrowia w rz\u0105dzie J.K. Bieleckiego i inni.<\/p>\n<p>Obyczaje faktycznie nie s\u0105 najlepsze, ale nie dziwi\u0119 si\u0119, \u017ce nikt w MSZ nie zorganizowa\u0142 akademii po\u017cegnalnej ku czci W.W. Oskar\u017ca on rz\u0105d i ministerstwo o \u201ezemst\u0119\u201d  za wywiad, jakiego udzieli\u0142 w 2008 r., polityk\u0119 rz\u0105du uznaje za \u201enies\u0142uszn\u0105 i nierealn\u0105\u201d, utrzymuje, \u017ce stosunki z USA bez niego si\u0119 pogorszy\u0142y, ma za z\u0142e oszcz\u0119dno\u015bci, z powodu kt\u00f3rych likwidowane s\u0105 (bez entuzjazmu) niekt\u00f3re mniej wa\u017cne plac\u00f3wki zagranic\u0105 , dyskwalifikuje otoczenie obecnego prezydenta, krytykuje podr\u00f3\u017c Bronis\u0142awa Komorowskiego do Brukseli, Pary\u017ca i Berlina, gdy\u017c jego zdaniem trzeba by\u0142o nie jecha\u0107 do urz\u0119dnik\u00f3w brukselskich, tylko do \u201ewa\u017cnych stolic\u201d (jak gdyby Pary\u017c i Berlin nie by\u0142y wa\u017cne), nie rozumie, \u017ce pozostawienie \u015bledztwa w\/s katastrofy smole\u0144skiej \u2013 zgodnie z prawem \u2013 stronie rosyjskiej, przy pe\u0142nym udziale strony polskiej, pozwala na bardziej apolityczne dochodzenie ni\u017c gdyby opanowa\u0142a je tylko Polska.<\/p>\n<p>Wreszcie b. wiceminister oskar\u017ca Platform\u0119 o zamach na Lecha Kaczy\u0144skiego: \u201eWidz\u0119 natomiast wielu polityk\u00f3w partii rz\u0105dz\u0105cej, kt\u00f3rym taka sytuacja odpowiada, bo POZBYLI SI\u0118 WROGA. (Podkr. Pass). Bo Platforma Obywatelska prezydenta Kaczy\u0144skiego traktowa\u0142a nie jako konkurenta, przeciwnika politycznego, ale jako wroga, KT\u00d3REGO TRZEBA SI\u0118 POZBY\u0106\u201d. (Rz. 3.IX). Je\u017celi mamy tak rozumowa\u0107, to czego \u017cyczy J.K. tym, co stoj\u0105 tam, gdzie sta\u0142o ZOMO? Czego \u017cyczy Komorowskiemu, o kt\u00f3rym m\u00f3wi, \u017ce zosta\u0142 wybrany \u201eprzez nieporozumienie\u201d? Czego \u017cyczy Tuskowi, z kt\u00f3rym si\u0119 nie wita?  Waszczykowski m\u00f3wi j\u0119zykiem Macierewicza, a ten jest got\u00f3w okre\u015bli\u0107 wi\u0119kszo\u015b\u0107 ministr\u00f3w SZ jako agent\u00f3w. Dla takich ludzi nie powinno by\u0107 miejsca w MSZ. <\/p>\n<p>W sumie W.W. to kompromitacja, z\u0142o\u015b\u0107 i niekompetencja. S\u0142usznie go wylano. I  nie dziwi\u0119 si\u0119, \u017ce w wywiadzie dla \u201eRz.\u201d W.W. og\u0142asza, i\u017c ma wielu znajomych w PiS, kt\u00f3rzy udzielili mu wsparcia i \u201ejak to si\u0119 sko\u0144czy nie wiem\u201d. Mo\u017ce z czasem zajmie miejsce Marka Migalskiego w Parlamencie Europejskim?<\/p>\n<p>MIGALSKI MAREK s\u0142usznie zosta\u0142 wykluczony z klubu eurodeputowanych PiS. Prawo i Sprawiedliwo\u015b\u0107 to nie jest klub dyskusyjny. Nie o taka Polsk\u0119 prezes walczy\u0142. Dr Migalski dobrze wiedzia\u0142, do jakiej partii si\u0119 przyklei\u0142. Dla prezesa PiS ka\u017cda krytyka publiczna to nielojalno\u015b\u0107, zmowa, konspira. Je\u017celi panowie Waszczykowski i Migalski lubi\u0105 dyskutowa\u0107, to nic nie stoi na przeszkodzie, \u017ceby sobie uprawiali dyskurs jako bezpartyjni. Je\u017celi Waszczykowski s\u0105dzi, \u017ce w PiS sobie pogada i b\u0119dzie m\u00f3g\u0142 stroi\u0107 miny do prezesa, to niech si\u0119 zapyta Marka Migalskiego jak to si\u0119 ko\u0144czy.  M.M. b\u0142\u0119dnie s\u0105dzi\u0142, \u017ce wystarczy z ca\u0142ego serca popiera\u0107 parti\u0119 i prezesa, wystarczy by\u0107 \u015blepym i g\u0142uchym na argumenty krytyk\u00f3w PiS i \u201einteligenta z \u017boliborza\u201d,  wystarczy uznawa\u0107 t\u0119 krytyk\u0119 za \u201ehisteryczn\u0105 nagonk\u0119\u201d ze strony \u201euk\u0142adu\u201d, wystarczy w li\u015bcie otwartym napisa\u0107, jaki pan prezes jest \u015bliczny i m\u0105dry, \u017ceby dosta\u0107 zgod\u0119 na publiczn\u0105 krytyk\u0119 prezesa. <\/p>\n<p>PiS jest parti\u0105 wodzowsk\u0105, zamordystyczn\u0105, i w sferze ra\u017cenia tej  partii  nie ma  miejsca dla odpowiednik\u00f3w pisowskiego Gowina czy Palikota, dla Dorna, Jurka, Migalskiego, chyba, \u017ce stoj\u0105 w k\u0105cie, jak Kluzik-Rostkowska czy Poncyljusz. Pod tym wzgl\u0119dem PiS jest gorszy od Platformy, gdzie te\u017c zabrak\u0142o miejsca dla dw\u00f3ch tenor\u00f3w, a potem dla Rokity. Je\u017celi Migalski uwa\u017ca\u0142, \u017ce Prawo i Sprawiedliwo\u015b\u0107 jest klubem dyskusyjnym, to skompromitowa\u0142 si\u0119 jako polityk i jako politolog. Ca\u0142e to podkre\u015blanie, jak ceni prezesa, ca\u0142a ta wazelina, jak\u0105 ocieka jego list otwarty, na nic si\u0119 zda\u0142y. Merytorycznie Migalski mia\u0142 wiele racji, powtarza zreszt\u0105 krytyk\u0119 prezesa, jaka dobiega\u0142a z r\u00f3\u017cnych stron (za zamian\u0119 ga\u0142\u0105zki oliwnej na zatrute strza\u0142y i inne numery), ale w\u0142a\u015bnie dlatego, \u017ce M.M. zebra\u0142 i powt\u00f3rzy\u0142 pogl\u0105dy rozpowszechnione \u2013 musia\u0142 dosta\u0107 po \u0142apach. Gdyby by\u0142 w swoim li\u015bcie oryginalny, a jego opinie \u2013 odosobnione, mia\u0142 by szanse ocale\u0107. Ale prezes nie widzia\u0142 innego wyj\u015bcia &#8211; musia\u0142 Migalskiego przyk\u0142adnie ukara\u0107, \u017ceby zapewni\u0107 sobie bezwzgl\u0119dne pos\u0142usze\u0144stwo i ani mru-mru. Teraz b\u0119dzie opowiada\u0142, \u017ce pos\u0142a\u0142 go do Parlamentu Europejskiego \u201eprzez nieporozumienie\u201d.<\/p>\n<p>PS. Od nowego roku mamy ju\u017c na tym blogu ponad milion ods\u0142on. Wszystkim dzi\u0119kuj\u0119,  popieram has\u0142o Jaros\u0142awa Kaczy\u0144skiego \u201eChcemy wi\u0119cej!\u201d<\/p>\n","protected":false},"excerpt":{"rendered":"<p>Wyrzucili Witolda Waszczykowskiego, by\u0142ego wiceministra Spraw Zagranicznych (p\u00f3\u017aniej w Kancelarii prezydenta Kaczy\u0144skiego) z MSZ i Marka Migalskiego z klubu europos\u0142\u00f3w PiS. Obaj dadz\u0105 sobie rad\u0119. Pierwszy jako ekspert polityczny w okolicach PiS, drugi jako komentator. Warto zobaczy\u0107 za co i sk\u0105d si\u0119 dzi\u015b wylatuje. WASZCZYKOWSKI, jako do\u015bwiadczony (od 1992 r.) dyplomata, powinien wiedzie\u0107, \u017ce dyplomacja [&hellip;]<\/p>\n","protected":false},"author":4,"featured_media":0,"comment_status":"open","ping_status":"open","sticky":false,"template":"","format":"standard","meta":{"footnotes":""},"categories":[1],"tags":[],"_links":{"self":[{"href":"https:\/\/blog.polityka.pl\/passent\/wp-json\/wp\/v2\/posts\/747"}],"collection":[{"href":"https:\/\/blog.polityka.pl\/passent\/wp-json\/wp\/v2\/posts"}],"about":[{"href":"https:\/\/blog.polityka.pl\/passent\/wp-json\/wp\/v2\/types\/post"}],"author":[{"embeddable":true,"href":"https:\/\/blog.polityka.pl\/passent\/wp-json\/wp\/v2\/users\/4"}],"replies":[{"embeddable":true,"href":"https:\/\/blog.polityka.pl\/passent\/wp-json\/wp\/v2\/comments?post=747"}],"version-history":[{"count":0,"href":"https:\/\/blog.polityka.pl\/passent\/wp-json\/wp\/v2\/posts\/747\/revisions"}],"wp:attachment":[{"href":"https:\/\/blog.polityka.pl\/passent\/wp-json\/wp\/v2\/media?parent=747"}],"wp:term":[{"taxonomy":"category","embeddable":true,"href":"https:\/\/blog.polityka.pl\/passent\/wp-json\/wp\/v2\/categories?post=747"},{"taxonomy":"post_tag","embeddable":true,"href":"https:\/\/blog.polityka.pl\/passent\/wp-json\/wp\/v2\/tags?post=747"}],"curies":[{"name":"wp","href":"https:\/\/api.w.org\/{rel}","templated":true}]}}