
{"id":748,"date":"2010-09-08T22:29:17","date_gmt":"2010-09-08T20:29:17","guid":{"rendered":"http:\/\/passent.blog.polityka.pl\/?p=748"},"modified":"2010-09-08T22:29:17","modified_gmt":"2010-09-08T20:29:17","slug":"pomnik-jaroslawa","status":"publish","type":"post","link":"https:\/\/blog.polityka.pl\/passent\/2010\/09\/08\/pomnik-jaroslawa\/","title":{"rendered":"Pomnik Jaros\u0142awa"},"content":{"rendered":"<p>WIELKA CZYSTKA &#8211; ZAWIESZENIE EL\u017bBIETY JAKUBIAK w prawach cz\u0142onkini PiS to dobra nowina. Im wi\u0119cej ofiar w PiS tym ta partia s\u0142absza, a zagro\u017cenie jakie stwarza dla demokracji \u2013 mniejsze. Niech si\u0119 wzajemnie wym\u0142\u00f3c\u0105. Szale\u0144stwo, ob\u0142\u0119d, amok \u2013 to tylko niekt\u00f3re okre\u015blenia, jakie nasuwaj\u0105 si\u0119 na my\u015bl o prezesie PiS. Zgadzam si\u0119 z Grzegorzem Schetyn\u0105, kiedy m\u00f3wi, jakie to szcz\u0119\u015bcie, \u017ce Jaros\u0142aw Kaczy\u0144ski nie zosta\u0142 g\u0142ow\u0105 pa\u0144stwa, i jakie to smutne, \u017ce by\u0142 tak blisko celu,  \u017ce popar\u0142o go 8 milion\u00f3w ludzi.<\/p>\n<p>Po usuni\u0119ciu Marka Migalskiego z grona eurodeputowanych PiS, po obsesyjnym na punkcie \u201elojalno\u015bci\u201d (czytaj: bezwarunkowego pos\u0142usze\u0144stwa) i medi\u00f3w  li\u015bcie do cz\u0142onk\u00f3w PiS, po bredniach o kondominium rosyjsko-niemieckim, mamy zawieszenie El\u017cbiety Jakubiak \u2013 jednej z najbli\u017cszych wsp\u00f3\u0142pracowniczek braci Kaczy\u0144skich, jednej z autorek udanej kampanii prezesa. Osoby bezgranicznie oddanej braciom Kaczy\u0144skim, kt\u00f3rych broni\u0142a do upad\u0142ego, ryzykuj\u0105c utrat\u0105 twarzy. Jej niez\u0142omno\u015b\u0107 mog\u0142a budzi\u0107 uznanie. A teraz okazuje si\u0119, ze jest zawieszona \u201eza postaw\u0119\u201d. Lepsz\u0105 postaw\u0119 z punktu widzenia partii trudno sobie wyobrazi\u0107. <\/p>\n<p>Decyzja J.K. stawia w  trudnej sytuacji nie tylko Joann\u0119 Kluzik-Rostkowsk\u0105,  ale tak\u017ce co bardziej inteligentnych dzia\u0142aczy PiS, w tym \u201emuzealnik\u00f3w\u201d, Paw\u0142a Kowala i innych. \u017beby byli nie wiem jak elastyczni, musz\u0105 by\u0107 \u015bwiadomi tego, co wyprawia prezes. Mimo, \u017ce El\u017cbiet\u0119 Jakubiak spotka\u0142a niew\u0105tpliwa krzywda, mimo, \u017ce decyzje prezesa to rozpaczliwa pr\u00f3ba zachowania autorytarnej w\u0142adzy nad parti\u0105, pami\u0119tajmy, \u017ce nie ma tego z\u0142ego, co by na dobre nie wysz\u0142o. Coraz wi\u0119cej os\u00f3b za\u015blepionych w PiS i w prezesie, zrozumie, \u017ce Jaros\u0142aw Kaczy\u0144ski stanowi zagro\u017cenie dla demokracji ju\u017c nie tylko w swoim najbli\u017cszym otoczeniu, ale w ca\u0142ym kraju. Cz\u0142owiek, kt\u00f3ry tak ch\u0119tnie si\u0119ga po bat, kt\u00f3ry nie wie, co to wdzi\u0119czno\u015b\u0107 (przypomnijmy, jak powo\u0142a\u0142, a nast\u0119pnie wyrzuci\u0142 z TVP nawet Bronis\u0142awa Wildsteina), tak samo rz\u0105dzi\u0142by Polsk\u0105, gdyby dosta\u0142 w\u0142adz\u0119. Bezgraniczne zaufanie do prezesa, jakim  do ostatniej chwili, ju\u017c po wyroku, wykazali si\u0119 Migalski i Jakubiak, przypomina czasy wielkiej czystki, fanatyczne oddanie komunist\u00f3w, kt\u00f3rzy szli na \u015bmier\u0107 z okrzykiem \u201eNiech \u017cyje Stalin!\u201d <\/p>\n<p>Prezes, jak przysta\u0142o na fanatyka, zjada swoje w\u0142asne dzieci. Nikomu nie ufa, jest podejrzliwy i okrutny, jak najgorszy satrapa. Nawet jego najwierniejsi pretorianie nie s\u0105 wolni od podejrze\u0144. Nawet najwi\u0119ksza gorliwo\u015b\u0107 nie daje ju\u017c alibi.  By\u0107 mo\u017ce to jest ju\u017c walka o w\u0142adz\u0119 w PiS \u2013 Ziobro (i Kurski) contra \u201elibera\u0142owie\u201d. Walka o sched\u0119? Jaka sched\u0119? Scheda kurczy si\u0119 w oczach, a po przegranych wyborach mo\u017ce jej ju\u017c w og\u00f3le nie by\u0107, bo to, co wyprawia prezes, to naganianie wyborc\u00f3w PSL i SLD. Przed prawic\u0105 trudne dni. Donald Tusk powinien postawi\u0107 pomnik Kaczy\u0144skiemu. Jaros\u0142awowi.<\/p>\n<p>Niekt\u00f3rzy blogowicze maj\u0105 za z\u0142e ci\u0105g\u0142e pisanie o PiS i o prezesie, podczas kiedy rz\u0105d podni\u00f3s\u0142 VAT, zmniejsza zasi\u0142ek pogrzebowy itp. Ale co robi\u0107, kiedy opozycja zamiast Polsk\u0105 \u2013 zajmuje si\u0119 sob\u0105. Dziej\u0105 si\u0119 rzeczy nie mniej wa\u017cne ni\u017c VAT \u2013 s\u0142abnie zagro\u017cenie dla demokracji, a Janusz Palikot wzywa do takiej naprawy \u017cycia politycznego, \u017ceby ju\u017c \u017cadna partia nie mog\u0142a by\u0107 rz\u0105dzona przez prezesa \u2013 satrap\u0119.  Tak\u017ce Platforma. Dziej\u0105 si\u0119 rzeczy nie mniej wa\u017cne ni\u017c zasi\u0142ek pogrzebowy. By\u0107 mo\u017ce zbli\u017ca si\u0119 pogrzeb pewnego modelu \u017cycia partyjnego. Na jego grobie m\u00f3g\u0142by stan\u0105\u0107 pomnik Jaros\u0142awa.<br \/>\n. <\/p>\n","protected":false},"excerpt":{"rendered":"<p>WIELKA CZYSTKA &#8211; ZAWIESZENIE EL\u017bBIETY JAKUBIAK w prawach cz\u0142onkini PiS to dobra nowina. Im wi\u0119cej ofiar w PiS tym ta partia s\u0142absza, a zagro\u017cenie jakie stwarza dla demokracji \u2013 mniejsze. Niech si\u0119 wzajemnie wym\u0142\u00f3c\u0105. Szale\u0144stwo, ob\u0142\u0119d, amok \u2013 to tylko niekt\u00f3re okre\u015blenia, jakie nasuwaj\u0105 si\u0119 na my\u015bl o prezesie PiS. Zgadzam si\u0119 z Grzegorzem Schetyn\u0105, [&hellip;]<\/p>\n","protected":false},"author":4,"featured_media":0,"comment_status":"open","ping_status":"open","sticky":false,"template":"","format":"standard","meta":{"footnotes":""},"categories":[1],"tags":[],"_links":{"self":[{"href":"https:\/\/blog.polityka.pl\/passent\/wp-json\/wp\/v2\/posts\/748"}],"collection":[{"href":"https:\/\/blog.polityka.pl\/passent\/wp-json\/wp\/v2\/posts"}],"about":[{"href":"https:\/\/blog.polityka.pl\/passent\/wp-json\/wp\/v2\/types\/post"}],"author":[{"embeddable":true,"href":"https:\/\/blog.polityka.pl\/passent\/wp-json\/wp\/v2\/users\/4"}],"replies":[{"embeddable":true,"href":"https:\/\/blog.polityka.pl\/passent\/wp-json\/wp\/v2\/comments?post=748"}],"version-history":[{"count":0,"href":"https:\/\/blog.polityka.pl\/passent\/wp-json\/wp\/v2\/posts\/748\/revisions"}],"wp:attachment":[{"href":"https:\/\/blog.polityka.pl\/passent\/wp-json\/wp\/v2\/media?parent=748"}],"wp:term":[{"taxonomy":"category","embeddable":true,"href":"https:\/\/blog.polityka.pl\/passent\/wp-json\/wp\/v2\/categories?post=748"},{"taxonomy":"post_tag","embeddable":true,"href":"https:\/\/blog.polityka.pl\/passent\/wp-json\/wp\/v2\/tags?post=748"}],"curies":[{"name":"wp","href":"https:\/\/api.w.org\/{rel}","templated":true}]}}