
{"id":749,"date":"2010-09-12T18:56:47","date_gmt":"2010-09-12T16:56:47","guid":{"rendered":"http:\/\/passent.blog.polityka.pl\/?p=749"},"modified":"2010-09-14T13:22:44","modified_gmt":"2010-09-14T11:22:44","slug":"pepek-swiata","status":"publish","type":"post","link":"https:\/\/blog.polityka.pl\/passent\/2010\/09\/12\/pepek-swiata\/","title":{"rendered":"P\u0119pek \u015bwiata"},"content":{"rendered":"<p>Legendarny jest tytu\u0142 z londy\u0144skiego The  Times: \u201eBurza nad Kana\u0142em La Manche. Kontynent odci\u0119ty\u201d. Przypomnia\u0142em sobie o tym, czytaj\u0105c w \u201eRz.\u201d (10 IX) informacj\u0119 pt.<br \/>\n\u201eStrategia PiS: odci\u0105\u0107 media od informacji\u201d Z notatki dowiadujemy si\u0119, \u017ce zdaniem prezesa Kaczy\u0144skiego media s\u0105 \u201esi\u0142\u0105, kt\u00f3ra ma rozbi\u0107 PiS\u201d.  Informacje dla dziennikarzy o planach PiS maj\u0105 wi\u0119c od teraz zosta\u0107 ograniczone do konferencji prasowych i o\u015bwiadcze\u0144 szefa klubu czy rzecznika. Nowa strategia komunikacji zak\u0142ada ograniczenie dost\u0119pu medi\u00f3w do informacji o dzia\u0142aniach Komitetu Politycznego PiS. Pose\u0142 Wojciech Jasi\u0144ski, bliski wsp\u00f3\u0142pracownik prezesa, t\u0142umaczy: \u201eNiekt\u00f3rzy koledzy mieli zwyczaj papla\u0107 na lewo i na prawo o naszych planach i nic dobrego z tego nie wysz\u0142o\u201d.<\/p>\n<p>Tak jak Europa zosta\u0142a odci\u0119ta od Wielkiej Brytanii, kiedy ta by\u0142a p\u0119pkiem  \u015bwiata, tak teraz od p\u0119pka \u015bwiata maj\u0105 zosta\u0107 odci\u0119te media. P\u0119pek \u015bwiata, czyli prezes JK, od dawna nie cierpi medi\u00f3w, a mimo to ma talent do nieustannego zaprz\u0105tania ich uwagi swoj\u0105 osob\u0105. Ja sam si\u0119 dziwi\u0119, ile ju\u017c o nim napisa\u0142em. Nie tak dawno mia\u0142 do dyspozycji prawdziwe imperium medialne \u2013 od publicznej telewizji i radia, poprzez \u201eRadio Maryja\u201d,  po rozmaite gazety i czasopisma, \u201eDziennik\u201d, \u201eRzeczpospolit\u0105\u201d, \u201eGazet\u0119 Polsk\u0105\u201d, \u201eNasz Dziennik\u201d , \u201eWprost\u201d i inne. I tego by\u0142o mu ma\u0142o. Ci\u0105gle nie mia\u0142 wszystkiego, stale narzeka\u0142 na media, kt\u00f3re stara\u0142 si\u0119 po swojemu kara\u0107, np. bojkotuj\u0105c TVN i Superstacj\u0119. Wi\u0119cej jednak na tym straci\u0142 ni\u017c zyska\u0142, wi\u0119c si\u0119 z bojkotu wycofa\u0142.  Media krytyczne wobec PiS,  takie jak \u201ePolityka\u201d &#8211;  mimo wielu wysi\u0142k\u00f3w &#8211; nie  mog\u0105 liczy\u0107 na wywiad z p\u0119pkiem \u015bwiata. Do niedawna zaszczyt ten spotyka\u0142 \u201eRzeczpospolit\u0105\u201d, ale i ona zdradzi\u0142a, przesz\u0142a na stron\u0119 paszkwilant\u00f3w.<\/p>\n<p>Jaki\u015b dociekliwy publicysta powinien opisa\u0107 jak topnia\u0142o imperium prasowe,  kt\u00f3rego centrum stanowi\u0142 p\u0119pek \u015bwiata \u2013 jak zbankrutowa\u0142 zakochany w prezesie i grubo smarowany  przez koncern Springera \u201eDziennik\u201d, z plejad\u0105 takich publicyst\u00f3w jak Robert Krasowski, Cezary Michalski, Micha\u0142 Karnowski, Piotr Zaremba, jak szed\u0142 na dno tygodnik \u201eWprost\u201d z Markiem Kr\u00f3lem i Stanis\u0142awem Janeckim na mostku kapita\u0144skim, jak wreszcie zmieni\u0142a kurs \u201eRzeczpospolita\u201d, kiedy redaktor naczelny P. Lisicki spojrza\u0142 po nowemu na prezesa. Prezes nie cierpi medi\u00f3w, poniewa\u017c nie cierpi krytyki, nie znosi pogl\u0105d\u00f3w innych ni\u017c swoje, nie znosi opozycji wobec swojej polityki, a media z natury s\u0105 nieufne, podejrzliwe, krytyczne, niesprawiedliwe.<\/p>\n<p>Do niedawna, zwolennicy PIS w mediach, ka\u017cd\u0105 krytyk\u0119 tej partii i obu jej przyw\u00f3dc\u00f3w okre\u015blali jako \u201ehisteri\u0119\u201d, \u201ebezprzyk\u0142adn\u0105 nagonk\u0119\u201d, \u201efuriacki atak\u201d, kt\u00f3rego \u017ar\u00f3de\u0142 upatrywali  nawet w rodowodzie (KPP?), czy w podejrzanym pochodzeniu (TVN) w\u0142a\u015bcicieli. \u201eBezprzyk\u0142adne ataki\u201d na PiS mia\u0142y wynika\u0107 z powi\u0105za\u0144 agenturalnych, ze strachu przed \u201emoralnym wzmo\u017ceniem\u201d, z interes\u00f3w i dzia\u0142a\u0144 wszechobecnego \u201euk\u0142adu\u201d. Je\u017celi to by\u0142a prawda, to co powiedzie\u0107 o bezprzyk\u0142adnej nagonce na prezesa, jak\u0105 od pewnego czasu  prowadzi wierna mu do niedawna \u201eRzeczpospolita\u201d? Na jednej tylko stronie tego dziennika (10 IX) znajdujemy:<\/p>\n<p>Komentarz Piotra Semki (zjad\u0142 z\u0119by na  prawicy)  pt. \u201eKuchnia prezesa Kaczy\u0144skiego\u201d, w kt\u00f3rym czytamy m.in: \u201eDlaczego Kaczy\u0144ski zareagowa\u0142 tak ostro na do\u015b\u0107 nie\u015bmia\u0142\u0105 rozmow\u0119 o taktyce partii, jak\u0105 by\u0142a minister (Jakubiak) rozpocz\u0119\u0142a w jednym z wywiad\u00f3w. (\u2026) Kaczy\u0144ski przypomina bohatera niekt\u00f3rych western\u00f3w \u2013 wszechw\u0142adnego ojca, kt\u00f3ry nie wierzy w dojrza\u0142o\u015b\u0107 syn\u00f3w, aby zarz\u0105dzali cho\u0107by cz\u0119\u015bci\u0105 rodzinnego rancza\u201d.<\/p>\n<p>Felieton Roberta Mazurka (pocz\u0105tkuj\u0105cy gryzo\u0144 z prawicy), kt\u00f3ry por\u00f3wnuje badania nad postaw\u0105 Jakubiak, do proces\u00f3w stalinowskich: \u201e\u2026podobne wady postawy dotyka\u0142y polityk\u00f3w komunistycznych. Padali wi\u0119c jak muchy na odchylenie lewicowe (Zinowiew, Kamieniew), prawicowe (Bucharin) czy wr\u0119cz prawicowo-nacjonalistyczne (Gomu\u0142ka, Spychalski)\u201d. Od leczenie odchyle\u0144 Jagoda i Je\u017cow tracili g\u0142owy. \u201eTak si\u0119 te\u017c mo\u017ce sko\u0144czy\u0107 wielka operacja zwierania szereg\u00f3w\u201d.<\/p>\n<p>Rysunek Andrzeja Krauze (tak\u017ce o prawicowych pogl\u0105dach), na kt\u00f3rym jeden jegomo\u015b\u0107 m\u00f3wi do drugiego: \u201eA ja widz\u0119 to, co mi powiedziano, \u017ce mam widzie\u0107\u201d, co w kontek\u015bcie wydarze\u0144 z ubieg\u0142ego tygodnia stanowi oczywist\u0105 aluzj\u0119. W sumie, chcia\u0142oby si\u0119 poprosi\u0107 redaktora naczelnego, Paw\u0142a Lisickiego: Szanowny Panie Redaktorze, lito\u015bci, do\u015b\u0107 tej brudnej kampanii oszczerstw wobec PiS, do\u015b\u0107 tej bezprzyk\u0142adnej, nikczemnej nagonki, stop furiackim atakom, koniec z obsesj\u0105 na punkcie prezesa, pora ko\u0144czy\u0107 z  histeri\u0105. Mo\u017ce warto zastanowi\u0107 si\u0119, jak wczorajsi sojusznicy PiS i jego prezesa, niezale\u017cni (?) dotychczas dziennikarze, przekszta\u0142cili si\u0119 w jego fanatycznych krytyk\u00f3w. Dlaczego tak p\u00f3\u017ano? Dlaczego akurat teraz? I mo\u017ce warto zwr\u00f3ci\u0107 honor tym, kt\u00f3rzy nie byli zachwyceni p\u0119pkiem \u015bwiata\u2026<\/p>\n<p><a href=\"\/wp-content\/uploads\/2010\/09\/passent-zaproszenie.jpg\"><img loading=\"lazy\" decoding=\"async\" class=\"alignleft size-full wp-image-750\" title=\"passent-zaproszenie\" src=\"\/wp-content\/uploads\/2010\/09\/passent-zaproszenie.jpg\" alt=\"Zaproszenie\" width=\"500\" height=\"256\" srcset=\"\/passent\/wp-content\/uploads\/2010\/09\/passent-zaproszenie.jpg 1000w, \/passent\/wp-content\/uploads\/2010\/09\/passent-zaproszenie-300x153.jpg 300w\" sizes=\"(max-width: 500px) 100vw, 500px\" \/><\/a><\/p>\n<p>\u015aPIOCH \u2013 Dzi\u0119kuje za ciekawy wpis o stosunku Jaros\u0142awa Kaczy\u0144skiego do niezale\u017cnych medi\u00f3w. To prawda, p. Poncyljusz trzy razy zapewnia\u0142 Jacka \u017bakowskiego, \u017ce prezes przyjdzie do Radia TOK FM \u2013 i figa z makiem.<\/p>\n<p>JERZY PIECZUL \u2013 Dzi\u0119kuj\u0119 za uwag\u0119 (i przytyk) na temat polszczyzny na blogu. Prosz\u0119 pisa\u0107 cz\u0119\u015bciej.<\/p>\n<p>ET \u2013 Wbrew sugestiom, czytam wszystkie wpisy, z wyj\u0105tkiem przypadk\u00f3w, kiedy kto\u015b wpisuje si\u0119 kilkana\u015bcie razy pod jednym postem, gdy\u017c nie s\u0105dz\u0119, \u017ceby za ka\u017cdym razem mia\u0142 co\u015b nowego do powiedzenia. Przypominam, \u017ce za wpisy antysemickie zosta\u0142 definitywnie usuni\u0119ty z tego bloga Lizak.<\/p>\n<p>TORLIN \u2013 Dzi\u0119kuj\u0119 za dobre s\u0142owo. Zaczepki ignoruj\u0119, poniewa\u017c uwa\u017cam, \u017ce nikt, \u017caden anonim w Internecie,   nie jest cz\u0142owiekowi w stanie  zaszkodzi\u0107 bardziej ni\u017c on sam.<br \/>\nPozdrawiam!<\/p>\n","protected":false},"excerpt":{"rendered":"<p>Legendarny jest tytu\u0142 z londy\u0144skiego The Times: \u201eBurza nad Kana\u0142em La Manche. Kontynent odci\u0119ty\u201d. Przypomnia\u0142em sobie o tym, czytaj\u0105c w \u201eRz.\u201d (10 IX) informacj\u0119 pt. \u201eStrategia PiS: odci\u0105\u0107 media od informacji\u201d Z notatki dowiadujemy si\u0119, \u017ce zdaniem prezesa Kaczy\u0144skiego media s\u0105 \u201esi\u0142\u0105, kt\u00f3ra ma rozbi\u0107 PiS\u201d. Informacje dla dziennikarzy o planach PiS maj\u0105 wi\u0119c od [&hellip;]<\/p>\n","protected":false},"author":4,"featured_media":0,"comment_status":"open","ping_status":"open","sticky":false,"template":"","format":"standard","meta":{"footnotes":""},"categories":[1],"tags":[],"_links":{"self":[{"href":"https:\/\/blog.polityka.pl\/passent\/wp-json\/wp\/v2\/posts\/749"}],"collection":[{"href":"https:\/\/blog.polityka.pl\/passent\/wp-json\/wp\/v2\/posts"}],"about":[{"href":"https:\/\/blog.polityka.pl\/passent\/wp-json\/wp\/v2\/types\/post"}],"author":[{"embeddable":true,"href":"https:\/\/blog.polityka.pl\/passent\/wp-json\/wp\/v2\/users\/4"}],"replies":[{"embeddable":true,"href":"https:\/\/blog.polityka.pl\/passent\/wp-json\/wp\/v2\/comments?post=749"}],"version-history":[{"count":0,"href":"https:\/\/blog.polityka.pl\/passent\/wp-json\/wp\/v2\/posts\/749\/revisions"}],"wp:attachment":[{"href":"https:\/\/blog.polityka.pl\/passent\/wp-json\/wp\/v2\/media?parent=749"}],"wp:term":[{"taxonomy":"category","embeddable":true,"href":"https:\/\/blog.polityka.pl\/passent\/wp-json\/wp\/v2\/categories?post=749"},{"taxonomy":"post_tag","embeddable":true,"href":"https:\/\/blog.polityka.pl\/passent\/wp-json\/wp\/v2\/tags?post=749"}],"curies":[{"name":"wp","href":"https:\/\/api.w.org\/{rel}","templated":true}]}}