
{"id":751,"date":"2010-09-15T14:25:59","date_gmt":"2010-09-15T12:25:59","guid":{"rendered":"http:\/\/passent.blog.polityka.pl\/?p=751"},"modified":"2010-09-16T11:04:49","modified_gmt":"2010-09-16T09:04:49","slug":"zeby-sekta-byla-sekta","status":"publish","type":"post","link":"https:\/\/blog.polityka.pl\/passent\/2010\/09\/15\/zeby-sekta-byla-sekta\/","title":{"rendered":"\u017beby sekta by\u0142a sekt\u0105"},"content":{"rendered":"<p>Rzadko to robi\u0119 na blogu, ale tym razem chc\u0119 si\u0119 wyr\u0119czy\u0107 innymi. Po co ja mam wymy\u015bla\u0107 proch, je\u017celi inni zrobi\u0105 to lepiej. Mam na my\u015bli znakomit\u0105 rozmow\u0119 Janiny Paradowskiej (gratuluj\u0119!) z prof. Normanem Daviesem, znanym historykiem, w najnowszej \u201ePolityce\u201d. Prawd\u0119 m\u00f3wi\u0105c, nie s\u0105dzi\u0142em, \u017ce rozmowa z Profesorem b\u0119dzie taka owocna \u2013 ale jest!<\/p>\n<p>Historia podpowiada \u2013 m\u00f3wi Davies &#8211; \u017ce retoryka takiego radykalnego ruchu jak PiS, kt\u00f3ry gwa\u0142townie obra\u017ca, insynuuje, obrzuca epitetami \u201eu\u017cywana jest zwykle w pocz\u0105tkowym etapie za\u0142o\u017conego planu, przed ostatecznym uderzeniem\u201d. Trzeba najpierw obrzydzi\u0107 istniej\u0105cy porz\u0105dek rzeczy, a potem przychodzi klasyczne uderzenie \u201ezwykle wojskiem lub prowokuj\u0105c zamieszki. Tymczasem w Polsce sytuacja jest absurdalna \u2013 mamy retoryk\u0119 (\u2026), ale samo uderzenie jest wi\u0119cej ni\u017c w\u0105tpliwe\u201d, ma\u0142o prawdopodobne.<\/p>\n<p>Czy jednak jest uderzenie jest niemo\u017cliwe? Tego Davies nie m\u00f3wi. \u201eJest przecie\u017c zwi\u0105zek Solidarno\u015b\u0107; widz\u0119 te\u017c niestety, \u017ce PiS wci\u0105ga do swych awantur Ko\u015bci\u00f3\u0142\u201d, a ten \u201epotrafi organizowa\u0107 wielkie marsze i pielgrzymki\u201d.<\/p>\n<p>Davies nazywa PiS \u201esekt\u0105\u201d, i m\u00f3wi: Ka\u017cdy ruch totalitarny czy autorytarny zaczyna si\u0119 od szukania drogi, \u201ekt\u00f3ra mo\u017ce doprowadzi\u0107 zdeterminowan\u0105 mniejszo\u015b\u0107 do w\u0142adzy\u201d, do nowego porz\u0105dku, jak cho\u0107by IV RP. \u201eKa\u017cdy taki ruch od pocz\u0105tku by\u0142 gotowy na przymus, gwa\u0142ty, boj\u00f3wki. Tego jeszcze nie mamy, ale istnieje presja, szanta\u017c, co pokazuje sprawa krzy\u017ca\u2026\u201d<\/p>\n<p>\u201eBy\u0142em zdumiony, m\u00f3wi Davies, jak szybko kierownictwo za\u0142atwi\u0142o pochowanie brata prezesa na Wawelu. (\u2026)Prezes by\u0142 politykiem, kt\u00f3ry ju\u017c w tamtym momencie klarownie my\u015bla\u0142, aby skorzysta\u0107 z katastrofy\u201d.<\/p>\n<p>Norman Davies nie ma z\u0142udze\u0144, co do Jaros\u0142awa Kaczy\u0144skiego. Wzi\u0119cie do koalicji rz\u0105dowej Leppera, \u201ea potem pr\u00f3ba zrobienia z niego kryminalisty, jest dzia\u0142aniem w najwy\u017cszym stopniu oportunistycznym w stylu gangsterskim\u201d.<\/p>\n<p>\u201eOn najwyra\u017aniej uwa\u017ca, \u017ce rzeczywi\u015bcie jest narodem i to w\u0142a\u015bnie znakomicie mie\u015bci si\u0119 w definicji sekty\u201d.<\/p>\n<p>\u201eDzisiaj wida\u0107 cyniczn\u0105 pr\u00f3b\u0119 przyw\u0142aszczenia sobie sztandaru Solidarno\u015bci przez jedn\u0105 parti\u0119, a w\u0142a\u015bciwie przez jednego egocentrycznego cz\u0142owieka. Potrzebny mu kult zmar\u0142ego brata, umieszczonego nie tylko na Wawelu, ale tak\u017ce na najbardziej znanym polskim sztandarze. Chodzi o to, aby sekta obok swojego przyw\u00f3dcy, proroka, mia\u0142a swoich bohater\u00f3w i \u015bwi\u0119tych\u201d.<\/p>\n<p>Wypisa\u0142em zaledwie kilka fragment\u00f3w z rozmowy, kt\u00f3r\u0105 polecam. Brzmi ona jak ostrze\u017cenie. Dobrze jest spojrze\u0107 na to co si\u0119 w Polsce dzieje oczyma kogo\u015b, kto zna histori\u0119, zna i lubi nasz kraj. Czytaj\u0105c t\u0119 rozmow\u0119, wielokrotnie chcia\u0142em powiedzie\u0107 \u201eYes! Yes! Yes!\u201d<\/p>\n<p><a href=\"\/wp-content\/uploads\/2010\/09\/fibaki450.jpg\"><img loading=\"lazy\" decoding=\"async\" class=\"aligncenter size-full wp-image-752\" title=\"fibaki450\" src=\"\/wp-content\/uploads\/2010\/09\/fibaki450.jpg\" alt=\"\" width=\"450\" height=\"264\" srcset=\"\/passent\/wp-content\/uploads\/2010\/09\/fibaki450.jpg 450w, \/passent\/wp-content\/uploads\/2010\/09\/fibaki450-300x176.jpg 300w\" sizes=\"(max-width: 450px) 100vw, 450px\" \/><\/a><\/p>\n<p style=\"text-align: center;\">***<\/p>\n<p><a href=\"\/wp-content\/uploads\/2010\/09\/osiecka450.jpg\"><img loading=\"lazy\" decoding=\"async\" class=\"aligncenter size-full wp-image-753\" title=\"osiecka450\" src=\"\/wp-content\/uploads\/2010\/09\/osiecka450.jpg\" alt=\"\" width=\"450\" height=\"546\" srcset=\"\/passent\/wp-content\/uploads\/2010\/09\/osiecka450.jpg 450w, \/passent\/wp-content\/uploads\/2010\/09\/osiecka450-247x300.jpg 247w\" sizes=\"(max-width: 450px) 100vw, 450px\" \/><\/a><\/p>\n","protected":false},"excerpt":{"rendered":"<p>Rzadko to robi\u0119 na blogu, ale tym razem chc\u0119 si\u0119 wyr\u0119czy\u0107 innymi. Po co ja mam wymy\u015bla\u0107 proch, je\u017celi inni zrobi\u0105 to lepiej. Mam na my\u015bli znakomit\u0105 rozmow\u0119 Janiny Paradowskiej (gratuluj\u0119!) z prof. Normanem Daviesem, znanym historykiem, w najnowszej \u201ePolityce\u201d. Prawd\u0119 m\u00f3wi\u0105c, nie s\u0105dzi\u0142em, \u017ce rozmowa z Profesorem b\u0119dzie taka owocna \u2013 ale jest! Historia [&hellip;]<\/p>\n","protected":false},"author":4,"featured_media":0,"comment_status":"open","ping_status":"open","sticky":false,"template":"","format":"standard","meta":{"footnotes":""},"categories":[1],"tags":[],"_links":{"self":[{"href":"https:\/\/blog.polityka.pl\/passent\/wp-json\/wp\/v2\/posts\/751"}],"collection":[{"href":"https:\/\/blog.polityka.pl\/passent\/wp-json\/wp\/v2\/posts"}],"about":[{"href":"https:\/\/blog.polityka.pl\/passent\/wp-json\/wp\/v2\/types\/post"}],"author":[{"embeddable":true,"href":"https:\/\/blog.polityka.pl\/passent\/wp-json\/wp\/v2\/users\/4"}],"replies":[{"embeddable":true,"href":"https:\/\/blog.polityka.pl\/passent\/wp-json\/wp\/v2\/comments?post=751"}],"version-history":[{"count":0,"href":"https:\/\/blog.polityka.pl\/passent\/wp-json\/wp\/v2\/posts\/751\/revisions"}],"wp:attachment":[{"href":"https:\/\/blog.polityka.pl\/passent\/wp-json\/wp\/v2\/media?parent=751"}],"wp:term":[{"taxonomy":"category","embeddable":true,"href":"https:\/\/blog.polityka.pl\/passent\/wp-json\/wp\/v2\/categories?post=751"},{"taxonomy":"post_tag","embeddable":true,"href":"https:\/\/blog.polityka.pl\/passent\/wp-json\/wp\/v2\/tags?post=751"}],"curies":[{"name":"wp","href":"https:\/\/api.w.org\/{rel}","templated":true}]}}