
{"id":754,"date":"2010-09-17T11:08:49","date_gmt":"2010-09-17T09:08:49","guid":{"rendered":"http:\/\/passent.blog.polityka.pl\/?p=754"},"modified":"2010-09-17T11:13:51","modified_gmt":"2010-09-17T09:13:51","slug":"nie-dajmy-sie-podpalic-pochodniami","status":"publish","type":"post","link":"https:\/\/blog.polityka.pl\/passent\/2010\/09\/17\/nie-dajmy-sie-podpalic-pochodniami\/","title":{"rendered":"Nie dajmy si\u0119 podpali\u0107 pochodniami"},"content":{"rendered":"<p><strong>Znasz-li ten kraj, kt\u00f3ry nie ma wi\u0119kszych zmartwie\u0144, ni\u017c to, \u017ce<\/strong>:<\/p>\n<ul>\n<li>Premier Tusk krzywo patrzy na marsza\u0142ka Schetyn\u0119.<\/li>\n<\/ul>\n<ul>\n<li>Nie wiadomo, co zrobi\u0107 z Ahmedem Zakajewem.<\/li>\n<\/ul>\n<ul>\n<li>Erika Steinbach krzywdzi nestora naszych polityk\u00f3w, W. Bartoszewskiego.<\/li>\n<\/ul>\n<ul>\n<li>Lider najwi\u0119kszej partii opozycyjnej postponuje pieszczoch\u00f3w swojego re\u017cimu, M. Migalskiego i E. Jakubiak.<\/li>\n<\/ul>\n<ul>\n<li>Lider partii rz\u0105dz\u0105cej przetrwa\u0142 swoich potencjalnych rywali: P\u0142a\u017cy\u0144skiego, Piskorskiego, Olechowskiego.<\/li>\n<\/ul>\n<ul>\n<li>Klasa polityczna nie ma wi\u0119kszych zmartwie\u0144 ni\u017c to, gdzie ma stan\u0105\u0107 krzy\u017c i pomnik.<\/li>\n<\/ul>\n<ul>\n<li>Prezydent ma zaszczyci\u0107 swoj\u0105 wizyt\u0105 Bruksel\u0119 czy Watykan, Berlin czy Waszyngton?<\/li>\n<\/ul>\n<ul>\n<li>Jeden koncern pa\u0144stwowy ma kupi\u0107 inny koncern pa\u0144stwowy \u2013 jak chce rz\u0105d, czy raczej nie \u2013 jak domagaj\u0105 si\u0119 libera\u0142owie?<\/li>\n<\/ul>\n<ul>\n<li>Czy pa\u0144stwowy bank powinien kupi\u0107 bank prywatny?<\/li>\n<\/ul>\n<ul>\n<li>Czy poprze\u0107 znakomitego burmistrza, na kt\u00f3rym ci\u0105\u017c\u0105 w\u0105tpliwe zarzuty?<\/li>\n<\/ul>\n<ul>\n<li>Czy Polsk\u0105 rz\u0105dzi gang przest\u0119pc\u00f3w i zdrajc\u00f3w, kt\u00f3rzy w porozumieniu z Rosj\u0105 zamordowali prezydenta i cz\u0119\u015b\u0107 elity politycznej i wojskowej kraju?<\/li>\n<\/ul>\n<p>Po wyborze 10 spraw, kt\u00f3re wstrz\u0105saj\u0105 Polsk\u0105, mo\u017cna odetchn\u0105\u0107 i podzi\u0119kowa\u0107 opatrzno\u015bci, \u017ce nie mamy wi\u0119kszych zmartwie\u0144. Nie mamy ogromnego bezrobocia, jak Hiszpania, nie mamy kl\u0119ski imigrant\u00f3w i wojny cywilizacji, jak Europa Zachodnia, nie mamy \u017cadnego powa\u017cnego zagro\u017cenia z zagranicy, nie mamy konfliktu rozdzieraj\u0105cego kraj, jak Belgia, nie mamy stagnacji gospodarczej ani galopuj\u0105cej inflacji, naprawd\u0119 nie mamy powodu, by skaka\u0107 sobie do oczu albo rwa\u0107 w\u0142osy z g\u0142owy.<\/p>\n<p>Oczywi\u015bcie, widzimy, \u017ce mamy rz\u0105d na \u201etu i teraz\u201d, cho\u0107 \u2013 przyznajmy &#8211; jest to w\u0142adza, kt\u00f3ra uchroni\u0142a kraj przed panowaniem prezesa Kaczy\u0144skiego, Macierewicza, Ziobry oraz im podobnych i nie chce im rz\u0105d\u00f3w odda\u0107, widzimy dysfunkcjonaln\u0105 s\u0142u\u017cb\u0119 zdrowia, strach przed pozbawianiem przywilej\u00f3w beneficjent\u00f3w KRUS czy niesprawiedliwego systemu emerytalnego, l\u0119k rz\u0105du przed przestrzeganiem Konkordatu i przed Ko\u015bcio\u0142em, ale powiedzmy sobie szczerze: Nie ma tragedii, krok po kroku sprawy zmierzaj\u0105 w dobrym kierunku, cho\u0107 mog\u0142yby szybciej. Zgadzam si\u0119 z tymi blogowiczami, kt\u00f3rzy jak OWL pytaj\u0105 czy b\u0119dziemy zawsze narodem wiecznych malkontent\u00f3w, lub jak LEWY POLAK uwa\u017caj\u0105, \u017ce \u201edyktator Donek radzi sobie w miar\u0119 zr\u0119cznie\u201d.<\/p>\n<p>Dlatego, nie rezygnuj\u0105c z aspiracji (jeszcze nigdy tak nie by\u0142o, \u017ceby lepiej by\u0107 nie mog\u0142o), nie tra\u0107my z pola widzenia, \u017ce Polska znajduje si\u0119 w sytuacji najlepszej od stuleci. Nie dajmy si\u0119 podpali\u0107 pochodniami.<\/p>\n<p><strong>A w sprawach, kt\u00f3re wymieni\u0142em jako nurtuj\u0105ce, uwa\u017cam, \u017ce<\/strong>:<\/p>\n<ul>\n<li>Stosunki Tusk \u2013 Schetyna s\u0105 mi oboj\u0119tne.<\/li>\n<\/ul>\n<ul>\n<li> Ahmeda Zakajewa nie wydawa\u0107 Rosjanom tylko Anglikom.<\/li>\n<\/ul>\n<ul>\n<li>Erika Steinbach nie dorasta Bartoszewskiemu do pi\u0119t i tak powinna by\u0107 traktowana.<\/li>\n<\/ul>\n<ul>\n<li> Los skrzywdzonych wyznawc\u00f3w prezesa, Migalskiego i Jakubiak, jest mi oboj\u0119tny.<\/li>\n<\/ul>\n<ul>\n<li> Los pp. Olechowskiego, Rokity, Piskorskiego \u2013 podobnie.<\/li>\n<\/ul>\n<ul>\n<li> Prezydent Komorowski dobrze zrobi\u0142 jad\u0105c do Brukseli, a nie do Watykanu.<\/li>\n<\/ul>\n<ul>\n<li> W sprawie koncernu pa\u0144stwowego przejmuj\u0105cego inny koncern \u2013 ka\u017cde rozwi\u0105zanie ma wady i zalety. Wa\u017cne, \u017ceby nie wyrzuca\u0107 prezesa urz\u0119du ochrony konsumenta i konkurencji, ale nie jest to koniec \u015bwiata.<\/li>\n<\/ul>\n<ul>\n<li> Platforma nie musi popiera\u0107 kandydatury Jacka Karnowskiego na burmistrza Sopotu, ale powinna da\u0107 swoim cz\u0142onkom woln\u0105 r\u0119k\u0119 w g\u0142osowaniu, \u017ceby mogli kierowa\u0107 si\u0119 zasad\u0105 domniemanej niewinno\u015bci.<\/li>\n<\/ul>\n<ul>\n<li> Tym, kt\u00f3rzy uwa\u017caj\u0105, \u017ce Polsk\u0105 rz\u0105dzi gang przest\u0119pc\u00f3w i zdrajc\u00f3w, nale\u017cy si\u0119 wsp\u00f3\u0142czucie i \u017cyczenia powrotu do zdrowia, \u017ceby razem z nami cieszy\u0107 si\u0119 z\u0142ot\u0105 polsk\u0105 jesieni\u0105.<\/li>\n<\/ul>\n<p>Nie dajmy si\u0119 zwariowa\u0107! Nie dajmy si\u0119 podpali\u0107 pochodniami.<\/p>\n<p style=\"text-align: center;\">***<\/p>\n<p><a href=\"\/wp-content\/uploads\/2010\/09\/fibaki450.jpg\"><img loading=\"lazy\" decoding=\"async\" class=\"aligncenter size-full wp-image-752\" title=\"fibaki450\" src=\"\/wp-content\/uploads\/2010\/09\/fibaki450.jpg\" alt=\"\" width=\"450\" height=\"264\" srcset=\"\/passent\/wp-content\/uploads\/2010\/09\/fibaki450.jpg 450w, \/passent\/wp-content\/uploads\/2010\/09\/fibaki450-300x176.jpg 300w\" sizes=\"(max-width: 450px) 100vw, 450px\" \/><\/a><\/p>\n<p style=\"text-align: center;\">***<\/p>\n<p><a href=\"\/wp-content\/uploads\/2010\/09\/osiecka450.jpg\"><img loading=\"lazy\" decoding=\"async\" class=\"aligncenter size-full wp-image-753\" title=\"osiecka450\" src=\"\/wp-content\/uploads\/2010\/09\/osiecka450.jpg\" alt=\"\" width=\"450\" height=\"546\" srcset=\"\/passent\/wp-content\/uploads\/2010\/09\/osiecka450.jpg 450w, \/passent\/wp-content\/uploads\/2010\/09\/osiecka450-247x300.jpg 247w\" sizes=\"(max-width: 450px) 100vw, 450px\" \/><\/a><\/p>\n","protected":false},"excerpt":{"rendered":"<p>Znasz-li ten kraj, kt\u00f3ry nie ma wi\u0119kszych zmartwie\u0144, ni\u017c to, \u017ce: Premier Tusk krzywo patrzy na marsza\u0142ka Schetyn\u0119. Nie wiadomo, co zrobi\u0107 z Ahmedem Zakajewem. Erika Steinbach krzywdzi nestora naszych polityk\u00f3w, W. Bartoszewskiego. Lider najwi\u0119kszej partii opozycyjnej postponuje pieszczoch\u00f3w swojego re\u017cimu, M. Migalskiego i E. Jakubiak. Lider partii rz\u0105dz\u0105cej przetrwa\u0142 swoich potencjalnych rywali: P\u0142a\u017cy\u0144skiego, Piskorskiego, [&hellip;]<\/p>\n","protected":false},"author":4,"featured_media":0,"comment_status":"open","ping_status":"open","sticky":false,"template":"","format":"standard","meta":{"footnotes":""},"categories":[1],"tags":[],"_links":{"self":[{"href":"https:\/\/blog.polityka.pl\/passent\/wp-json\/wp\/v2\/posts\/754"}],"collection":[{"href":"https:\/\/blog.polityka.pl\/passent\/wp-json\/wp\/v2\/posts"}],"about":[{"href":"https:\/\/blog.polityka.pl\/passent\/wp-json\/wp\/v2\/types\/post"}],"author":[{"embeddable":true,"href":"https:\/\/blog.polityka.pl\/passent\/wp-json\/wp\/v2\/users\/4"}],"replies":[{"embeddable":true,"href":"https:\/\/blog.polityka.pl\/passent\/wp-json\/wp\/v2\/comments?post=754"}],"version-history":[{"count":0,"href":"https:\/\/blog.polityka.pl\/passent\/wp-json\/wp\/v2\/posts\/754\/revisions"}],"wp:attachment":[{"href":"https:\/\/blog.polityka.pl\/passent\/wp-json\/wp\/v2\/media?parent=754"}],"wp:term":[{"taxonomy":"category","embeddable":true,"href":"https:\/\/blog.polityka.pl\/passent\/wp-json\/wp\/v2\/categories?post=754"},{"taxonomy":"post_tag","embeddable":true,"href":"https:\/\/blog.polityka.pl\/passent\/wp-json\/wp\/v2\/tags?post=754"}],"curies":[{"name":"wp","href":"https:\/\/api.w.org\/{rel}","templated":true}]}}