
{"id":755,"date":"2010-09-19T18:55:37","date_gmt":"2010-09-19T16:55:37","guid":{"rendered":"http:\/\/passent.blog.polityka.pl\/?p=755"},"modified":"2010-09-21T21:49:47","modified_gmt":"2010-09-21T19:49:47","slug":"amen-w-pacierzu-2","status":"publish","type":"post","link":"https:\/\/blog.polityka.pl\/passent\/2010\/09\/19\/amen-w-pacierzu-2\/","title":{"rendered":"Amen w pacierzu"},"content":{"rendered":"<p>Takiej \u201enagonki\u201d na Ko\u015bci\u00f3\u0142 nie by\u0142o ju\u017c od wielu dziesi\u0119cioleci, o ile mnie pami\u0119\u0107 nie myli \u2013 od czasu listu biskup\u00f3w do ich braci niemieckich, i od roku 1966, tj. od tysi\u0105clecia chrztu, kiedy czerwoni i czarni, Gomu\u0142ka i Wyszy\u0144ski, walczyli o rz\u0105d dusz. Potem nast\u0105pi\u0142a post\u0119puj\u0105ca korozja systemu, a Ko\u015bci\u00f3\u0142 cieszy\u0142 si\u0119 coraz wi\u0119ksz\u0105 wolno\u015bci\u0105, si\u0142\u0105 i dostatkiem. Wiele z tego skonsumowa\u0142 po upadku komunizmu, w konkordacie i w praktyce, kt\u00f3ra trwa do dzi\u015b.<\/p>\n<p>Ale sukces Ko\u015bcio\u0142a zacz\u0105\u0142 si\u0119 obraca\u0107 przeciwko niemu i dzi\u015b ju\u017c ur\u0105ganie na Ko\u015bci\u00f3\u0142 staje si\u0119 coraz bardziej rozpowszechnione. Dwa lata temu (XII\/2008) zwr\u00f3ci\u0142em uwag\u0119 na ankiet\u0119 \u201eB\u00f3g i Rozum\u201d w pi\u015bmie \u201eEuropa\u201d &#8211; dodatku \u201eDziennika\u201d, kt\u00f3ry dzi\u015b ju\u017c nie istnieje. Nie \u015bledz\u0119 spraw ko\u015bcielnych na co dzie\u0144, ale uderzy\u0142a mnie \u015bmia\u0142o\u015b\u0107 i ostro\u015b\u0107 krytyki Ko\u015bcio\u0142a. Prof. Marcin Kr\u00f3l pisa\u0142, \u017ce w Polsce obserwujemy \u201enies\u0142ychany upadek\u201d cn\u00f3t opartych na religii, \u201epod\u0142o\u015b\u0107 wida\u0107 tak\u017ce w episkopacie\u201d, \u201enisko\u015b\u0107 zachowa\u0144 biskup\u00f3w jest uderzaj\u0105ca\u201d, \u201eKo\u015bci\u00f3\u0142 w Polsce straci\u0142 cnot\u0119\u201d, \u201enie ma \u017cadnych racjonalnych powod\u00f3w, by szanowa\u0107 episkopat\u201d, o Glempie \u201ewol\u0119 si\u0119 nie wypowiada\u0107\u201d, trwa \u201edegeneracja Ko\u015bcio\u0142a\u201d, \u201edramatyczny spadek powo\u0142a\u0144\u201d, K. \u201ejest czym\u015b, co doskonale symbolizuje Polsk\u0119 zdziecinnia\u0142\u0105, , panuje \u201esekularyzacja, kt\u00f3r\u0105 Ko\u015bci\u00f3\u0142 zafundowa\u0142 sobie sam\u201d.<\/p>\n<p>Nie mniej surowy by\u0142 profesor Bronis\u0142aw \u0141agowski, lewicowo-konserwatywny libera\u0142: \u201ePolityczny katolicyzm, kt\u00f3ry funkcjonuje obecnie, wydaje mi si\u0119 jednak skrajnie nie na czasie. Jest g\u0142upi i szkodliwy\u201d. KK \u201esta\u0142 si\u0119 pot\u0119g\u0105, kt\u00f3ra nie zadawala si\u0119 niczym i korzysta z koniunktury politycznej, aby odzyskiwa\u0107 dobra materialne. Czyni to bez \u017cadnych hamulc\u00f3w, dokonuj\u0105c ra\u017c\u0105cych nadu\u017cy\u0107\u201d. \u0141agowski opisuje panuj\u0105c\u0105 w Polsce mieszank\u0119 religii i politycznego cynizmu, hierarchowie, politycy i dziennikarze demonstruj\u0105 swoj\u0105 religijno\u015b\u0107 i zaanga\u017cowanie w sprawy Ko\u015bcio\u0142a \u201ez niebywa\u0142ym cynizmem\u201d. Wszystkie telewizje sta\u0142y si\u0119 tub\u0105 Ko\u015bcio\u0142a, liczy si\u0119 z nim Sejm, nie ma ju\u017c uroczysto\u015bci akademickich (i &#8211; dodajmy \u2013 szkolnych) bez mszy, przy r\u00f3\u017cnych uroczysto\u015bciach, jak np rocznic dotycz\u0105cych papie\u017ca, organizuje si\u0119 \u201ezbiorowy ob\u0142\u0119d religijno-moralny\u201d.<\/p>\n<p>Wszystko to by\u0142o pisane zaledwie dwa lata temu, a od tamtego czasu sprawy zasz\u0142y dalej: duchowie\u0144stwo, jawnie anga\u017cuj\u0105c si\u0119 w polityk\u0119, popar\u0142o PiS i jego prezesa, kardyna\u0142 Dziwisz pospiesznie o gorliwie otworzy\u0142 Wawel przed tragicznie zmar\u0142\u0105 par\u0105 prezydenck\u0105, w stolicy odby\u0142 si\u0119 taniec wok\u00f3\u0142 krzy\u017ca, kt\u00f3rego wszyscy bali si\u0119 tkn\u0105\u0107, a\u017c dosz\u0142o do tego, \u017ce prezydent RP zosta\u0142 z nim sam na sam. Nast\u0119puje dalszy spadek szacunku dla Ko\u015bcio\u0142a instytucjonalnego. Kiedy przegl\u0105dam bie\u017c\u0105cy numer tygodnika \u201eWprost\u201d, kt\u00f3ry energicznie zabiega o pozyskanie, a nie o odpychanie, czytelnik\u00f3w, to mam wra\u017cenie, \u017ce czytam nie tylko wywiad z Jerzy Urbanem, ale wr\u0119cz tygodnik \u201eNie\u201d. Magdalena \u015aroda, w \u015bwietnym felietonie \u201ePZU u Maryi\u201d, rozprawia si\u0119 ze zwyczajem pielgrzymek \u015brodowisk zawodowych: policjant\u00f3w, celnik\u00f3w, prokurator\u00f3w, a w tym wypadku pielgrzymki pracownik\u00f3w PZU (z prezesem!) do Cz\u0119stochowy. Porusza\u0142em ju\u017c ten temat na blogu, \u017ce ka\u017cdy na szcz\u0119\u015bcie ma prawo pielgrzymowa\u0107, ale prywatnie, a nie jako policja czy inna instytucja pa\u0144stwowa. \u201eMoje zaufanie do PZU zmniejsza\u0142o si\u0119 wprost proporcjonalnie do ilo\u015bci zdrowasiek odmawianych przez jego prominentnych szef\u00f3w w\u0119druj\u0105cych do Dziewicy \u2013 pisze prof. \u015aroda. Je\u015bli s\u0105 tak religijni, to w\u0142a\u015bciwie po co im takie oprocentowanie us\u0142ug i takie pensje?\u201d<\/p>\n<p>S\u0105dzi\u0142em, \u017ce \u201eodp\u00f3r\u201d na herezje lewicowej autorki znajd\u0119 na s\u0105siedniej stronie, w felietonie prof. Marcina Kr\u00f3la. Ale gdzie tam! Autor pisze o \u201ekatastrofie polskiego Ko\u015bcio\u0142a\u201d, jego stan duchowo-intelektualne jest  fatalny\u201d, duchowni \u201eboj\u0105 si\u0119 rozumu jak diabe\u0142 \u015bwi\u0119conej wody\u201d, awansuj\u0105 miernoty, nie s\u0105 w stanie ukr\u00f3ci\u0107 imperium ojca Rydzyka, \u201ejawnie siej\u0105cego zgorszenie\u201d, nadzieja na popraw\u0119 jest nik\u0142a i mo\u017ce si\u0119 ewentualnie spe\u0142ni\u0107 po kilku dekadach.<\/p>\n<p>Na tym tle, to co ma do powiedzenia na ten temat Urban, jest bardzo \u0142agodne i dyplomatyczne. Wojn\u0119 polsko-polsk\u0105, m\u00f3wi, trzeba podjudza\u0107, poniewa\u017c \u201esi\u0142y wiary katolickiej , si\u0142y tradycjonalnie narodowe, w tej wojnie przegrywaj\u0105\u201d.<\/p>\n<p>Nigdy nie s\u0105dzi\u0142em, \u017ce Marcin Kr\u00f3l i Jerzy Urban b\u0119d\u0105 \u015bpiewa\u0107 w tym samym ch\u00f3rze antyko\u015bcielnym. I obaj maj\u0105 racj\u0119. Samodestrukcja Ko\u015bcio\u0142a jest tak widoczna, \u017ce coraz wi\u0119cej os\u00f3b widzi w nim imperium z\u0142a. Kiedy np. matka przychodzi do publicznej szko\u0142y podstawowej na pierwsz\u0105 w tym roku wywiad\u00f3wk\u0119, wchodzi do klasy i jako pierwsza osob\u0119 w klasie widzi ksi\u0119dza, kt\u00f3ry przemawia na temat komunii, to ma prawo by\u0107 zdziwiona gdzie ona jest \u2013 w szkole czy w Ko\u015bciele. Ko\u015bci\u00f3\u0142 w Polsce jest pot\u0119g\u0105 i filarem bez kt\u00f3rego nie spos\u00f3b wyobrazi\u0107 sobie naszego narodu i naszego kraju. Ale teraz prze\u017cywa z\u0142y okres, to pewne, jak amen w pacierzu.<\/p>\n<p style=\"text-align: center;\">***<\/p>\n<p><a href=\"\/wp-content\/uploads\/2010\/09\/image001.jpg\"><img loading=\"lazy\" decoding=\"async\" class=\"alignleft size-full wp-image-756\" title=\"image001\" src=\"\/wp-content\/uploads\/2010\/09\/image001.jpg\" alt=\"\" width=\"153\" height=\"276\" \/><\/a><strong>29.09.2010- 4.10.2010 Festiwal \u201ePami\u0119tajmy o Osieckiej\u201c<\/strong><\/p>\n<p>Program, sk\u0142ad Jury, informacje o artystach, patronach, sponsorach<\/p>\n<p>Drodzy Przyjaciele Agnieszki Osieckiej i szlachetnej polskiej piosenki,<br \/>\nFundacja Okularnicy im. Agnieszki Osieckiej, organizatotor Festiwalu \u201ePami\u0119tajmy o Osieckiej\u201c serdecznie zaprasza na kolejn\u0105 edycj\u0119 tego wydarzenia. Koncerty b\u0119d\u0105 odbywa\u0142y si\u0119 w Warszawie w dniach 29 wrze\u015bnia &#8211; 4 pa\u017adziernika br.<\/p>\n<p>Nasz Festiwal jest kameraln\u0105 imprez\u0105, podczas kt\u00f3rej b\u0119dzie mo\u017cna pos\u0142ucha\u0107 wielkich polskich piosenek autorstwa Mistrz\u00f3w gatunku w wykonaniu kilku pokole\u0144 wokalist\u00f3w. Tych znanych i tych w\u0142a\u015bnie u nas debiutuj\u0105cych.<\/p>\n<p>Gramy dla publiczno\u015bci w ka\u017cdym wieku i wierzymy w s\u0142owa naszej Patronki, kt\u00f3ra mawia\u0142a i\u017c \u201eWszystko da si\u0119 wyrazi\u0107 w piosence\u201c.<\/p>\n<p><strong>Program Festiwalu<\/strong><\/p>\n<p>(bilety dost\u0119pne w kasach Och-teatru w Warszawie)<\/p>\n<p><strong>29 wrze\u015bnia godzina 19:00 <\/strong>koncert \u201eOsiecka Kaczmarski Tuwim\u201c.<\/p>\n<p>W Och-teatrze w Warszawie wyst\u0105pi norwesko-polski zesp\u00f3\u0142 Karuzela Group. Warszawska premiera koncertu! Ostatnia szansa przed wyjazdem zespo\u0142u na tournee po Norwegii. Wi\u0119cej o sk\u0142adzie zespo\u0142u i pliki MP3 do ods\u0142uchania na www.karuzelagroup.com<\/p>\n<p><strong>2 pa\u017adziernika godzina 20:00<\/strong> Staszek Soyka z zespo\u0142em w Och-teatrze.<\/p>\n<p>Zesp\u00f3\u0142 zagra piosenki z nowej p\u0142yty pt.: \u201cTylko bra\u0107\u201c . Niespodzianka: Staszek Soyka skomponowa\u0142 muzyk\u0119 do tekst\u00f3w Osieckiej, kt\u00f3re wcze\u015bniej nie mia\u0142y muzyki.<\/p>\n<p><strong>3 pa\u017adziernika godzina 20:00 <\/strong> Studio im. Agnieszki Osieckiej w Radiowej Tr\u00f3jce.<\/p>\n<p>Ten wiecz\u00f3r nale\u017cy do Laureat\u00f3w 13. Edycji Konkursu Wokalnego \u201ePami\u0119tajmy o Osieckiej\u201c. Laureaci \u015bpiewaj\u0105 dla Pa\u0144stwa i dla Jury w sk\u0142adzie: Marek Nied\u017awiecki, W\u0142odek Pawlik, Maciej Englert, Magda Umer, Staszek Soyka. Laureatom towarzyszy Septet Kameleon pod kierunkiem Hadriana Tab\u0119ckiego.<\/p>\n<p><strong>4 pa\u017adziernika <\/strong>Koncert Galowy Festiwalu godzina 19:00 w Och-teatrze.<\/p>\n<p>Cz\u0119\u015b\u0107 I: Koncert Laureat\u00f3w i wr\u0119czenie nagr\u00f3d finansowych oraz rzeczowych.<\/p>\n<p>Cz\u0119\u015b\u0107 II: Koncert Gwiazdy<\/p>\n<p>Go\u015bciem specjalnym koncertu b\u0119dzie w tym roku Katarzyna D\u0105browska z kwartetem Jana Smoczy\u0144skiego. Katarzyna jest laureatk\u0105 konkursu \u201aPami\u0119tajmy o Osieckiej\u201c z 2006 r. Na zaproszenie Okularnik\u00f3w przygotowa\u0142a wybrane przez siebie utwory Agnieszki Osieckiej. W latach ubieg\u0142ych w ramach Gali swoje wykonania piosenek Poetki realizowali m.in. zesp\u00f3\u0142 Raz Dwa Trzy, Anna Serafi\u0144ska, Katarzyna Nosowska i Staszek Soyka. Po koncercie zapraszamy wszystkich go\u015bci na szlaneczk\u0119 Ballentines!<\/p>\n<p>Statuetka\u2014Autograf<\/p>\n<p>Po dwunastu latach Okularnicy wreszcie b\u0119d\u0105 mogli pr\u00f3cz nagr\u00f3d rzeczowych i finansowych obdarowa\u0107 Laureata pierwszej nagrody pi\u0119kn\u0105 statuetk\u0105 w formie Autografu Agnieszki Osieckiej. Firma Apart pomog\u0142a nam zrealizowa\u0107 ten pomys\u0142.<\/p>\n<p><strong>Patronat Honorowy Konkursu<\/strong>:<\/p>\n<p>Prezydent m.st. Warszawy Hanna Gronkiewicz-Waltz<\/p>\n<p>Minister Kultury i Dziedzictwa Narodowego Bogdan Zdrojewski<\/p>\n<p>Patronat Honorowy Koncertu Galowego:<\/p>\n<p>Ma\u0142\u017conka Prezydenta RP Pani Anna Komorowska<\/p>\n<p><strong>Patronem medialnym<\/strong> jest m.in. tygodnik POLITYKA.<\/p>\n","protected":false},"excerpt":{"rendered":"<p>Takiej \u201enagonki\u201d na Ko\u015bci\u00f3\u0142 nie by\u0142o ju\u017c od wielu dziesi\u0119cioleci, o ile mnie pami\u0119\u0107 nie myli \u2013 od czasu listu biskup\u00f3w do ich braci niemieckich, i od roku 1966, tj. od tysi\u0105clecia chrztu, kiedy czerwoni i czarni, Gomu\u0142ka i Wyszy\u0144ski, walczyli o rz\u0105d dusz. Potem nast\u0105pi\u0142a post\u0119puj\u0105ca korozja systemu, a Ko\u015bci\u00f3\u0142 cieszy\u0142 si\u0119 coraz wi\u0119ksz\u0105 [&hellip;]<\/p>\n","protected":false},"author":4,"featured_media":0,"comment_status":"open","ping_status":"open","sticky":false,"template":"","format":"standard","meta":{"footnotes":""},"categories":[1],"tags":[],"_links":{"self":[{"href":"https:\/\/blog.polityka.pl\/passent\/wp-json\/wp\/v2\/posts\/755"}],"collection":[{"href":"https:\/\/blog.polityka.pl\/passent\/wp-json\/wp\/v2\/posts"}],"about":[{"href":"https:\/\/blog.polityka.pl\/passent\/wp-json\/wp\/v2\/types\/post"}],"author":[{"embeddable":true,"href":"https:\/\/blog.polityka.pl\/passent\/wp-json\/wp\/v2\/users\/4"}],"replies":[{"embeddable":true,"href":"https:\/\/blog.polityka.pl\/passent\/wp-json\/wp\/v2\/comments?post=755"}],"version-history":[{"count":0,"href":"https:\/\/blog.polityka.pl\/passent\/wp-json\/wp\/v2\/posts\/755\/revisions"}],"wp:attachment":[{"href":"https:\/\/blog.polityka.pl\/passent\/wp-json\/wp\/v2\/media?parent=755"}],"wp:term":[{"taxonomy":"category","embeddable":true,"href":"https:\/\/blog.polityka.pl\/passent\/wp-json\/wp\/v2\/categories?post=755"},{"taxonomy":"post_tag","embeddable":true,"href":"https:\/\/blog.polityka.pl\/passent\/wp-json\/wp\/v2\/tags?post=755"}],"curies":[{"name":"wp","href":"https:\/\/api.w.org\/{rel}","templated":true}]}}